{"id":128378,"date":"2018-02-14T20:58:41","date_gmt":"2018-02-14T22:58:41","guid":{"rendered":"http:\/\/aconteceunovale.com.br\/portal\/?p=128378"},"modified":"2018-02-14T20:58:41","modified_gmt":"2018-02-14T22:58:41","slug":"menino-de-12-anos-desaparece-nas-aguas-do-rio-sao-francisco-em-sao-francisco","status":"publish","type":"post","link":"https:\/\/aconteceunovale.com.br\/portal\/?p=128378","title":{"rendered":"Menino de 12 anos desaparece nas \u00e1guas do Rio S\u00e3o Francisco, em S\u00e3o Francisco"},"content":{"rendered":"<p>Militares do Corpo de Bombeiros de Janu\u00e1ria continuam as buscas pelo menino de 12 anos que se afogou em S\u00e3o Francisco, na \u00faltima segunda-feira (12\/02\/2018). Ontem, os bombeiros fizeram buscas submersas pr\u00f3ximo ao local onde a v\u00edtima foi vista pela \u00faltima vez no Rio S\u00e3o Francisco e, tamb\u00e9m, utilizaram um barco para ampliar a regi\u00e3o da procura. Foram percorridos 50 quil\u00f4metros em dez horas de servi\u00e7o.<\/p>\n<p>&#8220;O local \u00e9 de correnteza. Ent\u00e3o, h\u00e1 uma certa dificuldade. Com o barco, margeamos o rio e descemos aproximadamente 25 km. O mesmo percurso foi feito na volta&#8221;, explicou o sargento, Eurigo Antunes de Souza.<\/p>\n<p>Familiares disseram aos bombeiros que o menino, identificado pelas iniciais M.S.S, brincava com o irm\u00e3o quando os dois se afogaram. Ainda de acordo com a corpora\u00e7\u00e3o, um deles conseguiu sair do rio. Uma equipe dos bombeiros chegou ao local, \u00e0s 7h desta quarta-feira (14), para dar continuidade \u00e0s buscas.<\/p>\n<p><img decoding=\"async\" src=\"http:\/\/aconteceunovale.com.br\/portal\/wp-content\/uploads\/2018\/02\/afogamento_sf_1.jpg\" alt=\"\" \/><em>Militares do Corpo de Bombeiros de Janu\u00e1ria fizeram buscas pela v\u00edtima por dez horas, na ter\u00e7a-feira (13), em S\u00e3o Francisco (Foto: Corpo de Bombeiros\/Divulga\u00e7\u00e3o)<\/em><br \/>\n<\/br><\/p>\n<p><img decoding=\"async\" src=\"http:\/\/aconteceunovale.com.br\/portal\/wp-content\/uploads\/2018\/02\/afogamento_sf_2.jpg\" alt=\"\" \/><em>Bombeiros utilizam um barco para ampliar a regi\u00e3o de buscas (Foto: Corpo de Bombeiros\/ Divulga\u00e7\u00e3o)<\/em><br \/>\n<\/br><\/p>\n<p><strong>VER PRIMEIRO<\/strong><\/p>\n<p>Receba as not\u00edcias do Aconteceu no Vale em primeira m\u00e3o. Clique em curtir no endere\u00e7o <a href=\"https:\/\/www.facebook.com\/aconteceunovale\" target=\"_blank\"><font color=\"red\">www.facebook.com\/aconteceunovale<\/font><\/a> ou no box abaixo:<\/p>\n<div class=\"fb-like\" data-href=\"https:\/\/www.facebook.com\/aconteceunovale\" data-width=\"120\" data-layout=\"standard\" data-action=\"like\" data-size=\"small\" data-show-faces=\"true\" data-share=\"true\"><\/div>\n<p><\/br><\/p>\n<p><em>(Com informa\u00e7\u00f5es do G1 Grande Minas)<\/em><\/p>\n","protected":false},"excerpt":{"rendered":"<p>Militares do Corpo de Bombeiros de Janu\u00e1ria continuam as buscas pelo menino de 12 anos que se afogou em S\u00e3o Francisco, na \u00faltima segunda-feira (12\/02\/2018). Ontem, os bombeiros fizeram buscas submersas pr\u00f3ximo ao local onde a v\u00edtima foi vista pela \u00faltima vez no Rio S\u00e3o Francisco e, tamb\u00e9m, utilizaram um barco para ampliar a regi\u00e3o [&hellip;]<\/p>\n","protected":false},"author":1,"featured_media":128380,"comment_status":"open","ping_status":"closed","sticky":false,"template":"","format":"standard","meta":{"amp_status":"","footnotes":""},"categories":[1236],"tags":[169174,169173,58779,169175,169177,205,169176,169178,6330,1522],"class_list":["post-128378","post","type-post","status-publish","format-standard","has-post-thumbnail","hentry","category-norte_de_minas","tag-afogado-em-sao-francisco","tag-afogamento-em-sao-francisco","tag-bombeiros-de-januaria","tag-corpo-de-bombeiros-de-januaria","tag-em-sao-francisco","tag-januaria","tag-menino-de-12-anos-desaparece-nas-aguas-do-rio-sao-francisco","tag-menino-de-12-anos-desaparece-nas-aguas-do-rio-sao-francisco-em-sao-francisco","tag-rio-sao-francisco","tag-sao-francisco"],"_links":{"self":[{"href":"https:\/\/aconteceunovale.com.br\/portal\/index.php?rest_route=\/wp\/v2\/posts\/128378","targetHints":{"allow":["GET"]}}],"collection":[{"href":"https:\/\/aconteceunovale.com.br\/portal\/index.php?rest_route=\/wp\/v2\/posts"}],"about":[{"href":"https:\/\/aconteceunovale.com.br\/portal\/index.php?rest_route=\/wp\/v2\/types\/post"}],"author":[{"embeddable":true,"href":"https:\/\/aconteceunovale.com.br\/portal\/index.php?rest_route=\/wp\/v2\/users\/1"}],"replies":[{"embeddable":true,"href":"https:\/\/aconteceunovale.com.br\/portal\/index.php?rest_route=%2Fwp%2Fv2%2Fcomments&post=128378"}],"version-history":[{"count":0,"href":"https:\/\/aconteceunovale.com.br\/portal\/index.php?rest_route=\/wp\/v2\/posts\/128378\/revisions"}],"wp:featuredmedia":[{"embeddable":true,"href":"https:\/\/aconteceunovale.com.br\/portal\/index.php?rest_route=\/wp\/v2\/media\/128380"}],"wp:attachment":[{"href":"https:\/\/aconteceunovale.com.br\/portal\/index.php?rest_route=%2Fwp%2Fv2%2Fmedia&parent=128378"}],"wp:term":[{"taxonomy":"category","embeddable":true,"href":"https:\/\/aconteceunovale.com.br\/portal\/index.php?rest_route=%2Fwp%2Fv2%2Fcategories&post=128378"},{"taxonomy":"post_tag","embeddable":true,"href":"https:\/\/aconteceunovale.com.br\/portal\/index.php?rest_route=%2Fwp%2Fv2%2Ftags&post=128378"}],"curies":[{"name":"wp","href":"https:\/\/api.w.org\/{rel}","templated":true}]}}