{"id":12824,"date":"2013-11-01T14:51:50","date_gmt":"2013-11-01T14:51:50","guid":{"rendered":"http:\/\/aconteceunovale.com.br\/portal\/?p=12824"},"modified":"2013-11-01T14:51:50","modified_gmt":"2013-11-01T14:51:50","slug":"faltosos-no-enem-terao-de-se-justificar-ao-mec","status":"publish","type":"post","link":"https:\/\/aconteceunovale.com.br\/portal\/?p=12824","title":{"rendered":"Faltosos no Enem ter\u00e3o de se justificar ao MEC"},"content":{"rendered":"<p>Nas contas do Instituto Nacional de Ensino e Pesquisas An\u00edsio Teixeira (Inep), \u00f3rg\u00e3o ligado ao Minist\u00e9rio da Educa\u00e7\u00e3o (MEC) e respons\u00e1vel pelo processo, o preju\u00edzo com os ausentes gira em torno de R$ 60 milh\u00f5es. O valor gasto e o n\u00famero de absten\u00e7\u00f5es foram t\u00e3o altos nesta edi\u00e7\u00e3o que, diante do preju\u00edzo, o Inep come\u00e7a em dezembro a questionar os alunos. Quer saber o motivo das faltas.<\/p>\n<p>A justificativa do presidente do Inep, Luiz Cl\u00e1udio Costa, \u00e9 que fazer a inscri\u00e7\u00e3o e n\u00e3o aparecer para fazer a prova implica gastos p\u00fablicos desnecess\u00e1rios. As perguntas para identificar as raz\u00f5es para o alto \u00edndice de absten\u00e7\u00f5es est\u00e3o sendo elaboradas. A meta \u00e9 investigar se o aluno n\u00e3o conseguiu chegar a tempo, se desistiu, quando decidiu n\u00e3o comparecer \u00e0 prova, o perfil, a idade e se cursa o ensino m\u00e9dio.<\/p>\n<p>O question\u00e1rio ser\u00e1 enviado pelo e-mail cadastrado pelos candidatos no ato da inscri\u00e7\u00e3o e o Inep espera ter pelo menos uma amostragem do que ocorreu.A expectativa \u00e9 de que em fevereiro j\u00e1 se tenha acesso \u00e0s respostas, para an\u00e1lise.<\/p>\n<p>Diante dos resultados, segundo Luiz Cl\u00e1udio, o Inep vai estudar medidas at\u00e9 o in\u00edcio das inscri\u00e7\u00f5es da pr\u00f3xima edi\u00e7\u00e3o do Enem, em abril ou maio, para evitar que o alto \u00edndice de aus\u00eancias se repita. Segundo ele, algo deve ser feito antes de as provas serem impressas, em julho.<\/p>\n<p>Luiz Cl\u00e1udio alertou que o Inep estuda punir, principalmente, aquele aluno que se inscreve em v\u00e1rias edi\u00e7\u00f5es seguidas e n\u00e3o comparece. Pode ser a cobran\u00e7a da taxa em dobro ou proibi\u00e7\u00e3o de participar das edi\u00e7\u00f5es futuras, mas qualquer san\u00e7\u00e3o depende de uma legisla\u00e7\u00e3o espec\u00edfica.<\/p>\n<p>Neste ano, a taxa de absten\u00e7\u00e3o chegou a 29%, a maior desde que o Enem foi reformulado, em 2009 \u2013 no ano passado foi 27,9% e, em 2011, de 26,4%. Quem teve isen\u00e7\u00e3o da taxa, 73,1% dos candidatos, tamb\u00e9m pode ser punido. Eles deixaram de pagar R$ 35 de inscri\u00e7\u00e3o.<\/p>\n<p>Fonte: Portal UAI<\/p>\n","protected":false},"excerpt":{"rendered":"<p>Nas contas do Instituto Nacional de Ensino e Pesquisas An\u00edsio Teixeira (Inep), \u00f3rg\u00e3o ligado ao Minist\u00e9rio da Educa\u00e7\u00e3o (MEC) e respons\u00e1vel pelo processo, o preju\u00edzo com os ausentes gira em torno de R$ 60 milh\u00f5es. O valor gasto e o n\u00famero de absten\u00e7\u00f5es foram t\u00e3o altos nesta edi\u00e7\u00e3o que, diante do preju\u00edzo, o Inep come\u00e7a [&hellip;]<\/p>\n","protected":false},"author":1,"featured_media":12483,"comment_status":"open","ping_status":"open","sticky":false,"template":"","format":"standard","meta":{"amp_status":"","footnotes":""},"categories":[123],"tags":[402],"class_list":["post-12824","post","type-post","status-publish","format-standard","has-post-thumbnail","hentry","category-gerais","tag-enem-2013"],"_links":{"self":[{"href":"https:\/\/aconteceunovale.com.br\/portal\/index.php?rest_route=\/wp\/v2\/posts\/12824","targetHints":{"allow":["GET"]}}],"collection":[{"href":"https:\/\/aconteceunovale.com.br\/portal\/index.php?rest_route=\/wp\/v2\/posts"}],"about":[{"href":"https:\/\/aconteceunovale.com.br\/portal\/index.php?rest_route=\/wp\/v2\/types\/post"}],"author":[{"embeddable":true,"href":"https:\/\/aconteceunovale.com.br\/portal\/index.php?rest_route=\/wp\/v2\/users\/1"}],"replies":[{"embeddable":true,"href":"https:\/\/aconteceunovale.com.br\/portal\/index.php?rest_route=%2Fwp%2Fv2%2Fcomments&post=12824"}],"version-history":[{"count":0,"href":"https:\/\/aconteceunovale.com.br\/portal\/index.php?rest_route=\/wp\/v2\/posts\/12824\/revisions"}],"wp:featuredmedia":[{"embeddable":true,"href":"https:\/\/aconteceunovale.com.br\/portal\/index.php?rest_route=\/wp\/v2\/media\/12483"}],"wp:attachment":[{"href":"https:\/\/aconteceunovale.com.br\/portal\/index.php?rest_route=%2Fwp%2Fv2%2Fmedia&parent=12824"}],"wp:term":[{"taxonomy":"category","embeddable":true,"href":"https:\/\/aconteceunovale.com.br\/portal\/index.php?rest_route=%2Fwp%2Fv2%2Fcategories&post=12824"},{"taxonomy":"post_tag","embeddable":true,"href":"https:\/\/aconteceunovale.com.br\/portal\/index.php?rest_route=%2Fwp%2Fv2%2Ftags&post=12824"}],"curies":[{"name":"wp","href":"https:\/\/api.w.org\/{rel}","templated":true}]}}