{"id":126828,"date":"2018-01-24T11:12:53","date_gmt":"2018-01-24T13:12:53","guid":{"rendered":"http:\/\/aconteceunovale.com.br\/portal\/?p=126828"},"modified":"2018-01-24T11:12:53","modified_gmt":"2018-01-24T13:12:53","slug":"integrantes-do-fnl-bloqueiam-estrada-no-norte-de-minas-em-apoio-ao-ex-presidente-lula","status":"publish","type":"post","link":"https:\/\/aconteceunovale.com.br\/portal\/?p=126828","title":{"rendered":"Integrantes do FNL bloqueiam estrada no Norte de Minas em apoio ao ex-presidente Lula"},"content":{"rendered":"<p>Integrantes do Movimento Frente Nacional de Luta no Campo e Cidade (FNL) bloquearam uma estrada vicinal que d\u00e1 acesso ao munic\u00edpio de Capit\u00e3o En\u00e9as, no Norte de Minas, em apoio ao ex-presidente Luiz In\u00e1cio Lula da Silva (PT). Nesta quarta-feira (24\/01\/2018), est\u00e1 sendo julgado o recurso apresentado por Lula no processo do tr\u00edplex, pelo Tribunal Regional Federal (TRF4), em Porto Alegre (RS).<\/p>\n<p>Os manifestantes est\u00e3o queimando pneus e usam cartazes, faixas e bandeiras para protestarem. Segundo a dirigente estadual do movimento, Patr\u00edcia Gon\u00e7alves Freitas, al\u00e9m de apoiar o ex-presidente, o grupo cobra justi\u00e7a em rela\u00e7\u00e3o aos ataques sofridos nos acampamentos. O ato come\u00e7ou por volta das 4h.<\/p>\n<p>Ainda segundo Patr\u00edcia, cerca de 50 pessoas participam do manifesto. A pol\u00edcia est\u00e1 no local e informou que o protesto ocorre de forma pac\u00edfica.<\/p>\n<p><img decoding=\"async\" src=\"http:\/\/aconteceunovale.com.br\/portal\/wp-content\/uploads\/2018\/01\/protesto_capitao_eneas_1.jpg\" alt=\"\" \/><em>Manifestantes queimaram pneus e bloquearam estrada (Foto: Patr\u00edcia Gomes Freitas\/G1)<\/em><br \/>\n<\/br><\/p>\n<p><img decoding=\"async\" src=\"http:\/\/aconteceunovale.com.br\/portal\/wp-content\/uploads\/2018\/01\/protesto_capitao_eneas_2.jpg\" alt=\"\" \/><em>Grupo protesta em apoio ao ex-presidente Lula (Foto: Patr\u00edcia Gomes Freitas\/G1)<\/em><br \/>\n<\/br><\/p>\n<p><strong>VER PRIMEIRO<\/strong><\/p>\n<p>Receba as not\u00edcias do Aconteceu no Vale em primeira m\u00e3o. Clique em curtir no endere\u00e7o <a href=\"https:\/\/www.facebook.com\/aconteceunovale\" target=\"_blank\"><font color=\"red\">www.facebook.com\/aconteceunovale<\/font><\/a> ou no box abaixo:<\/p>\n<div class=\"fb-like\" data-href=\"https:\/\/www.facebook.com\/aconteceunovale\" data-width=\"120\" data-layout=\"standard\" data-action=\"like\" data-size=\"small\" data-show-faces=\"true\" data-share=\"true\"><\/div>\n<p><\/br><\/p>\n<p><em>(Fonte: G1 Grande Minas)<\/em><\/p>\n","protected":false},"excerpt":{"rendered":"<p>Integrantes do Movimento Frente Nacional de Luta no Campo e Cidade (FNL) bloquearam uma estrada vicinal que d\u00e1 acesso ao munic\u00edpio de Capit\u00e3o En\u00e9as, no Norte de Minas, em apoio ao ex-presidente Luiz In\u00e1cio Lula da Silva (PT). Nesta quarta-feira (24\/01\/2018), est\u00e1 sendo julgado o recurso apresentado por Lula no processo do tr\u00edplex, pelo Tribunal [&hellip;]<\/p>\n","protected":false},"author":1,"featured_media":126830,"comment_status":"open","ping_status":"closed","sticky":false,"template":"","format":"standard","meta":{"amp_status":"","footnotes":""},"categories":[1236],"tags":[168038,168039,168042,1429,168041,168037,168049,168048,168047,7147,168045,168044,168043,168040,168046],"class_list":["post-126828","post","type-post","status-publish","format-standard","has-post-thumbnail","hentry","category-norte_de_minas","tag-apoio-a-lula","tag-apoio-ao-ex-presidente-lula","tag-bloqueio-de-estrada-em-capitao-eneas","tag-capitao-eneas","tag-fnl","tag-grupo-protesta-em-apoio-ao-ex-presidente-lula","tag-integrantes-do-fnl-bloqueiam-estrada-em-capitao-eneas-em-apoio-ao-ex-presidente-lula","tag-integrantes-do-fnl-bloqueiam-estrada-no-norte-de-minas-em-apoio-ao-ex-presidente-lula","tag-julgamento-do-lula","tag-lula","tag-manifestacao-em-capitao-eneas","tag-manifesto-em-capitao-eneas","tag-manifesto-pro-lula-em-capitao-eneas","tag-movimento-frente-nacional-de-luta-no-campo-e-cidade","tag-protesto-em-capitao-eneas"],"_links":{"self":[{"href":"https:\/\/aconteceunovale.com.br\/portal\/index.php?rest_route=\/wp\/v2\/posts\/126828","targetHints":{"allow":["GET"]}}],"collection":[{"href":"https:\/\/aconteceunovale.com.br\/portal\/index.php?rest_route=\/wp\/v2\/posts"}],"about":[{"href":"https:\/\/aconteceunovale.com.br\/portal\/index.php?rest_route=\/wp\/v2\/types\/post"}],"author":[{"embeddable":true,"href":"https:\/\/aconteceunovale.com.br\/portal\/index.php?rest_route=\/wp\/v2\/users\/1"}],"replies":[{"embeddable":true,"href":"https:\/\/aconteceunovale.com.br\/portal\/index.php?rest_route=%2Fwp%2Fv2%2Fcomments&post=126828"}],"version-history":[{"count":0,"href":"https:\/\/aconteceunovale.com.br\/portal\/index.php?rest_route=\/wp\/v2\/posts\/126828\/revisions"}],"wp:featuredmedia":[{"embeddable":true,"href":"https:\/\/aconteceunovale.com.br\/portal\/index.php?rest_route=\/wp\/v2\/media\/126830"}],"wp:attachment":[{"href":"https:\/\/aconteceunovale.com.br\/portal\/index.php?rest_route=%2Fwp%2Fv2%2Fmedia&parent=126828"}],"wp:term":[{"taxonomy":"category","embeddable":true,"href":"https:\/\/aconteceunovale.com.br\/portal\/index.php?rest_route=%2Fwp%2Fv2%2Fcategories&post=126828"},{"taxonomy":"post_tag","embeddable":true,"href":"https:\/\/aconteceunovale.com.br\/portal\/index.php?rest_route=%2Fwp%2Fv2%2Ftags&post=126828"}],"curies":[{"name":"wp","href":"https:\/\/api.w.org\/{rel}","templated":true}]}}