{"id":126772,"date":"2018-01-22T12:40:49","date_gmt":"2018-01-22T14:40:49","guid":{"rendered":"http:\/\/aconteceunovale.com.br\/portal\/?p=126772"},"modified":"2018-01-22T12:40:49","modified_gmt":"2018-01-22T14:40:49","slug":"inscricoes-para-o-sisu-comecam-amanha","status":"publish","type":"post","link":"https:\/\/aconteceunovale.com.br\/portal\/?p=126772","title":{"rendered":"Inscri\u00e7\u00f5es para o Sisu come\u00e7am amanh\u00e3"},"content":{"rendered":"<p>As inscri\u00e7\u00f5es para o Sistema de Sele\u00e7\u00e3o Unificada (Sisu) come\u00e7am amanh\u00e3 (23) e v\u00e3o at\u00e9 a pr\u00f3xima sexta-feira (26) no\u00a0<span style=\"text-decoration: underline;\"><span style=\"color: #ff0000;\"><a href=\"http:\/\/sisu.mec.gov.br\/\" target=\"_blank\"><span style=\"color: #ff0000;\"><em>site<\/em><\/span><\/a><\/span><\/span>\u00a0do Minist\u00e9rio da Educa\u00e7\u00e3o (MEC). Ao todo, ser\u00e3o 239.601 vagas oferecidas em 130 institui\u00e7\u00f5es, entre universidades federais, institutos federais de educa\u00e7\u00e3o, ci\u00eancia e tecnologia e institui\u00e7\u00f5es estaduais.<\/p>\n<p>Podem se inscrever estudantes que participaram do Exame Nacional do Ensino M\u00e9dio (Enem) 2017, que obtiveram nota na reda\u00e7\u00e3o diferente de zero e que n\u00e3o sejam treineiros (participantes menores de 18 anos no primeiro dia de realiza\u00e7\u00e3o da prova). \u00c9 necess\u00e1rio informar o n\u00famero de inscri\u00e7\u00e3o do Enem 2017 e a senha mais atual cadastrada no\u00a0<em>site<\/em>.<\/p>\n<p>O Sisu foi desenvolvido pelo minist\u00e9rio para selecionar candidatos \u00e0s vagas das institui\u00e7\u00f5es p\u00fablicas de ensino superior que utilizar\u00e3o a nota do Enem como \u00fanica fase de seu processo seletivo. A sele\u00e7\u00e3o \u00e9 feita com base na nota obtida pelo candidato. No site do MEC, \u00e9 poss\u00edvel consultar as vagas dispon\u00edveis, pesquisando as institui\u00e7\u00f5es e os seus respectivos cursos participantes.<\/p>\n<p>Confira o cronograma completo do Sisu abaixo:<\/p>\n<p>&#8211; 23\/1 a 26\/1: per\u00edodo de inscri\u00e7\u00f5es (as notas de corte ser\u00e3o divulgada nos dias 24, 25 e 26)<\/p>\n<p>&#8211; 29\/1: resultado da chamada regular<\/p>\n<p>&#8211; 29\/1 a 7\/2: prazo para participar da lista de espera<\/p>\n<p>&#8211; 30\/1 a 7\/2: matr\u00edcula da chamada regular<\/p>\n<p>&#8211; 9\/2: convoca\u00e7\u00e3o dos candidatos em lista de espera pelas institui\u00e7\u00f5es a partir desta data<\/p>\n<p><strong>VER PRIMEIRO<\/strong><\/p>\n<p>Receba as not\u00edcias do Aconteceu no Vale em primeira m\u00e3o. Clique em curtir no endere\u00e7o <a href=\"https:\/\/www.facebook.com\/aconteceunovale\" target=\"_blank\"><font color=\"red\">www.facebook.com\/aconteceunovale<\/font><\/a> ou no box abaixo:<\/p>\n<div class=\"fb-like\" data-href=\"https:\/\/www.facebook.com\/aconteceunovale\" data-width=\"120\" data-layout=\"standard\" data-action=\"like\" data-size=\"small\" data-show-faces=\"true\" data-share=\"true\"><\/div>\n<p><\/br><\/p>\n<p><em>(Fonte: Ag\u00eancia Brasil)<\/em><\/p>\n","protected":false},"excerpt":{"rendered":"<p>As inscri\u00e7\u00f5es para o Sistema de Sele\u00e7\u00e3o Unificada (Sisu) come\u00e7am amanh\u00e3 (23) e v\u00e3o at\u00e9 a pr\u00f3xima sexta-feira (26) no\u00a0site\u00a0do Minist\u00e9rio da Educa\u00e7\u00e3o (MEC). Ao todo, ser\u00e3o 239.601 vagas oferecidas em 130 institui\u00e7\u00f5es, entre universidades federais, institutos federais de educa\u00e7\u00e3o, ci\u00eancia e tecnologia e institui\u00e7\u00f5es estaduais. Podem se inscrever estudantes que participaram do Exame Nacional [&hellip;]<\/p>\n","protected":false},"author":1,"featured_media":116054,"comment_status":"open","ping_status":"closed","sticky":false,"template":"","format":"standard","meta":{"amp_status":"","footnotes":""},"categories":[6,40238],"tags":[524,73196,28879,167941,30943,22390,2323],"class_list":["post-126772","post","type-post","status-publish","format-standard","has-post-thumbnail","hentry","category-br","category-educacao-2","tag-enem","tag-inscricao-sisu","tag-inscricoes","tag-inscricoes-para-o-sisu-comecam-amanha","tag-inscricoes-sisu","tag-ministerio-da-educacao","tag-sisu"],"_links":{"self":[{"href":"https:\/\/aconteceunovale.com.br\/portal\/index.php?rest_route=\/wp\/v2\/posts\/126772","targetHints":{"allow":["GET"]}}],"collection":[{"href":"https:\/\/aconteceunovale.com.br\/portal\/index.php?rest_route=\/wp\/v2\/posts"}],"about":[{"href":"https:\/\/aconteceunovale.com.br\/portal\/index.php?rest_route=\/wp\/v2\/types\/post"}],"author":[{"embeddable":true,"href":"https:\/\/aconteceunovale.com.br\/portal\/index.php?rest_route=\/wp\/v2\/users\/1"}],"replies":[{"embeddable":true,"href":"https:\/\/aconteceunovale.com.br\/portal\/index.php?rest_route=%2Fwp%2Fv2%2Fcomments&post=126772"}],"version-history":[{"count":0,"href":"https:\/\/aconteceunovale.com.br\/portal\/index.php?rest_route=\/wp\/v2\/posts\/126772\/revisions"}],"wp:featuredmedia":[{"embeddable":true,"href":"https:\/\/aconteceunovale.com.br\/portal\/index.php?rest_route=\/wp\/v2\/media\/116054"}],"wp:attachment":[{"href":"https:\/\/aconteceunovale.com.br\/portal\/index.php?rest_route=%2Fwp%2Fv2%2Fmedia&parent=126772"}],"wp:term":[{"taxonomy":"category","embeddable":true,"href":"https:\/\/aconteceunovale.com.br\/portal\/index.php?rest_route=%2Fwp%2Fv2%2Fcategories&post=126772"},{"taxonomy":"post_tag","embeddable":true,"href":"https:\/\/aconteceunovale.com.br\/portal\/index.php?rest_route=%2Fwp%2Fv2%2Ftags&post=126772"}],"curies":[{"name":"wp","href":"https:\/\/api.w.org\/{rel}","templated":true}]}}