{"id":126745,"date":"2018-01-21T21:09:38","date_gmt":"2018-01-21T23:09:38","guid":{"rendered":"http:\/\/aconteceunovale.com.br\/portal\/?p=126745"},"modified":"2018-01-21T21:09:38","modified_gmt":"2018-01-21T23:09:38","slug":"pesquisadores-comprovam-que-fumaca-das-queimadas-da-amazonia-pode-causar-cancer","status":"publish","type":"post","link":"https:\/\/aconteceunovale.com.br\/portal\/?p=126745","title":{"rendered":"Pesquisadores comprovam que fuma\u00e7a das queimadas da Amaz\u00f4nia pode causar c\u00e2ncer"},"content":{"rendered":"<p>As part\u00edculas carregadas de toxinas, liberadas durante queimadas na Amaz\u00f4nia, se inaladas involuntariamente por longo per\u00edodo, podem causar estresse oxidativo das c\u00e9lulas e danos gen\u00e9ticos irrevers\u00edveis, resultando at\u00e9 mesmo em c\u00e2ncer de pulm\u00e3o.<\/p>\n<p>A descoberta \u00e9 resultado de um estudo realizado por pesquisadores da Universidade de S\u00e3o Paulo (USP), Universidade Federal do Rio Grande do Norte (UFRN), Funda\u00e7\u00e3o Oswaldo Cruz e Universidade Federal de Rond\u00f4nia (Ufro).<\/p>\n<p>A pesquisa \u00e9 referente a uma tese de doutorado da bi\u00f3loga Nilmara de Oliveira Alves, da USP. A equipe coletou amostras de material particulado fino em Porto Velho, uma das \u00e1reas mais afetadas pelas queimadas na regi\u00e3o amaz\u00f4nica.<\/p>\n<p>Para entender como ocorre a contamina\u00e7\u00e3o, os pesquisadores expuseram em laborat\u00f3rio linhagem de c\u00e9lulas pulmonares \u00e0s part\u00edculas, compostas por material t\u00f3xico, em concentra\u00e7\u00e3o semelhante com as encontradas nas queimadas da Amaz\u00f4nia, analisadas com t\u00e9cnicas bioqu\u00edmicas avan\u00e7adas.<\/p>\n<p>Essas an\u00e1lises permitiram medir o grau de inflama\u00e7\u00e3o e de les\u00e3o no DNA. Foi comprovado que o dano no DNA pode ser t\u00e3o grave a ponto de a c\u00e9lula perder o controle e come\u00e7ar a se reproduzir desordenadamente, evoluindo para c\u00e2ncer de pulm\u00e3o.<\/p>\n<p>Para a pesquisadora Sandra Hacon, da Escola Nacional de Sa\u00fade P\u00fablica, as conclus\u00f5es do trabalho s\u00e3o in\u00e9ditas. Segundo ela, pela primeira vez foi poss\u00edvel demonstrar que as part\u00edculas de queimadas da Amaz\u00f4nia, ao entrarem nos alv\u00e9olos pulmonares, causam danos gen\u00e9ticos nas c\u00e9lulas, podendo leva ao c\u00e2ncer de pulm\u00e3o.<\/p>\n<p>Sandra Hacon e o pesquisador Christovam Barcellos coordenaram o projeto Clima &amp; Sa\u00fade da sub Rede de Mudan\u00e7as Clim\u00e1ticas do INPE\/INCT Rede Clima. O estudo foi publicado na revista Nature Scientific Reports.<\/p>\n<p>O projeto da Rede Clima envolve os efeitos das queimadas com altera\u00e7\u00f5es clim\u00e1ticas. Sandra informou que algumas medidas podem ser adotadas pelas autoridades ambientais e de sa\u00fade, no sentido de evitar o agravamento de doen\u00e7as respirat\u00f3rias na popula\u00e7\u00e3o, exposta a fuma\u00e7a das queimadas.<\/p>\n<p>\u201c \u00c9 uma quest\u00e3o de bom senso. N\u00e3o faz sentido continuar esse processo de queimadas na Amaz\u00f4nia. A situa\u00e7\u00e3o estava controlada, mas houve aumento acentuado nos \u00faltimos tr\u00eas anos. Uma alternativa \u00e9 a montagem, pelas secretarias municipais de Sa\u00fade, de um sistema de vigil\u00e2ncia das doen\u00e7as respirat\u00f3rias, de modo a ajudar a popula\u00e7\u00e3o das cidades onde as queimadas vem ocorrendo de forma sistem\u00e1tica.\u201d<\/p>\n<p>Nos meses de agosto, setembro e outubro os focos de inc\u00eandios dissipam uma nuvem de fuma\u00e7a t\u00f3xica sobre a regi\u00e3o amaz\u00f4nica. A popula\u00e7\u00e3o mais vulner\u00e1vel \u00e9 formada por crian\u00e7as e idosos.<\/p>\n<p>De acordo com Sandra Hancon, as crian\u00e7as menores de cinco anos, prejudicadas pelo impacto das part\u00edculas com componentes cancer\u00edgenos da fuma\u00e7a das queimadas, desenvolvem alergias respirat\u00f3rias, que comprometem o aprendizado escolar.<\/p>\n<p>Conforme a pesquisadora, os mais atingidos s\u00e3o principalmente fam\u00edlias de baixa renda, que est\u00e3o em \u00e1reas de risco sem alternativa de sair.<\/p>\n<p>Sandra Hacon disse ainda que a divulga\u00e7\u00e3o do trabalho pode incentivar as autoridades a instituir na regi\u00e3o um programa de melhoria da qualidade do ar e monitoramento dessas part\u00edculas finas provenientes das queimadas, decorrentes da ocupa\u00e7\u00e3o desordenada para atender a interesses econ\u00f4micos .<\/p>\n<p>Dados do Programa Queimadas, do Instituto Nacional de Pesquisas Espaciais, indicam que em 2017 ocorreram mais de 275 mil focos de inc\u00eandio em todo o territ\u00f3rio nacional, sendo mais de 132 mil em estados amaz\u00f4nicos.<\/p>\n<p><img decoding=\"async\" src=\"http:\/\/aconteceunovale.com.br\/portal\/wp-content\/uploads\/2018\/01\/queimada.jpg\" alt=\"\" \/><em>A pesquisa comprovou que o dano no DNA pode ser t\u00e3o grave a ponto de a c\u00e9lula perder o controle e evoluir para c\u00e2ncer de pulm\u00e3o (Foto: Divulga\u00e7\u00e3o\/Doug Morton\/Nasa)<\/em><br \/>\n<\/br><\/p>\n<p><strong>VER PRIMEIRO<\/strong><\/p>\n<p>Receba as not\u00edcias do Aconteceu no Vale em primeira m\u00e3o. Clique em curtir no endere\u00e7o <a href=\"https:\/\/www.facebook.com\/aconteceunovale\" target=\"_blank\"><font color=\"red\">www.facebook.com\/aconteceunovale<\/font><\/a> ou no box abaixo:<\/p>\n<div class=\"fb-like\" data-href=\"https:\/\/www.facebook.com\/aconteceunovale\" data-width=\"120\" data-layout=\"standard\" data-action=\"like\" data-size=\"small\" data-show-faces=\"true\" data-share=\"true\"><\/div>\n<p><\/br><\/p>\n<p><em>(Fonte: Ag\u00eancia Brasil)<\/em><\/p>\n","protected":false},"excerpt":{"rendered":"<p>As part\u00edculas carregadas de toxinas, liberadas durante queimadas na Amaz\u00f4nia, se inaladas involuntariamente por longo per\u00edodo, podem causar estresse oxidativo das c\u00e9lulas e danos gen\u00e9ticos irrevers\u00edveis, resultando at\u00e9 mesmo em c\u00e2ncer de pulm\u00e3o. A descoberta \u00e9 resultado de um estudo realizado por pesquisadores da Universidade de S\u00e3o Paulo (USP), Universidade Federal do Rio Grande do [&hellip;]<\/p>\n","protected":false},"author":1,"featured_media":126746,"comment_status":"open","ping_status":"closed","sticky":false,"template":"","format":"standard","meta":{"amp_status":"","footnotes":""},"categories":[6,40242],"tags":[21169,24307,167882,167881,94947,167885,167886,111236,102832,167880,108060,167884,79937,167883,108112,46670],"class_list":["post-126745","post","type-post","status-publish","format-standard","has-post-thumbnail","hentry","category-br","category-saude-2","tag-amazonia","tag-cancer","tag-cancer-fumaca-queimadas-na-amazonia","tag-cancer-queimadas-na-amazonia","tag-fundacao-oswaldo-cruz","tag-nilmara-de-oliveira-alves","tag-pesquisadores-comprovam-que-fumaca-das-queimadas-da-amazonia-pode-causar-cancer","tag-pesquisas","tag-queimadas","tag-queimadas-na-amazonia","tag-ufrn","tag-ufro","tag-universidade-de-sao-paulo","tag-universidade-federal-de-rondonia","tag-universidade-federal-do-rio-grande-do-norte","tag-usp"],"_links":{"self":[{"href":"https:\/\/aconteceunovale.com.br\/portal\/index.php?rest_route=\/wp\/v2\/posts\/126745","targetHints":{"allow":["GET"]}}],"collection":[{"href":"https:\/\/aconteceunovale.com.br\/portal\/index.php?rest_route=\/wp\/v2\/posts"}],"about":[{"href":"https:\/\/aconteceunovale.com.br\/portal\/index.php?rest_route=\/wp\/v2\/types\/post"}],"author":[{"embeddable":true,"href":"https:\/\/aconteceunovale.com.br\/portal\/index.php?rest_route=\/wp\/v2\/users\/1"}],"replies":[{"embeddable":true,"href":"https:\/\/aconteceunovale.com.br\/portal\/index.php?rest_route=%2Fwp%2Fv2%2Fcomments&post=126745"}],"version-history":[{"count":0,"href":"https:\/\/aconteceunovale.com.br\/portal\/index.php?rest_route=\/wp\/v2\/posts\/126745\/revisions"}],"wp:featuredmedia":[{"embeddable":true,"href":"https:\/\/aconteceunovale.com.br\/portal\/index.php?rest_route=\/wp\/v2\/media\/126746"}],"wp:attachment":[{"href":"https:\/\/aconteceunovale.com.br\/portal\/index.php?rest_route=%2Fwp%2Fv2%2Fmedia&parent=126745"}],"wp:term":[{"taxonomy":"category","embeddable":true,"href":"https:\/\/aconteceunovale.com.br\/portal\/index.php?rest_route=%2Fwp%2Fv2%2Fcategories&post=126745"},{"taxonomy":"post_tag","embeddable":true,"href":"https:\/\/aconteceunovale.com.br\/portal\/index.php?rest_route=%2Fwp%2Fv2%2Ftags&post=126745"}],"curies":[{"name":"wp","href":"https:\/\/api.w.org\/{rel}","templated":true}]}}