{"id":126742,"date":"2018-01-21T21:04:25","date_gmt":"2018-01-21T23:04:25","guid":{"rendered":"http:\/\/aconteceunovale.com.br\/portal\/?p=126742"},"modified":"2018-01-21T21:04:25","modified_gmt":"2018-01-21T23:04:25","slug":"especialista-diz-que-doencas-vasculares-aumentam-em-ate-30-no-verao","status":"publish","type":"post","link":"https:\/\/aconteceunovale.com.br\/portal\/?p=126742","title":{"rendered":"Especialista diz que doen\u00e7as vasculares aumentam em at\u00e9 30% no ver\u00e3o"},"content":{"rendered":"<p>Dados da Sociedade Brasileira de Angiologia e de Cirurgia Vascular, se\u00e7\u00e3o Rio de Janeiro (SBACV-RJ), indicam que as altas temperaturas, comuns da \u00e9poca do ver\u00e3o, aumentam entre 20% e 30% o risco de doen\u00e7as vasculares, ou venosas, nos membros inferiores. De acordo com os n\u00fameros, normalmente elas s\u00e3o associadas a varizes.<\/p>\n<p>\u201cO motivo de as altas temperaturas piorarem as doen\u00e7as vasculares no ver\u00e3o \u00e9 porque o calor provoca vasodilata\u00e7\u00e3o, ou seja, a dilata\u00e7\u00e3o dos vasos sangu\u00edneos, com uma sobrecarga nas veias dos membros inferiores\u201d, afirmou o presidente da SBACV-RJ, Breno Caiafa.<\/p>\n<p>Segundo ele, pessoas com doen\u00e7a vascular pr\u00e9via tendem a piorar no ver\u00e3o, enquanto as demais podem sentir edemas, dores nas pernas, cansa\u00e7o, peso, c\u00e2imbra, ressecamento da pele e coceira, \u201ctudo provocado pelo calor\u201d.<\/p>\n<p><img decoding=\"async\" src=\"http:\/\/aconteceunovale.com.br\/portal\/wp-content\/uploads\/2018\/01\/alimentacao.jpg\" alt=\"\" \/><em>Alimenta\u00e7\u00e3o desregulada pode agravar os sintomas vasculares (Arquivo\/Ag\u00eancia Brasil)<\/em><br \/>\n<\/br><\/p>\n<p><strong>Desidrata\u00e7\u00e3o<\/strong><\/p>\n<p>Breno Caiafa explicou que nesse per\u00edodo aumenta a secre\u00e7\u00e3o de suor e isso pode ser associado \u00e0 desidrata\u00e7\u00e3o. Lembrou ainda que, como est\u00e3o em f\u00e9rias, muitas pessoas desregulam sua alimenta\u00e7\u00e3o, ampliando o consumo de sal e de bebidas alco\u00f3licas, que tamb\u00e9m agravam os sintomas vasculares.<\/p>\n<p>Para Caiafa, a popula\u00e7\u00e3o brasileira \u00e9 propensa a ter varizes. A estimativa \u00e9 que isso ocorra em 35% da popula\u00e7\u00e3o, envolvendo todas as faixas et\u00e1rias. Avaliando apenas a popula\u00e7\u00e3o adulta, o percentual pode chegar at\u00e9 70% de mulheres e a 50% de homens.<\/p>\n<p>Para evitar o agravamento dos sintomas no ver\u00e3o, Caiafa informou que o ideal \u00e9 que as pessoas com doen\u00e7a vascular procurem um angiologista ou cirurgi\u00e3o para um tratamento anterior \u00e0 chegada da esta\u00e7\u00e3o, a fim de, pelo menos, receber orienta\u00e7\u00e3o.<\/p>\n<p>Al\u00e9m do fator pr\u00e9vio da doen\u00e7a, existem agravantes, como a perman\u00eancia em longos per\u00edodos com as pernas para baixo, em posi\u00e7\u00e3o sentada ou em p\u00e9. Outros agravantes s\u00e3o excesso de peso e falta de exerc\u00edcio.<\/p>\n<p><strong>Evolu\u00e7\u00e3o<\/strong><\/p>\n<p>\u201cA corre\u00e7\u00e3o ser\u00e1 justamente fazer atividade f\u00edsica, perder peso, evitar perman\u00eancia sentado ou em p\u00e9, alternar essa movimenta\u00e7\u00e3o, movimentos com as pernas, levantar e andar durante o trabalho, restringir o uso de sal e de bebida alco\u00f3lica, aumentar a hidrata\u00e7\u00e3o, alternar posi\u00e7\u00f5es de eleva\u00e7\u00e3o das pernas e, em alguns casos, com indica\u00e7\u00e3o m\u00e9dica, usar meia el\u00e1stica de compress\u00e3o para ajudar a circula\u00e7\u00e3o, sugeriu o especialista. Hidratar a pele tamb\u00e9m foi recomendado.<\/p>\n<p>Entre os principais sintomas, a evolu\u00e7\u00e3o da doen\u00e7a apresenta incha\u00e7o das pernas, que pode provocar pequenas fissuras na pele, facilitando infec\u00e7\u00f5es como a erisipela. A complica\u00e7\u00e3o mais temida \u00e9 a forma\u00e7\u00e3o de co\u00e1gulos nas veias, a chamada trombose.<\/p>\n<p>Breno Caiafa destacou que a hidrata\u00e7\u00e3o nessa \u00e9poca do ano \u00e9 fundamental, junto com a reposi\u00e7\u00e3o de sais minerais. As pessoas devem beber de dois a tr\u00eas litros de \u00e1gua por dia. Se forem consumir cerveja, devem alternar a ingest\u00e3o de \u00e1gua. Para recuperar sais minerais perdidos, podem beber sucos de frutas, isot\u00f4nicos ou \u00e1gua de coco.<\/p>\n<p><strong>VER PRIMEIRO<\/strong><\/p>\n<p>Receba as not\u00edcias do Aconteceu no Vale em primeira m\u00e3o. Clique em curtir no endere\u00e7o <a href=\"https:\/\/www.facebook.com\/aconteceunovale\" target=\"_blank\"><font color=\"red\">www.facebook.com\/aconteceunovale<\/font><\/a> ou no box abaixo:<\/p>\n<div class=\"fb-like\" data-href=\"https:\/\/www.facebook.com\/aconteceunovale\" data-width=\"120\" data-layout=\"standard\" data-action=\"like\" data-size=\"small\" data-show-faces=\"true\" data-share=\"true\"><\/div>\n<p><\/br><\/p>\n<p><em>(Fonte: Ag\u00eancia Brasil)<\/em><\/p>\n","protected":false},"excerpt":{"rendered":"<p>Dados da Sociedade Brasileira de Angiologia e de Cirurgia Vascular, se\u00e7\u00e3o Rio de Janeiro (SBACV-RJ), indicam que as altas temperaturas, comuns da \u00e9poca do ver\u00e3o, aumentam entre 20% e 30% o risco de doen\u00e7as vasculares, ou venosas, nos membros inferiores. De acordo com os n\u00fameros, normalmente elas s\u00e3o associadas a varizes. \u201cO motivo de as [&hellip;]<\/p>\n","protected":false},"author":1,"featured_media":126743,"comment_status":"open","ping_status":"closed","sticky":false,"template":"","format":"standard","meta":{"amp_status":"","footnotes":""},"categories":[6,40242],"tags":[167876,167879,19439,167877,167875,167878,83681,132360,26731],"class_list":["post-126742","post","type-post","status-publish","format-standard","has-post-thumbnail","hentry","category-br","category-saude-2","tag-altas-temperaturas-aumentam-entre-20-e-30-o-risco-de-doencas-vasculares","tag-breno-caiafa","tag-cuidados","tag-doencas-vasculares","tag-especialista-diz-que-doencas-vasculares-aumentam-em-ate-30-no-verao","tag-risco-de-doencas-vasculares","tag-sbacv-rj","tag-sociedade-brasileira-de-angiologia-e-de-cirurgia-vascular","tag-verao"],"_links":{"self":[{"href":"https:\/\/aconteceunovale.com.br\/portal\/index.php?rest_route=\/wp\/v2\/posts\/126742","targetHints":{"allow":["GET"]}}],"collection":[{"href":"https:\/\/aconteceunovale.com.br\/portal\/index.php?rest_route=\/wp\/v2\/posts"}],"about":[{"href":"https:\/\/aconteceunovale.com.br\/portal\/index.php?rest_route=\/wp\/v2\/types\/post"}],"author":[{"embeddable":true,"href":"https:\/\/aconteceunovale.com.br\/portal\/index.php?rest_route=\/wp\/v2\/users\/1"}],"replies":[{"embeddable":true,"href":"https:\/\/aconteceunovale.com.br\/portal\/index.php?rest_route=%2Fwp%2Fv2%2Fcomments&post=126742"}],"version-history":[{"count":0,"href":"https:\/\/aconteceunovale.com.br\/portal\/index.php?rest_route=\/wp\/v2\/posts\/126742\/revisions"}],"wp:featuredmedia":[{"embeddable":true,"href":"https:\/\/aconteceunovale.com.br\/portal\/index.php?rest_route=\/wp\/v2\/media\/126743"}],"wp:attachment":[{"href":"https:\/\/aconteceunovale.com.br\/portal\/index.php?rest_route=%2Fwp%2Fv2%2Fmedia&parent=126742"}],"wp:term":[{"taxonomy":"category","embeddable":true,"href":"https:\/\/aconteceunovale.com.br\/portal\/index.php?rest_route=%2Fwp%2Fv2%2Fcategories&post=126742"},{"taxonomy":"post_tag","embeddable":true,"href":"https:\/\/aconteceunovale.com.br\/portal\/index.php?rest_route=%2Fwp%2Fv2%2Ftags&post=126742"}],"curies":[{"name":"wp","href":"https:\/\/api.w.org\/{rel}","templated":true}]}}