{"id":126736,"date":"2018-01-21T11:47:36","date_gmt":"2018-01-21T13:47:36","guid":{"rendered":"http:\/\/aconteceunovale.com.br\/portal\/?p=126736"},"modified":"2018-01-21T11:47:36","modified_gmt":"2018-01-21T13:47:36","slug":"presidente-do-conselho-de-administracao-do-sicoob-crediriodoce-morre-em-acidente-na-br-116-em-governador-valadares","status":"publish","type":"post","link":"https:\/\/aconteceunovale.com.br\/portal\/?p=126736","title":{"rendered":"Presidente do Conselho de Administra\u00e7\u00e3o do Sicoob Crediriodoce morre em acidente na BR-116, em Governador Valadares"},"content":{"rendered":"<p>Um motorista de 67 anos morreu na noite deste s\u00e1bado (20\/01\/2018) em um grave acidente na BR-116, em Governador Valadares, no Vale do Rio Doce. Alberto Ferreira era presidente do Conselho de Administra\u00e7\u00e3o do Sicoob Crediriodoce, produtor rural e m\u00e9dico veterin\u00e1rio. De acordo com a Pol\u00edcia Rodovi\u00e1ria Federal (PRF), ele estava sozinho no carro quando invadiu a contram\u00e3o e atingiu uma caminhonete e um caminh\u00e3o. As causas do acidente ainda ser\u00e3o investigadas.<\/p>\n<p>A rodovia ficou interditada por aproximadamente tr\u00eas horas ap\u00f3s o acidente. Duas pessoas que estavam na caminhonete foram resgatadas por equipes do Corpo de Bombeiros e Samu e levadas para o hospital, sem serem identificadas. O motorista do caminh\u00e3o n\u00e3o teve ferimentos.<\/p>\n<p>Alberto seguia sentido Valadares quando o acidente aconteceu, por volta das 20h. De acordo com familiares, o corpo dele ser\u00e1 velado na Capela do Cemit\u00e9rio Santo Ant\u00f4nio a partir das 12h, deste domingo (21). O sepultamento est\u00e1 previsto para acontecer \u00e0s 20h no mesmo local.<\/p>\n<p><img decoding=\"async\" src=\"http:\/\/aconteceunovale.com.br\/portal\/wp-content\/uploads\/2018\/01\/acidente_carro_sicoob_3.jpg\" alt=\"\" \/><em>Acidente aconteceu na BR-116, em Valadares (Foto: Reprodu\u00e7\u00e3o\/WhatsApp)<\/em><br \/>\n<\/br><\/p>\n<h3>Nota do Sicoob Crediriodoce<\/h3>\n<p><img decoding=\"async\" src=\"http:\/\/aconteceunovale.com.br\/portal\/wp-content\/uploads\/2018\/01\/nota_alberto_1.jpg\" alt=\"\" \/><img decoding=\"async\" src=\"http:\/\/aconteceunovale.com.br\/portal\/wp-content\/uploads\/2018\/01\/nota_alberto_2.jpg\" alt=\"\" \/><br \/>\n<\/br><\/p>\n<p><strong>VER PRIMEIRO<\/strong><\/p>\n<p>Receba as not\u00edcias do Aconteceu no Vale em primeira m\u00e3o. Clique em curtir no endere\u00e7o <a href=\"https:\/\/www.facebook.com\/aconteceunovale\" target=\"_blank\"><font color=\"red\">www.facebook.com\/aconteceunovale<\/font><\/a> ou no box abaixo:<\/p>\n<div class=\"fb-like\" data-href=\"https:\/\/www.facebook.com\/aconteceunovale\" data-width=\"120\" data-layout=\"standard\" data-action=\"like\" data-size=\"small\" data-show-faces=\"true\" data-share=\"true\"><\/div>\n<p><\/br><\/p>\n<p><em>(Com G1 Vales)<\/em><\/p>\n","protected":false},"excerpt":{"rendered":"<p>Um motorista de 67 anos morreu na noite deste s\u00e1bado (20\/01\/2018) em um grave acidente na BR-116, em Governador Valadares, no Vale do Rio Doce. Alberto Ferreira era presidente do Conselho de Administra\u00e7\u00e3o do Sicoob Crediriodoce, produtor rural e m\u00e9dico veterin\u00e1rio. De acordo com a Pol\u00edcia Rodovi\u00e1ria Federal (PRF), ele estava sozinho no carro quando [&hellip;]<\/p>\n","protected":false},"author":1,"featured_media":126740,"comment_status":"open","ping_status":"closed","sticky":false,"template":"","format":"standard","meta":{"amp_status":"","footnotes":""},"categories":[121],"tags":[167867,167868,12667,20070,20071,167865,167866,66364,247,167869,167871,167870,167863,167864,167873,167874,167872],"class_list":["post-126736","post","type-post","status-publish","format-standard","has-post-thumbnail","hentry","category-leste","tag-acidente-alberto-ferreira","tag-acidente-com-alberto-ferreira","tag-acidente-em-governador-valadares","tag-acidente-em-gv","tag-acidente-em-valadares","tag-acidente-perto-do-posto-cherokee-em-governador-valadares","tag-alberto-ferreira","tag-em-governador-valadares","tag-governador-valadares","tag-morre-alberto-ferreira","tag-presidente-crediminas","tag-presidente-da-crediriodoce","tag-presidente-de-cooperativa-de-credito-morre-em-grave-acidente-na-br-116","tag-presidente-de-cooperativa-de-credito-morre-em-grave-acidente-na-br-116-em-governador-valadares","tag-presidente-do-conselho-de-administracao-do-sicoob-crediriodoce-morre-em-acidente-na-br-116","tag-presidente-do-conselho-de-administracao-do-sicoob-crediriodoce-morre-em-acidente-na-br-116-em-governador-valadares","tag-presidente-do-sicoob-crediriodoce"],"_links":{"self":[{"href":"https:\/\/aconteceunovale.com.br\/portal\/index.php?rest_route=\/wp\/v2\/posts\/126736","targetHints":{"allow":["GET"]}}],"collection":[{"href":"https:\/\/aconteceunovale.com.br\/portal\/index.php?rest_route=\/wp\/v2\/posts"}],"about":[{"href":"https:\/\/aconteceunovale.com.br\/portal\/index.php?rest_route=\/wp\/v2\/types\/post"}],"author":[{"embeddable":true,"href":"https:\/\/aconteceunovale.com.br\/portal\/index.php?rest_route=\/wp\/v2\/users\/1"}],"replies":[{"embeddable":true,"href":"https:\/\/aconteceunovale.com.br\/portal\/index.php?rest_route=%2Fwp%2Fv2%2Fcomments&post=126736"}],"version-history":[{"count":0,"href":"https:\/\/aconteceunovale.com.br\/portal\/index.php?rest_route=\/wp\/v2\/posts\/126736\/revisions"}],"wp:featuredmedia":[{"embeddable":true,"href":"https:\/\/aconteceunovale.com.br\/portal\/index.php?rest_route=\/wp\/v2\/media\/126740"}],"wp:attachment":[{"href":"https:\/\/aconteceunovale.com.br\/portal\/index.php?rest_route=%2Fwp%2Fv2%2Fmedia&parent=126736"}],"wp:term":[{"taxonomy":"category","embeddable":true,"href":"https:\/\/aconteceunovale.com.br\/portal\/index.php?rest_route=%2Fwp%2Fv2%2Fcategories&post=126736"},{"taxonomy":"post_tag","embeddable":true,"href":"https:\/\/aconteceunovale.com.br\/portal\/index.php?rest_route=%2Fwp%2Fv2%2Ftags&post=126736"}],"curies":[{"name":"wp","href":"https:\/\/api.w.org\/{rel}","templated":true}]}}