{"id":12673,"date":"2013-10-25T20:38:36","date_gmt":"2013-10-25T20:38:36","guid":{"rendered":"http:\/\/aconteceunovale.com.br\/portal\/?p=12673"},"modified":"2013-10-25T20:38:36","modified_gmt":"2013-10-25T20:38:36","slug":"criminosos-sao-presos-por-manter-menores-em-carcere-privado-em-carai","status":"publish","type":"post","link":"https:\/\/aconteceunovale.com.br\/portal\/?p=12673","title":{"rendered":"Criminosos s\u00e3o presos por manter menores em c\u00e1rcere privado em Cara\u00ed"},"content":{"rendered":"<p>Dois irm\u00e3os foram presos no final da\u00a0 tarde de quinta-feira (24) em Cara\u00ed, no Vale do Jequitinhonha (MG), ap\u00f3s uma den\u00fancia an\u00f4nima de que estariam mantendo em c\u00e1rcere privado, no bairro Vila Pedrosa, tr\u00eas meninas de 13, 14 e 17 anos.<\/p>\n<p>De acordo com a Pol\u00edcia Militar, as garotas estavam morando com os dois criminosos a cerca de uma semana e for\u00e7adas a manter rela\u00e7\u00e3o sexual com eles.<\/p>\n<p>Um dos homens\u00a0 foi identificado como \u00c9der J\u00fanior, conhecido como \u201c Grand\u00e3o\u2019,27 anos. Ele era foragido da Justi\u00e7a de Te\u00f3filo Otoni e possui extensa ficha criminal por tr\u00e1fico de drogas e assalto\u00a0 \u00e0 m\u00e3o armada a v\u00e1rios postos de gasolina daquela cidade.<\/p>\n<p>O irm\u00e3o dele, Geraldo Pereira, de 20 anos, n\u00e3o tinha passagens pela pol\u00edcia. \u20acle foi preso por desobedi\u00eancia \u00e0 autoridade, aliciamento e estupro de menores.<\/p>\n<p>De acordo com Sargento Fl\u00e1vio Kretli, os dois invididuos estariam na cidade para montar um ponto de tr\u00e1fico de drogas e assassinar um concorrente conhecido por Carlinho de Ota.<\/p>\n<p>As meninas foram entregues ao Conselho Tutelar mas apenas a m\u00e3e da menina de 13 anos compareceu ao local.<\/p>\n<p>Fonte: Gazeta de Ara\u00e7ua\u00ed<\/p>\n","protected":false},"excerpt":{"rendered":"<p>Dois irm\u00e3os foram presos no final da\u00a0 tarde de quinta-feira (24) em Cara\u00ed, no Vale do Jequitinhonha (MG), ap\u00f3s uma den\u00fancia an\u00f4nima de que estariam mantendo em c\u00e1rcere privado, no bairro Vila Pedrosa, tr\u00eas meninas de 13, 14 e 17 anos. De acordo com a Pol\u00edcia Militar, as garotas estavam morando com os dois criminosos [&hellip;]<\/p>\n","protected":false},"author":1,"featured_media":12674,"comment_status":"open","ping_status":"open","sticky":false,"template":"","format":"standard","meta":{"amp_status":"","footnotes":""},"categories":[122],"tags":[490,489],"class_list":["post-12673","post","type-post","status-publish","format-standard","has-post-thumbnail","hentry","category-mucuri","tag-carai","tag-criminosos-sao-presos-por-manter-menores-em-carcere-privado-em-carai"],"_links":{"self":[{"href":"https:\/\/aconteceunovale.com.br\/portal\/index.php?rest_route=\/wp\/v2\/posts\/12673","targetHints":{"allow":["GET"]}}],"collection":[{"href":"https:\/\/aconteceunovale.com.br\/portal\/index.php?rest_route=\/wp\/v2\/posts"}],"about":[{"href":"https:\/\/aconteceunovale.com.br\/portal\/index.php?rest_route=\/wp\/v2\/types\/post"}],"author":[{"embeddable":true,"href":"https:\/\/aconteceunovale.com.br\/portal\/index.php?rest_route=\/wp\/v2\/users\/1"}],"replies":[{"embeddable":true,"href":"https:\/\/aconteceunovale.com.br\/portal\/index.php?rest_route=%2Fwp%2Fv2%2Fcomments&post=12673"}],"version-history":[{"count":0,"href":"https:\/\/aconteceunovale.com.br\/portal\/index.php?rest_route=\/wp\/v2\/posts\/12673\/revisions"}],"wp:featuredmedia":[{"embeddable":true,"href":"https:\/\/aconteceunovale.com.br\/portal\/index.php?rest_route=\/wp\/v2\/media\/12674"}],"wp:attachment":[{"href":"https:\/\/aconteceunovale.com.br\/portal\/index.php?rest_route=%2Fwp%2Fv2%2Fmedia&parent=12673"}],"wp:term":[{"taxonomy":"category","embeddable":true,"href":"https:\/\/aconteceunovale.com.br\/portal\/index.php?rest_route=%2Fwp%2Fv2%2Fcategories&post=12673"},{"taxonomy":"post_tag","embeddable":true,"href":"https:\/\/aconteceunovale.com.br\/portal\/index.php?rest_route=%2Fwp%2Fv2%2Ftags&post=12673"}],"curies":[{"name":"wp","href":"https:\/\/api.w.org\/{rel}","templated":true}]}}