{"id":12670,"date":"2013-10-25T15:07:15","date_gmt":"2013-10-25T15:07:15","guid":{"rendered":"http:\/\/aconteceunovale.com.br\/portal\/?p=12670"},"modified":"2013-10-25T21:04:16","modified_gmt":"2013-10-25T21:04:16","slug":"confira-as-atracos-da-nossa-agenda-cultural-para-o-seu-fim-de-semana","status":"publish","type":"post","link":"https:\/\/aconteceunovale.com.br\/portal\/?p=12670","title":{"rendered":"Confira as atra\u00e7\u00f5es da nossa agenda cultural para o seu fim de semana"},"content":{"rendered":"<p>Preparamos uma publica\u00e7\u00e3o especial com todos os eventos que acontecem neste fim de semana na regi\u00e3o. O evento da sua cidade n\u00e3o est\u00e1 em nossa agenda? Envie o cartaz ou informa\u00e7\u00f5es para nosso e-mail: contato@aconteceunovale.com.br. Desde j\u00e1 agradecemos pela sua colabora\u00e7\u00e3o.<\/p>\n<p><strong>&#8211;&gt; GUANH\u00c3ES<\/strong><\/p>\n<p><strong>138\u00ba Anivers\u00e1rio de Guanh\u00e3es<\/strong><\/p>\n<p>Come\u00e7ou nesta quinta-feira (24) a comemora\u00e7\u00e3o dos 138 anos da cidade de Guanh\u00e3es, a programa\u00e7\u00e3o foi iniciada com mega show da dupla sertaneja C\u00e9sar Menotti &amp; Fabiano, nesta sexta teremos Fernando &amp; Sorocaba, no s\u00e1bado Michel Tel\u00f3 e no domingo show gospel com Bruno Diniz. Confira a programa\u00e7\u00e3o completa, <a href=\"http:\/\/aconteceunovale.com.br\/portal\/?p=12644\">clique aqui<\/a>.<\/p>\n<p><strong>&#8211;&gt; CAPELINHA<\/strong><\/p>\n<p><strong>Lan\u00e7amento do DVD da dupla Wilson Costa &amp; Ademir<\/strong><\/p>\n<p>Acontece neste s\u00e1bado, 26 de outubro o mega show de lan\u00e7amento do primeiro DVD da dupla sertaneja Wilson Costa &amp; Ademir, o evento ser\u00e1 realizado no Galp\u00e3o Cultural. Informa\u00e7\u00f5es,<a href=\"http:\/\/aconteceunovale.com.br\/portal\/?p=12548\"> clique aqui<\/a>.<\/p>\n<p><strong>&#8211;&gt; ALMENARA<\/strong><\/p>\n<p><strong>1\u00ba ForroChando de Almenara<\/strong><\/p>\n<p>Nos dias 25 e 26, acontece em Almenara o primeiro ForroChando, o evento ser\u00e1 realizado no Kaibez\u00e3o e ter\u00e1 shows com Netinho do Forr\u00f3 e Som do Povo. Informa\u00e7\u00f5es, <a href=\"http:\/\/aconteceunovale.com.br\/portal\/?p=12130\">clique aqui<\/a>.<\/p>\n<p><strong>&#8211;&gt; DIAMANTINA<\/strong><\/p>\n<p><strong>Sextas Inten\u00e7\u00f5es III &#8211; 100 dias para a formatura (evento oficial)<\/strong><\/p>\n<p>Vitor &amp; Guilherme (dupla sertaneja mineira) se apresentam* no &#8220;Sextas Inten\u00e7\u00f5es&#8221;, um evento realizado pelo 10\u00ba per\u00edodo de Agr\u00e1rias em parceria com o Armaz\u00e9m. Na sexta-feira (25), faltar\u00e3o 100 dias para a formatura da turma. Informa\u00e7\u00f5es, <a href=\"https:\/\/www.facebook.com\/events\/729269483753888\/?ref=2&amp;ref_dashboard_filter=calendar\">clique aqui<\/a>.<\/p>\n<p><strong><br \/>\n&#8211;&gt; ARA\u00c7UA\u00cd<\/strong><\/p>\n<p><strong>1\u00ba Eletroneja do Uait<\/strong><\/p>\n<p>Neste s\u00e1bado, 26 de outubro acontece a 1\u00aa Eletroneja da Uait, o evento acontece a partir das 21 horas e ter\u00e1 show com a dupla sertaneja Jo\u00e3o Pedro &amp; Luan.<\/p>\n<p><strong>&#8211;&gt; TE\u00d3FILO OTONI<\/strong><\/p>\n<p><strong>Adega Z Pub<\/strong><\/p>\n<p>Sexta show com O Rappa Cover, e s\u00e1bado o Reggae a P\u00e9, sempre as 22h.<\/p>\n<p><strong>Festa Halloween no Villa Lounge<\/strong><\/p>\n<p>Sexta, show com Banda Hera e Latitude 23 e s\u00e1bado o ax\u00e9 da Banda Mania de Toalha<\/p>\n<p><strong>Nelson da Pisadinha no Galp\u00e3o Socorro<\/strong><\/p>\n<p>Neste s\u00e1bado, 26 de outubro, a partir das 22horas em Val\u00e3o.<\/p>\n<p>O evento da sua cidade n\u00e3o est\u00e1 em nossa agenda? Envie o cartaz ou informa\u00e7\u00f5es para nosso e-mail: contato@aconteceunovale.com.br. Desde j\u00e1 agradecemos pela sua colabora\u00e7\u00e3o.<\/p>\n","protected":false},"excerpt":{"rendered":"<p>Preparamos uma publica\u00e7\u00e3o especial com todos os eventos que acontecem neste fim de semana na regi\u00e3o. O evento da sua cidade n\u00e3o est\u00e1 em nossa agenda? Envie o cartaz ou informa\u00e7\u00f5es para nosso e-mail: contato@aconteceunovale.com.br. Desde j\u00e1 agradecemos pela sua colabora\u00e7\u00e3o. &#8211;&gt; GUANH\u00c3ES 138\u00ba Anivers\u00e1rio de Guanh\u00e3es Come\u00e7ou nesta quinta-feira (24) a comemora\u00e7\u00e3o dos 138 [&hellip;]<\/p>\n","protected":false},"author":1,"featured_media":12172,"comment_status":"open","ping_status":"open","sticky":false,"template":"","format":"standard","meta":{"amp_status":"","footnotes":""},"categories":[125],"tags":[488,142,186,132,198,155,133,166,129],"class_list":["post-12670","post","type-post","status-publish","format-standard","has-post-thumbnail","hentry","category-noticias","tag-agenda-cultural","tag-almenara","tag-aracuai","tag-capelinha","tag-diamantina","tag-guanhaes","tag-vale-do-jequitinhonha","tag-vale-do-mucuri","tag-vale-do-rio-doce"],"_links":{"self":[{"href":"https:\/\/aconteceunovale.com.br\/portal\/index.php?rest_route=\/wp\/v2\/posts\/12670","targetHints":{"allow":["GET"]}}],"collection":[{"href":"https:\/\/aconteceunovale.com.br\/portal\/index.php?rest_route=\/wp\/v2\/posts"}],"about":[{"href":"https:\/\/aconteceunovale.com.br\/portal\/index.php?rest_route=\/wp\/v2\/types\/post"}],"author":[{"embeddable":true,"href":"https:\/\/aconteceunovale.com.br\/portal\/index.php?rest_route=\/wp\/v2\/users\/1"}],"replies":[{"embeddable":true,"href":"https:\/\/aconteceunovale.com.br\/portal\/index.php?rest_route=%2Fwp%2Fv2%2Fcomments&post=12670"}],"version-history":[{"count":0,"href":"https:\/\/aconteceunovale.com.br\/portal\/index.php?rest_route=\/wp\/v2\/posts\/12670\/revisions"}],"wp:featuredmedia":[{"embeddable":true,"href":"https:\/\/aconteceunovale.com.br\/portal\/index.php?rest_route=\/wp\/v2\/media\/12172"}],"wp:attachment":[{"href":"https:\/\/aconteceunovale.com.br\/portal\/index.php?rest_route=%2Fwp%2Fv2%2Fmedia&parent=12670"}],"wp:term":[{"taxonomy":"category","embeddable":true,"href":"https:\/\/aconteceunovale.com.br\/portal\/index.php?rest_route=%2Fwp%2Fv2%2Fcategories&post=12670"},{"taxonomy":"post_tag","embeddable":true,"href":"https:\/\/aconteceunovale.com.br\/portal\/index.php?rest_route=%2Fwp%2Fv2%2Ftags&post=12670"}],"curies":[{"name":"wp","href":"https:\/\/api.w.org\/{rel}","templated":true}]}}