{"id":126690,"date":"2018-01-20T21:26:38","date_gmt":"2018-01-20T23:26:38","guid":{"rendered":"http:\/\/aconteceunovale.com.br\/portal\/?p=126690"},"modified":"2018-01-20T21:26:38","modified_gmt":"2018-01-20T23:26:38","slug":"operacao-armagedom-detem-16-integrantes-de-quadrilhas-em-tarumirim-no-leste-de-minas","status":"publish","type":"post","link":"https:\/\/aconteceunovale.com.br\/portal\/?p=126690","title":{"rendered":"Opera\u00e7\u00e3o Armagedom det\u00e9m 16 integrantes de quadrilhas em Tarumirim, no Leste de Minas"},"content":{"rendered":"<p>Doze pessoas foram presas e quatro adolescentes detidos durante as investiga\u00e7\u00f5es da opera\u00e7\u00e3o Armagedom, ap\u00f3s um trabalho de investiga\u00e7\u00e3o da Pol\u00edcia Civil na cidade de Tarumirim (MG), na quinta-feira (18\/01\/2018). Segundo a pol\u00edcia, todos os detidos s\u00e3o integrantes de quadrilhas de tr\u00e1fico de drogas que agem na regi\u00e3o. Outros 20 mandatos de busca e apreens\u00e3o, sendo um deles na cidade de Ipatinga, tamb\u00e9m foram cumpridos dentro da opera\u00e7\u00e3o.<\/p>\n<p>De acordo com Clariston Lopes, um dos delegados que comandaram a opera\u00e7\u00e3o, foram cerca de tr\u00eas meses de investiga\u00e7\u00f5es que ajudaram a pol\u00edcia a identificar membros de duas fac\u00e7\u00f5es criminosas que recebiam drogas da cidade do Rio de Janeiro (RJ) e faziam a distribui\u00e7\u00e3o local.<\/p>\n<p>Ainda de acordo com o delegado, um dos l\u00edderes das quadrilhas agia de dentro do Pres\u00eddio de Tarumirim (MG), e tentou atrapalhar as investiga\u00e7\u00f5es. \u201cEstava ocorrendo uma investiga\u00e7\u00e3o de tr\u00e1fico na cidade, quando o delegado e um policial militar foram amea\u00e7ados por um homem, um dos l\u00edderes das quadrilhas, que estava detido no pres\u00eddio de Tarumirim. Foi quando a Pol\u00edcia Civil instaurou uma nova investiga\u00e7\u00e3o para apurar essa conduta. Ap\u00f3s tr\u00eas meses, conseguimos prender as pessoas que estavam associadas a esse homem. Al\u00e9m dos processos que ele j\u00e1 responde, o Minist\u00e9rio P\u00fablico o denunciou por coa\u00e7\u00e3o do curso do processo e diversos outros crimes, como corrup\u00e7\u00e3o de menores\u201d, explicou.<\/p>\n<p>Todos os detidos foram encaminhados para a delegacia de Governador Valadares e nesta sexta-feira (19), os autores adultos foram levados ao Pres\u00eddio de Tarumirim. Os menores foram encaminhados para centros de interna\u00e7\u00e3o de Governador Valadares e Belo Horizonte.<\/p>\n<p><img decoding=\"async\" src=\"http:\/\/aconteceunovale.com.br\/portal\/wp-content\/uploads\/2018\/01\/operacao_tarumirim_1.jpg\" alt=\"\" \/><em>Autores foram encaminhados \u00e0 delegacia em Valadares (Foto: Pol\u00edcia Civil \/ Divulga\u00e7\u00e3o)<\/em><br \/>\n<\/br><\/p>\n<h4>Opera\u00e7\u00e3o Armagedom<\/h4>\n<p>A opera\u00e7\u00e3o contou com a presen\u00e7a de aproximadamente 90 policiais civis, ajuda de c\u00e3es farejadores e apoio a\u00e9reo atrav\u00e9s do helic\u00f3ptero Carcar\u00e1 da PCMG. O nome Armagedom, faz a refer\u00eancia ao fen\u00f4meno apocal\u00edptico que traz um recome\u00e7o para as pessoas, e segundo o delegado F\u00e1bio Sfalcin, \u00e9 essa a proposta que a Pol\u00edcia Civil trouxe com as investiga\u00e7\u00f5es e pris\u00f5es efetuadas.<\/p>\n<p>\u201cA Pol\u00edcia Civil veio para mostrar a for\u00e7a e o poder que tem para reprimir o crime organizado. Nosso objetivo \u00e9 tirar esses infratores da sociedade j\u00e1 que eles s\u00e3o nocivos \u00e0 sa\u00fade p\u00fablica e ao desenvolvimento humano da comunidade de Tarumirim. Isso refor\u00e7a tamb\u00e9m a necessidade de inqu\u00e9ritos policiais mais bem apurados e de um trabalho da pol\u00edcia com base na investiga\u00e7\u00e3o. Muitas pessoas s\u00e3o presas por tr\u00e1fico, e muitas tamb\u00e9m conseguem sair, sendo assim, uma investiga\u00e7\u00e3o mais bem apurada garante provas concretas para que essas pessoas continuem detidas.\u201d confessou.<\/p>\n<p><img decoding=\"async\" src=\"http:\/\/aconteceunovale.com.br\/portal\/wp-content\/uploads\/2018\/01\/operacao_tarumirim_2.jpg\" alt=\"\" \/><em>Opera\u00e7\u00e3o envolveu cerca de 90 policiais (Foto: Pol\u00edcia Civil \/ Divulga\u00e7\u00e3o)<\/em><br \/>\n<\/br><\/p>\n<p><strong>VER PRIMEIRO<\/strong><\/p>\n<p>Receba as not\u00edcias do Aconteceu no Vale em primeira m\u00e3o. Clique em curtir no endere\u00e7o <a href=\"https:\/\/www.facebook.com\/aconteceunovale\" target=\"_blank\"><font color=\"red\">www.facebook.com\/aconteceunovale<\/font><\/a> ou no box abaixo:<\/p>\n<div class=\"fb-like\" data-href=\"https:\/\/www.facebook.com\/aconteceunovale\" data-width=\"120\" data-layout=\"standard\" data-action=\"like\" data-size=\"small\" data-show-faces=\"true\" data-share=\"true\"><\/div>\n<p><\/br><\/p>\n<p><em>(Fonte: G1 Vales)<\/em><\/p>\n","protected":false},"excerpt":{"rendered":"<p>Doze pessoas foram presas e quatro adolescentes detidos durante as investiga\u00e7\u00f5es da opera\u00e7\u00e3o Armagedom, ap\u00f3s um trabalho de investiga\u00e7\u00e3o da Pol\u00edcia Civil na cidade de Tarumirim (MG), na quinta-feira (18\/01\/2018). Segundo a pol\u00edcia, todos os detidos s\u00e3o integrantes de quadrilhas de tr\u00e1fico de drogas que agem na regi\u00e3o. Outros 20 mandatos de busca e apreens\u00e3o, [&hellip;]<\/p>\n","protected":false},"author":1,"featured_media":126691,"comment_status":"open","ping_status":"closed","sticky":false,"template":"","format":"standard","meta":{"amp_status":"","footnotes":""},"categories":[121],"tags":[167784,167786,1018,157125,247,50751,167781,167787,167782,167783,128580,167785,76341,329],"class_list":["post-126690","post","type-post","status-publish","format-standard","has-post-thumbnail","hentry","category-leste","tag-clariston-lopes","tag-delegado-fabio-sfalcin","tag-destaque","tag-fabio-sfalcin","tag-governador-valadares","tag-no-leste-de-minas","tag-operacao-armagedom","tag-operacao-armagedom-detem-16-integrantes-de-quadrilhas-em-tarumirim","tag-operacao-armagedom-em-tarumirim","tag-operacao-da-pc-em-tarumirim","tag-operacao-da-policia-civil-em-tarumirim","tag-presidio-de-tarumirim","tag-presos-em-tarumirim","tag-tarumirim"],"_links":{"self":[{"href":"https:\/\/aconteceunovale.com.br\/portal\/index.php?rest_route=\/wp\/v2\/posts\/126690","targetHints":{"allow":["GET"]}}],"collection":[{"href":"https:\/\/aconteceunovale.com.br\/portal\/index.php?rest_route=\/wp\/v2\/posts"}],"about":[{"href":"https:\/\/aconteceunovale.com.br\/portal\/index.php?rest_route=\/wp\/v2\/types\/post"}],"author":[{"embeddable":true,"href":"https:\/\/aconteceunovale.com.br\/portal\/index.php?rest_route=\/wp\/v2\/users\/1"}],"replies":[{"embeddable":true,"href":"https:\/\/aconteceunovale.com.br\/portal\/index.php?rest_route=%2Fwp%2Fv2%2Fcomments&post=126690"}],"version-history":[{"count":0,"href":"https:\/\/aconteceunovale.com.br\/portal\/index.php?rest_route=\/wp\/v2\/posts\/126690\/revisions"}],"wp:featuredmedia":[{"embeddable":true,"href":"https:\/\/aconteceunovale.com.br\/portal\/index.php?rest_route=\/wp\/v2\/media\/126691"}],"wp:attachment":[{"href":"https:\/\/aconteceunovale.com.br\/portal\/index.php?rest_route=%2Fwp%2Fv2%2Fmedia&parent=126690"}],"wp:term":[{"taxonomy":"category","embeddable":true,"href":"https:\/\/aconteceunovale.com.br\/portal\/index.php?rest_route=%2Fwp%2Fv2%2Fcategories&post=126690"},{"taxonomy":"post_tag","embeddable":true,"href":"https:\/\/aconteceunovale.com.br\/portal\/index.php?rest_route=%2Fwp%2Fv2%2Ftags&post=126690"}],"curies":[{"name":"wp","href":"https:\/\/api.w.org\/{rel}","templated":true}]}}