{"id":126680,"date":"2018-01-20T21:06:35","date_gmt":"2018-01-20T23:06:35","guid":{"rendered":"http:\/\/aconteceunovale.com.br\/portal\/?p=126680"},"modified":"2018-01-20T21:06:35","modified_gmt":"2018-01-20T23:06:35","slug":"dois-homicidios-e-dois-afogamentos-registrados-em-governador-valadares","status":"publish","type":"post","link":"https:\/\/aconteceunovale.com.br\/portal\/?p=126680","title":{"rendered":"Dois homic\u00eddios e dois afogamentos registrados em Governador Valadares"},"content":{"rendered":"<p>Um jovem de 22 anos foi assassinado no Bairro Santa Paula, em Governador Valadares, na madrugada deste s\u00e1bado (20\/01\/2018). Familiares disseram \u00e0 PM que Leonardo Lopes da Cruz saiu para atender a um chamado na porta, mas como n\u00e3o encontrou ningu\u00e9m caminhou at\u00e9 a esquina da casa e foi surpreendido por tr\u00eas homens armados, que efetuaram v\u00e1rios disparos.<\/p>\n<p>Ap\u00f3s ser baleado com um tiro no peito, ele correu para dentro da casa e morreu no local. A per\u00edcia esteve no im\u00f3vel e corpo foi encaminhado ao Instituto M\u00e9dico Legal de Governador Valadares. At\u00e9 o momento ningu\u00e9m foi preso e a motiva\u00e7\u00e3o do crime \u00e9 desconhecida. O caso ser\u00e1 investigado pela Pol\u00edcia Civil.<\/p>\n<p><strong><\/p>\n<h3>Morto com uma facada no peito <\/h3>\n<p><\/strong><\/p>\n<p>Um jovem de 19 anos foi morto com uma facada no peito, no Bairro Planalto, em Governador Valadares, na noite de quinta-feira (18). De acordo com informa\u00e7\u00f5es da Pol\u00edcia Militar, Wagner de Vasconcelos Souza estava em casa quando um adolescente, de 17, o chamou para conversar o golpeou.<\/p>\n<p>Ainda de acordo com a PM, ap\u00f3s ser atingido o jovem correu e pediu socorro dentro da casa dele, mas acabou morrendo no local. A per\u00edcia compareceu no im\u00f3vel e o corpo foi encaminhado ao Instituto M\u00e9dico Legal de Governador Valadares.<\/p>\n<p>O adolescente foi detido em casa e confessou o crime. Ele disse \u00e0 PM que matou a v\u00edtima porque estava sendo amea\u00e7ado. O suspeito contou ainda que Wagner estava cobrando uma d\u00edvida de R$ 1 mil porque o carro dele foi apreendido em outubro de 2017 ap\u00f3s envolvimento em um roubo.<\/p>\n<p>O suspeito foi conduzido \u00e0 delegacia e a faca utilizada no crime n\u00e3o foi encontrada.<\/p>\n<p><strong><\/p>\n<h3>Bombeiros resgatam corpo no Rio Doce<\/h3>\n<p><\/strong><\/p>\n<p>O Corpo de Bombeiros encontrou na tarde de quinta-feira (18) o corpo de um jovem, de 18 anos, em Governador Valadares (MG). Segundo o \u00f3rg\u00e3o, o rapaz estava desaparecido deste a \u00faltima ter\u00e7a (16), quando se afogou no Rio Doce.<\/p>\n<p>Testemunhas disseram que Joelson Rodrigues de Souza se afogou ao entrar na \u00e1gua para pegar uma rede pesca, na regi\u00e3o do Conjunto SIR. O corpo dele foi encontrado a cerca de 12 km adiante, j\u00e1 perto de uma f\u00e1brica de latic\u00ednios, \u00e0s margens da BR-259 e pr\u00f3ximo ao distrito de S\u00e3o Vitor.<\/p>\n<p><strong><\/p>\n<h3>Afogamento no Parque das Aroeiras<\/h3>\n<p><\/strong><\/p>\n<p>Os bombeiros de Governador Valadares resgataram, na manh\u00e3 de quarta-feira (17), o corpo de um adolescente que se afogou enquanto nadava em uma lagoa do Parque das Aroeiras. Vitor Manuel Pereira Rodrigues, de 15 anos, desapareceu na tarde de ter\u00e7a-feira (16), quando os trabalhos de busca foram iniciados.<\/p>\n<p>A m\u00e3e do adolescente disse aos bombeiros que ele nadava com outras pessoas da mesma idade, quando desapareceu. O corpo foi localizado logo depois que as buscas foram retomadas na manh\u00e3 de quarta-feira. <\/p>\n<p><strong>VER PRIMEIRO<\/strong><\/p>\n<p>Receba as not\u00edcias do Aconteceu no Vale em primeira m\u00e3o. Clique em curtir no endere\u00e7o <a href=\"https:\/\/www.facebook.com\/aconteceunovale\" target=\"_blank\"><font color=\"red\">www.facebook.com\/aconteceunovale<\/font><\/a> ou no box abaixo:<\/p>\n<div class=\"fb-like\" data-href=\"https:\/\/www.facebook.com\/aconteceunovale\" data-width=\"120\" data-layout=\"standard\" data-action=\"like\" data-size=\"small\" data-show-faces=\"true\" data-share=\"true\"><\/div>\n<p><\/br><\/p>\n<p><em>(Fonte: G1 Vales)<\/em><\/p>\n","protected":false},"excerpt":{"rendered":"<p>Um jovem de 22 anos foi assassinado no Bairro Santa Paula, em Governador Valadares, na madrugada deste s\u00e1bado (20\/01\/2018). Familiares disseram \u00e0 PM que Leonardo Lopes da Cruz saiu para atender a um chamado na porta, mas como n\u00e3o encontrou ningu\u00e9m caminhou at\u00e9 a esquina da casa e foi surpreendido por tr\u00eas homens armados, que [&hellip;]<\/p>\n","protected":false},"author":1,"featured_media":71442,"comment_status":"open","ping_status":"closed","sticky":false,"template":"","format":"standard","meta":{"amp_status":"","footnotes":""},"categories":[121],"tags":[44655,167763,247,8180,167762,167760,43038,44656,167761],"class_list":["post-126680","post","type-post","status-publish","format-standard","has-post-thumbnail","hentry","category-leste","tag-assassinado-em-governador-valadares","tag-dois-homicidios-e-dois-afogamentos-registrados-em-governador-valadares","tag-governador-valadares","tag-homicidio-em-governador-valadares","tag-joelson-rodrigues-de-souza","tag-leonardo-lopes-da-cruz","tag-morto-em-governador-valadares","tag-violencia-em-governador-valadares","tag-wagner-de-vasconcelos-souza"],"_links":{"self":[{"href":"https:\/\/aconteceunovale.com.br\/portal\/index.php?rest_route=\/wp\/v2\/posts\/126680","targetHints":{"allow":["GET"]}}],"collection":[{"href":"https:\/\/aconteceunovale.com.br\/portal\/index.php?rest_route=\/wp\/v2\/posts"}],"about":[{"href":"https:\/\/aconteceunovale.com.br\/portal\/index.php?rest_route=\/wp\/v2\/types\/post"}],"author":[{"embeddable":true,"href":"https:\/\/aconteceunovale.com.br\/portal\/index.php?rest_route=\/wp\/v2\/users\/1"}],"replies":[{"embeddable":true,"href":"https:\/\/aconteceunovale.com.br\/portal\/index.php?rest_route=%2Fwp%2Fv2%2Fcomments&post=126680"}],"version-history":[{"count":0,"href":"https:\/\/aconteceunovale.com.br\/portal\/index.php?rest_route=\/wp\/v2\/posts\/126680\/revisions"}],"wp:featuredmedia":[{"embeddable":true,"href":"https:\/\/aconteceunovale.com.br\/portal\/index.php?rest_route=\/wp\/v2\/media\/71442"}],"wp:attachment":[{"href":"https:\/\/aconteceunovale.com.br\/portal\/index.php?rest_route=%2Fwp%2Fv2%2Fmedia&parent=126680"}],"wp:term":[{"taxonomy":"category","embeddable":true,"href":"https:\/\/aconteceunovale.com.br\/portal\/index.php?rest_route=%2Fwp%2Fv2%2Fcategories&post=126680"},{"taxonomy":"post_tag","embeddable":true,"href":"https:\/\/aconteceunovale.com.br\/portal\/index.php?rest_route=%2Fwp%2Fv2%2Ftags&post=126680"}],"curies":[{"name":"wp","href":"https:\/\/api.w.org\/{rel}","templated":true}]}}