{"id":126678,"date":"2018-01-20T20:42:31","date_gmt":"2018-01-20T22:42:31","guid":{"rendered":"http:\/\/aconteceunovale.com.br\/portal\/?p=126678"},"modified":"2018-01-20T20:42:31","modified_gmt":"2018-01-20T22:42:31","slug":"adolescente-de-16-anos-e-mantida-em-carcere-privado-em-montes-claros","status":"publish","type":"post","link":"https:\/\/aconteceunovale.com.br\/portal\/?p=126678","title":{"rendered":"Adolescente de 16 anos \u00e9 mantida em c\u00e1rcere privado em Montes Claros"},"content":{"rendered":"<p>Uma adolescente de 16 anos foi mantida em c\u00e1rcere privado por aproximadamente quatro horas, na quinta-feira (18\/01\/2018), em Montes Claros. De acordo com a Pol\u00edcia Militar, a v\u00edtima foi at\u00e9 a casa do namorado, de 20, e foi impedida de ir embora. Uma amiga, de 15, que estava com ela, conseguiu avisar os familiares e a Pol\u00edcia Militar foi chamada. O suspeito cumpria pris\u00e3o domiciliar e foi levado para a delegacia.<\/p>\n<p>&#8220;Apuramos que as duas amigas estavam no local e ap\u00f3s algum tipo de desentendimento, elas tentaram ir embora, mas foram impedidas. A adolescente mais nova avisou o pai e conseguiu fugir, mas a outra menina, que mantinha relacionamento com o suspeito, foi impedida novamente. Fizemos o cerco-bloqueio na regi\u00e3o e conseguimos resgatar a v\u00edtima e efetuamos a pris\u00e3o dele&#8221;, explicou o Tenente Roger Neves.<\/p>\n<p>A ocorr\u00eancia foi no Bairro Morrinhos por volta das 16h e a v\u00edtima foi liberada \u00e0s 20h. Ela contou para os militares que foi agredida com empurr\u00f5es e que foi amea\u00e7ada durante o tempo que estava na casa.<\/p>\n<p>&#8220;Quando prendemos o suspeito, ela come\u00e7ou a chorar e nos contou que chegou a desmaiar por conta da situa\u00e7\u00e3o. Um segundo rapaz que estaria na casa n\u00e3o foi encontrado&#8221;, detalhou o oficial.<\/p>\n<p>A Pol\u00edcia Civil informou que o suspeito cumpria pena domiciliar por roubo e que o Judici\u00e1rio ser\u00e1 notificado em fun\u00e7\u00e3o da nova pris\u00e3o dele. O rapaz foi autuado pelos crimes de c\u00e1rcere privado, amea\u00e7a e vias de fato \u2013 quando h\u00e1 uma agress\u00e3o f\u00edsica que n\u00e3o causa les\u00e3o corporal.<\/p>\n<p><strong>VER PRIMEIRO<\/strong><\/p>\n<p>Receba as not\u00edcias do Aconteceu no Vale em primeira m\u00e3o. Clique em curtir no endere\u00e7o <a href=\"https:\/\/www.facebook.com\/aconteceunovale\" target=\"_blank\"><font color=\"red\">www.facebook.com\/aconteceunovale<\/font><\/a> ou no box abaixo:<\/p>\n<div class=\"fb-like\" data-href=\"https:\/\/www.facebook.com\/aconteceunovale\" data-width=\"120\" data-layout=\"standard\" data-action=\"like\" data-size=\"small\" data-show-faces=\"true\" data-share=\"true\"><\/div>\n<p><\/br><\/p>\n<p><em>(Fonte: G1 Grande Minas)<\/em><\/p>\n","protected":false},"excerpt":{"rendered":"<p>Uma adolescente de 16 anos foi mantida em c\u00e1rcere privado por aproximadamente quatro horas, na quinta-feira (18\/01\/2018), em Montes Claros. De acordo com a Pol\u00edcia Militar, a v\u00edtima foi at\u00e9 a casa do namorado, de 20, e foi impedida de ir embora. Uma amiga, de 15, que estava com ela, conseguiu avisar os familiares e [&hellip;]<\/p>\n","protected":false},"author":1,"featured_media":71442,"comment_status":"open","ping_status":"closed","sticky":false,"template":"","format":"standard","meta":{"amp_status":"","footnotes":""},"categories":[1236],"tags":[167756,167755,167758,167759,167757,210],"class_list":["post-126678","post","type-post","status-publish","format-standard","has-post-thumbnail","hentry","category-norte_de_minas","tag-adolescente-agredida-em-montes-claros","tag-adolescente-de-16-anos-e-mantida-em-carcere-privado-em-montes-claros","tag-adolescente-em-carcere-privado-em-montes-claros","tag-adolescente-mantida-em-carcere-privado-em-montes-claros","tag-adolescente-presa-pelo-namorado-em-montes-claros","tag-montes-claros"],"_links":{"self":[{"href":"https:\/\/aconteceunovale.com.br\/portal\/index.php?rest_route=\/wp\/v2\/posts\/126678","targetHints":{"allow":["GET"]}}],"collection":[{"href":"https:\/\/aconteceunovale.com.br\/portal\/index.php?rest_route=\/wp\/v2\/posts"}],"about":[{"href":"https:\/\/aconteceunovale.com.br\/portal\/index.php?rest_route=\/wp\/v2\/types\/post"}],"author":[{"embeddable":true,"href":"https:\/\/aconteceunovale.com.br\/portal\/index.php?rest_route=\/wp\/v2\/users\/1"}],"replies":[{"embeddable":true,"href":"https:\/\/aconteceunovale.com.br\/portal\/index.php?rest_route=%2Fwp%2Fv2%2Fcomments&post=126678"}],"version-history":[{"count":0,"href":"https:\/\/aconteceunovale.com.br\/portal\/index.php?rest_route=\/wp\/v2\/posts\/126678\/revisions"}],"wp:featuredmedia":[{"embeddable":true,"href":"https:\/\/aconteceunovale.com.br\/portal\/index.php?rest_route=\/wp\/v2\/media\/71442"}],"wp:attachment":[{"href":"https:\/\/aconteceunovale.com.br\/portal\/index.php?rest_route=%2Fwp%2Fv2%2Fmedia&parent=126678"}],"wp:term":[{"taxonomy":"category","embeddable":true,"href":"https:\/\/aconteceunovale.com.br\/portal\/index.php?rest_route=%2Fwp%2Fv2%2Fcategories&post=126678"},{"taxonomy":"post_tag","embeddable":true,"href":"https:\/\/aconteceunovale.com.br\/portal\/index.php?rest_route=%2Fwp%2Fv2%2Ftags&post=126678"}],"curies":[{"name":"wp","href":"https:\/\/api.w.org\/{rel}","templated":true}]}}