{"id":126670,"date":"2018-01-20T20:02:02","date_gmt":"2018-01-20T22:02:02","guid":{"rendered":"http:\/\/aconteceunovale.com.br\/portal\/?p=126670"},"modified":"2018-01-20T20:02:02","modified_gmt":"2018-01-20T22:02:02","slug":"jovem-e-assassinado-enquanto-conversava-com-amigo-na-porta-de-casa-em-porteirinha","status":"publish","type":"post","link":"https:\/\/aconteceunovale.com.br\/portal\/?p=126670","title":{"rendered":"Jovem \u00e9 assassinado enquanto conversava com amigo na porta de casa em Porteirinha"},"content":{"rendered":"<p>Um jovem de 27 anos foi morto a tiros e um homem, de 37, foi baleado em Porteirinha, no Norte de Minas, na noite dessa sexta-feira (19\/01\/2018). Segundo a Pol\u00edcia Militar (PM), eles estavam conversando na porta de uma casa, no Bairro Beira Rio, quando dois indiv\u00edduos chegaram de moto e atiraram v\u00e1rias vezes.<\/p>\n<p>Leandro Nunes Ferreira foi atingido com tr\u00eas tiros nas costas e um nas n\u00e1degas. Uma equipe do Samu atestou o \u00f3bito no local. A outra v\u00edtima foi baleada no abd\u00f4men e socorrida at\u00e9 o hospital pela Pol\u00edcia Militar.<\/p>\n<p>Segundo a PM, as duas v\u00edtimas t\u00eam passagens por furto e a m\u00e3e do baleado informou que eles estavam sendo amea\u00e7ados por causa dos crimes. At\u00e9 o momento nenhum suspeito foi preso e o caso ser\u00e1 investigado pela Pol\u00edcia Civil.<\/p>\n<p><strong>VER PRIMEIRO<\/strong><\/p>\n<p>Receba as not\u00edcias do Aconteceu no Vale em primeira m\u00e3o. Clique em curtir no endere\u00e7o <a href=\"https:\/\/www.facebook.com\/aconteceunovale\" target=\"_blank\"><font color=\"red\">www.facebook.com\/aconteceunovale<\/font><\/a> ou no box abaixo:<\/p>\n<div class=\"fb-like\" data-href=\"https:\/\/www.facebook.com\/aconteceunovale\" data-width=\"120\" data-layout=\"standard\" data-action=\"like\" data-size=\"small\" data-show-faces=\"true\" data-share=\"true\"><\/div>\n<p><\/br><\/p>\n<p><em>(Fonte: G1 Grande Minas)<\/em><\/p>\n","protected":false},"excerpt":{"rendered":"<p>Um jovem de 27 anos foi morto a tiros e um homem, de 37, foi baleado em Porteirinha, no Norte de Minas, na noite dessa sexta-feira (19\/01\/2018). Segundo a Pol\u00edcia Militar (PM), eles estavam conversando na porta de uma casa, no Bairro Beira Rio, quando dois indiv\u00edduos chegaram de moto e atiraram v\u00e1rias vezes. Leandro [&hellip;]<\/p>\n","protected":false},"author":1,"featured_media":71442,"comment_status":"open","ping_status":"closed","sticky":false,"template":"","format":"standard","meta":{"amp_status":"","footnotes":""},"categories":[1236],"tags":[63360,63358,167742,167741,63361,1194],"class_list":["post-126670","post","type-post","status-publish","format-standard","has-post-thumbnail","hentry","category-norte_de_minas","tag-assassinado-em-porteirinha","tag-homicidio-em-porteirinha","tag-jovem-e-assassinado-enquanto-conversava-com-amigo-na-porta-de-casa-em-porteirinha","tag-leandro-nunes-ferreira","tag-morto-em-porteirinha","tag-porteirinha"],"_links":{"self":[{"href":"https:\/\/aconteceunovale.com.br\/portal\/index.php?rest_route=\/wp\/v2\/posts\/126670","targetHints":{"allow":["GET"]}}],"collection":[{"href":"https:\/\/aconteceunovale.com.br\/portal\/index.php?rest_route=\/wp\/v2\/posts"}],"about":[{"href":"https:\/\/aconteceunovale.com.br\/portal\/index.php?rest_route=\/wp\/v2\/types\/post"}],"author":[{"embeddable":true,"href":"https:\/\/aconteceunovale.com.br\/portal\/index.php?rest_route=\/wp\/v2\/users\/1"}],"replies":[{"embeddable":true,"href":"https:\/\/aconteceunovale.com.br\/portal\/index.php?rest_route=%2Fwp%2Fv2%2Fcomments&post=126670"}],"version-history":[{"count":0,"href":"https:\/\/aconteceunovale.com.br\/portal\/index.php?rest_route=\/wp\/v2\/posts\/126670\/revisions"}],"wp:featuredmedia":[{"embeddable":true,"href":"https:\/\/aconteceunovale.com.br\/portal\/index.php?rest_route=\/wp\/v2\/media\/71442"}],"wp:attachment":[{"href":"https:\/\/aconteceunovale.com.br\/portal\/index.php?rest_route=%2Fwp%2Fv2%2Fmedia&parent=126670"}],"wp:term":[{"taxonomy":"category","embeddable":true,"href":"https:\/\/aconteceunovale.com.br\/portal\/index.php?rest_route=%2Fwp%2Fv2%2Fcategories&post=126670"},{"taxonomy":"post_tag","embeddable":true,"href":"https:\/\/aconteceunovale.com.br\/portal\/index.php?rest_route=%2Fwp%2Fv2%2Ftags&post=126670"}],"curies":[{"name":"wp","href":"https:\/\/api.w.org\/{rel}","templated":true}]}}