{"id":126667,"date":"2018-01-20T19:51:42","date_gmt":"2018-01-20T21:51:42","guid":{"rendered":"http:\/\/aconteceunovale.com.br\/portal\/?p=126667"},"modified":"2018-01-20T19:51:42","modified_gmt":"2018-01-20T21:51:42","slug":"policia-prende-mais-um-criminoso-em-medina","status":"publish","type":"post","link":"https:\/\/aconteceunovale.com.br\/portal\/?p=126667","title":{"rendered":"Pol\u00edcia prende mais um criminoso em Medina"},"content":{"rendered":"<p>As Pol\u00edcias Civil e Militar de Medina prenderam, nessa sexta-feira (19\/01\/2018), um dos homens que era alvo da opera\u00e7\u00e3o de combate ao tr\u00e1fico realizada na \u00faltima quinta-feira (18) na cidade. O suspeito estava escondido em uma casa no Bairro V\u00e1rzea Grande, onde o mandado de pris\u00e3o preventiva foi cumprido.<\/p>\n<p>De acordo com o delegado Thiago de Carvalho Passos, ele est\u00e1 envolvido com o tr\u00e1fico de drogas e v\u00e1rios homic\u00eddios. Todos os crimes foram cometidos em Medina. O suspeito foi levado para a delegacia de Pedra Azul.<\/p>\n<p><img decoding=\"async\" src=\"http:\/\/aconteceunovale.com.br\/portal\/wp-content\/uploads\/2018\/01\/op_medina_2.jpg\" alt=\"\" \/><em>Pol\u00edcia apreendeu armas e drogas na \u00faltima quinta-feira (Foto: Pol\u00edcia Civil\/Divulga\u00e7\u00e3o)<\/em><br \/>\n<\/br><\/p>\n<p>Quatro indiv\u00edduos do sexo masculino, de 15, 19, 20 e 31 anos, j\u00e1 haviam sido detidos na mesma opera\u00e7\u00e3o e 12 mandados de busca e apreens\u00e3o foram cumpridos na quinta. A pol\u00edcia apreendeu armas e drogas.<\/p>\n<p>De acordo com a Pol\u00edcia Civil, a a\u00e7\u00e3o foi realizada depois do assassinato de uma adolescente de 17 anos, ocorrido no dia 9 de janeiro. O crime tem liga\u00e7\u00e3o com o tr\u00e1fico de drogas.<\/p>\n<p>Shirley Ledres Rocha foi morta dentro de casa depois que seis criminosos invadiram o im\u00f3vel. No dia do homic\u00eddio, a pol\u00edcia informou que a inten\u00e7\u00e3o dos homens era matar o marido dela, que estava na casa no momento da invas\u00e3o e conseguiu fugir pulando muros. Ele tem passagens por tr\u00e1fico de drogas, roubo, furto e porte ilegal de arma.<\/p>\n<p>Tr\u00eas suspeitos do homic\u00eddio j\u00e1 foram presos e os outros envolvidos est\u00e3o sendo procurados.<\/p>\n<p><strong>VER PRIMEIRO<\/strong><\/p>\n<p>Receba as not\u00edcias do Aconteceu no Vale em primeira m\u00e3o. Clique em curtir no endere\u00e7o <a href=\"https:\/\/www.facebook.com\/aconteceunovale\" target=\"_blank\"><font color=\"red\">www.facebook.com\/aconteceunovale<\/font><\/a> ou no box abaixo:<\/p>\n<div class=\"fb-like\" data-href=\"https:\/\/www.facebook.com\/aconteceunovale\" data-width=\"120\" data-layout=\"standard\" data-action=\"like\" data-size=\"small\" data-show-faces=\"true\" data-share=\"true\"><\/div>\n<p><\/br><\/p>\n<p><em>(Fonte: G1 Grande Minas)<\/em><\/p>\n","protected":false},"excerpt":{"rendered":"<p>As Pol\u00edcias Civil e Militar de Medina prenderam, nessa sexta-feira (19\/01\/2018), um dos homens que era alvo da opera\u00e7\u00e3o de combate ao tr\u00e1fico realizada na \u00faltima quinta-feira (18) na cidade. O suspeito estava escondido em uma casa no Bairro V\u00e1rzea Grande, onde o mandado de pris\u00e3o preventiva foi cumprido. De acordo com o delegado Thiago [&hellip;]<\/p>\n","protected":false},"author":1,"featured_media":126576,"comment_status":"open","ping_status":"closed","sticky":false,"template":"","format":"standard","meta":{"amp_status":"","footnotes":""},"categories":[120],"tags":[166988,62273,47116,131507,13314,389,47118,541,73661,167589,167740,73387,167588,166987,166986,73389,163233,73388,156639],"class_list":["post-126667","post","type-post","status-publish","format-standard","has-post-thumbnail","hentry","category-jequi","tag-adolescente-gravida-e-assassinada-dentro-de-casa-em-medina","tag-assassinado-em-medina","tag-assassinato-em-medina","tag-delegado-thiago-de-carvalho-passos","tag-homicidio-em-medina","tag-medina","tag-morte-em-medina","tag-no-vale-do-jequitinhonha","tag-operacao-em-medina","tag-operacao-policial-detem-quatro-envolvidos-com-crimes-em-medina","tag-policia-prende-mais-um-criminoso-em-medina","tag-presos-em-medina","tag-presos-por-trafico-de-drogas-em-medina","tag-shirley-ledres-santos","tag-shirlley-alves","tag-thiago-de-carvalho-passos","tag-traficantes-presos-em-medina","tag-trafico-de-drogas-em-medina","tag-trafico-em-medina"],"_links":{"self":[{"href":"https:\/\/aconteceunovale.com.br\/portal\/index.php?rest_route=\/wp\/v2\/posts\/126667","targetHints":{"allow":["GET"]}}],"collection":[{"href":"https:\/\/aconteceunovale.com.br\/portal\/index.php?rest_route=\/wp\/v2\/posts"}],"about":[{"href":"https:\/\/aconteceunovale.com.br\/portal\/index.php?rest_route=\/wp\/v2\/types\/post"}],"author":[{"embeddable":true,"href":"https:\/\/aconteceunovale.com.br\/portal\/index.php?rest_route=\/wp\/v2\/users\/1"}],"replies":[{"embeddable":true,"href":"https:\/\/aconteceunovale.com.br\/portal\/index.php?rest_route=%2Fwp%2Fv2%2Fcomments&post=126667"}],"version-history":[{"count":0,"href":"https:\/\/aconteceunovale.com.br\/portal\/index.php?rest_route=\/wp\/v2\/posts\/126667\/revisions"}],"wp:featuredmedia":[{"embeddable":true,"href":"https:\/\/aconteceunovale.com.br\/portal\/index.php?rest_route=\/wp\/v2\/media\/126576"}],"wp:attachment":[{"href":"https:\/\/aconteceunovale.com.br\/portal\/index.php?rest_route=%2Fwp%2Fv2%2Fmedia&parent=126667"}],"wp:term":[{"taxonomy":"category","embeddable":true,"href":"https:\/\/aconteceunovale.com.br\/portal\/index.php?rest_route=%2Fwp%2Fv2%2Fcategories&post=126667"},{"taxonomy":"post_tag","embeddable":true,"href":"https:\/\/aconteceunovale.com.br\/portal\/index.php?rest_route=%2Fwp%2Fv2%2Ftags&post=126667"}],"curies":[{"name":"wp","href":"https:\/\/api.w.org\/{rel}","templated":true}]}}