{"id":126663,"date":"2018-01-20T19:42:55","date_gmt":"2018-01-20T21:42:55","guid":{"rendered":"http:\/\/aconteceunovale.com.br\/portal\/?p=126663"},"modified":"2018-01-20T19:42:55","modified_gmt":"2018-01-20T21:42:55","slug":"carreta-carregada-com-melado-de-cana-tomba-e-atinge-onibus-na-br-251-no-norte-de-minas","status":"publish","type":"post","link":"https:\/\/aconteceunovale.com.br\/portal\/?p=126663","title":{"rendered":"Carreta carregada com melado de cana tomba e atinge \u00f4nibus na BR-251, no Norte de Minas"},"content":{"rendered":"<p>Uma carreta-tanque carregada de melado de cana atingiu um \u00f4nibus na BR-251, na Serra de Francisco S\u00e1, na manh\u00e3 deste s\u00e1bado (20\/01\/2018). De acordo com a Pol\u00edcia Rodovi\u00e1ria Federal (PRF), o motorista perdeu o controle da dire\u00e7\u00e3o, bateu em uma mureta, tombou na pista de rolamento e em seguida colidiu contra o \u00f4nibus, que seguia no sentido contr\u00e1rio. <\/p>\n<p>O caminhoneiro sofreu apenas ferimentos leves. Ele foi socorrido por uma equipe do Servi\u00e7o de Atendimento M\u00f3vel de Urg\u00eancia (SAMU) e levado para o hospital de Francisco S\u00e1. Ningu\u00e9m ficou ferido no \u00f4nibus e o ve\u00edculo foi liberado para seguir viagem.<\/p>\n<p>Ainda segundo a Pol\u00edcia Rodovi\u00e1ria Federal, a rodovia foi parcialmente interditada e o tr\u00e2nsito ficou lento no trecho.  O melado de cana derramou e a pista est\u00e1 escorregadia. A PRF pede uma aten\u00e7\u00e3o redobrada aos motoristas que forem passar pelo local, onde ocorreu o acidente.<\/p>\n<p><img decoding=\"async\" src=\"http:\/\/aconteceunovale.com.br\/portal\/wp-content\/uploads\/2018\/01\/carreta_melado_1.jpg\" alt=\"\" \/><em>Carreta tombou na Serra de Francisco S\u00e1 (Foto: Pol\u00edcia Rodovi\u00e1ria Federal\/Divulga\u00e7\u00e3o)<\/em><br \/>\n<\/br><\/p>\n<p><img decoding=\"async\" src=\"http:\/\/aconteceunovale.com.br\/portal\/wp-content\/uploads\/2018\/01\/carreta_melado_2.jpg\" alt=\"\" \/><em>Carreta-tanque transportava melado de cana (Foto: Pol\u00edcia Rodovi\u00e1ria Federal\/Divulga\u00e7\u00e3o)<\/em><br \/>\n<\/br><\/p>\n<p><strong>VER PRIMEIRO<\/strong><\/p>\n<p>Receba as not\u00edcias do Aconteceu no Vale em primeira m\u00e3o. Clique em curtir no endere\u00e7o <a href=\"https:\/\/www.facebook.com\/aconteceunovale\" target=\"_blank\"><font color=\"red\">www.facebook.com\/aconteceunovale<\/font><\/a> ou no box abaixo:<\/p>\n<div class=\"fb-like\" data-href=\"https:\/\/www.facebook.com\/aconteceunovale\" data-width=\"120\" data-layout=\"standard\" data-action=\"like\" data-size=\"small\" data-show-faces=\"true\" data-share=\"true\"><\/div>\n<p><\/br><\/p>\n<p><em>(Fonte: G1 Grande Minas)<\/em><\/p>\n","protected":false},"excerpt":{"rendered":"<p>Uma carreta-tanque carregada de melado de cana atingiu um \u00f4nibus na BR-251, na Serra de Francisco S\u00e1, na manh\u00e3 deste s\u00e1bado (20\/01\/2018). De acordo com a Pol\u00edcia Rodovi\u00e1ria Federal (PRF), o motorista perdeu o controle da dire\u00e7\u00e3o, bateu em uma mureta, tombou na pista de rolamento e em seguida colidiu contra o \u00f4nibus, que seguia [&hellip;]<\/p>\n","protected":false},"author":1,"featured_media":126664,"comment_status":"open","ping_status":"closed","sticky":false,"template":"","format":"standard","meta":{"amp_status":"","footnotes":""},"categories":[1236],"tags":[167738,146856,167737,1396,83224,83223,921,167739,1018,33228],"class_list":["post-126663","post","type-post","status-publish","format-standard","has-post-thumbnail","hentry","category-norte_de_minas","tag-acidente-com-carreta-de-melado-na-br-251","tag-acidente-com-onibus-da-transnorte","tag-acidente-entre-carreta-e-onibus-na-br-251","tag-acidente-na-br-251","tag-acidente-na-br-251-na-serra-de-francisco-sa","tag-acidente-na-serra-de-francisco-sa","tag-br-251","tag-carreta-carregada-com-melado-de-cana-tomba-e-atinge-onibus-na-br-251","tag-destaque","tag-no-norte-de-minas"],"_links":{"self":[{"href":"https:\/\/aconteceunovale.com.br\/portal\/index.php?rest_route=\/wp\/v2\/posts\/126663","targetHints":{"allow":["GET"]}}],"collection":[{"href":"https:\/\/aconteceunovale.com.br\/portal\/index.php?rest_route=\/wp\/v2\/posts"}],"about":[{"href":"https:\/\/aconteceunovale.com.br\/portal\/index.php?rest_route=\/wp\/v2\/types\/post"}],"author":[{"embeddable":true,"href":"https:\/\/aconteceunovale.com.br\/portal\/index.php?rest_route=\/wp\/v2\/users\/1"}],"replies":[{"embeddable":true,"href":"https:\/\/aconteceunovale.com.br\/portal\/index.php?rest_route=%2Fwp%2Fv2%2Fcomments&post=126663"}],"version-history":[{"count":0,"href":"https:\/\/aconteceunovale.com.br\/portal\/index.php?rest_route=\/wp\/v2\/posts\/126663\/revisions"}],"wp:featuredmedia":[{"embeddable":true,"href":"https:\/\/aconteceunovale.com.br\/portal\/index.php?rest_route=\/wp\/v2\/media\/126664"}],"wp:attachment":[{"href":"https:\/\/aconteceunovale.com.br\/portal\/index.php?rest_route=%2Fwp%2Fv2%2Fmedia&parent=126663"}],"wp:term":[{"taxonomy":"category","embeddable":true,"href":"https:\/\/aconteceunovale.com.br\/portal\/index.php?rest_route=%2Fwp%2Fv2%2Fcategories&post=126663"},{"taxonomy":"post_tag","embeddable":true,"href":"https:\/\/aconteceunovale.com.br\/portal\/index.php?rest_route=%2Fwp%2Fv2%2Ftags&post=126663"}],"curies":[{"name":"wp","href":"https:\/\/api.w.org\/{rel}","templated":true}]}}