{"id":126658,"date":"2018-01-20T19:32:14","date_gmt":"2018-01-20T21:32:14","guid":{"rendered":"http:\/\/aconteceunovale.com.br\/portal\/?p=126658"},"modified":"2018-01-20T19:32:14","modified_gmt":"2018-01-20T21:32:14","slug":"tres-postos-de-combustiveis-sao-alvos-de-assaltantes-em-montes-claros","status":"publish","type":"post","link":"https:\/\/aconteceunovale.com.br\/portal\/?p=126658","title":{"rendered":"Tr\u00eas postos de combust\u00edveis s\u00e3o alvos de assaltantes em Montes Claros"},"content":{"rendered":"<p>Tr\u00eas postos de combust\u00edveis foram alvos de bandidos em Montes Claros, no Norte de Minas, nessa sexta-feira (19\/01\/2018). Os crimes foram praticados em estabelecimentos localizados nos Bairros Alto S\u00e3o Jo\u00e3o, Cidade Nova e Vila Jo\u00e3o Gordo. De acordo com informa\u00e7\u00f5es da Pol\u00edcia Militar (PM), nas tr\u00eas ocorr\u00eancias dois homens, um deles armado, chegaram de moto e anunciaram o assalto. <\/p>\n<p>Nos tr\u00eas casos, os assaltantes fugiram levando dinheiro e at\u00e9 o momento n\u00e3o foram presos. A quantia roubada de cada posto n\u00e3o foi divulgada pela PM. A pol\u00edcia n\u00e3o soube informar se os assaltos foram praticados pelas mesmas pessoas, mas disse que os ve\u00edculos eram diferentes.<\/p>\n<p><img decoding=\"async\" src=\"http:\/\/aconteceunovale.com.br\/portal\/wp-content\/uploads\/2018\/01\/assalto_alto_sj.jpg\" alt=\"\" \/><em>Bandido armado assalto posto no Alto S\u00e3o Jo\u00e3o (Foto: Divulga\u00e7\u00e3o)<\/em><br \/>\n<\/br><\/p>\n<h4>V\u00edtima de 19 assaltos<\/h4>\n<p>O frentista do posto localizado no Bairro Alto S\u00e3o Jo\u00e3o disse que os bandidos levaram cerca de R$ 2 mil. \u201cOs homens estavam com os dois capacetes fechados e em uma motocicleta sem placa. Eu e mais tr\u00eas colegas trabalhavam no local, quando fomos abordados\u201d, disse o funcion\u00e1rio ao G1 Grande Minas. A a\u00e7\u00e3o foi registrada pelo circuito interno de seguran\u00e7a do estabelecimento e durou cerca de um minuto.<\/p>\n<p>O frentista, de 33 anos, trabalha no posto h\u00e1 seis e j\u00e1 foi v\u00edtima de 19 assaltos. \u201cNo in\u00edcio eu ficava com medo, mas agora virou praticamente rotina. Eles j\u00e1 chegaram a p\u00e9, de moto, bicicleta e carro. Ningu\u00e9m nunca reagiu\u201d.<\/p>\n<p>Apesar da criminalidade, ele disse que n\u00e3o pretende mudar de profiss\u00e3o. \u201cEu trabalho a noite e os crimes sempre ocorrem nesse hor\u00e1rio. Penso em mudar o turno de trabalho algum dia. Eu gosto de trabalhar como frentista, o problema \u00e9 a inseguran\u00e7a\u201d, desabafa.<\/p>\n<p><strong><\/p>\n<h3>Dois presos por tr\u00e1fico de drogas<\/h3>\n<p><\/strong><\/p>\n<p>Dois homens foram presos na madrugada de sexta-feira (19) por tr\u00e1fico de drogas em Montes Claros. Policiais militares faziam patrulhamento na Avenida das Roas, no Bairro Residencial Vit\u00f3ria, quando flagraram os dois suspeitos em uma motocicleta em alta velocidade e com os far\u00f3is apagados.<\/p>\n<p>Os militares deram ordem de parada, mas o condutor n\u00e3o obedeceu e iniciou uma fuga. Eles foram seguidos pelos policiais, mas ao chegarem ao final da avenida, a moto atingiu o meio-fio e o condutor perdeu o controle da dire\u00e7\u00e3o do ve\u00edculo. Os dois ocupantes ca\u00edram e o garupa, um jovem de 18 anos, tentou se livrar de uma sacola, jogando-a no ch\u00e3o.<\/p>\n<p>Militares localizaram a sacola e encontraram 53 papelotes de coca\u00edna, prontos para serem comercializados. Com o condutor, de 38 anos, foi apreendida uma por\u00e7\u00e3o da mesma droga. A motocicleta tamb\u00e9m foi apreendida e encaminhada a um p\u00e1tio credenciado.<\/p>\n<p>Os dois presos foram levados para a delegacia junto \u00e0 droga apreendida.<\/p>\n<p><strong><\/p>\n<h3>Quatro motocicletas apreendidas<\/h3>\n<p><\/strong><\/p>\n<p>Quatro motocicletas com queixas de furto e suspeita de clonagem foram apreendidas pela Pol\u00edcia Militar, na quinta-feira (18), em Montes Claros. De acordo com a pol\u00edcia, duas delas estavam escondidas em um matagal \u00e0s margens da BR-251. Dois homens, de 23 anos, foram presos e a pol\u00edcia encontrou com eles, duas chaves &#8216;micha&#8217; utilizadas em arrombamentos de fechaduras e igni\u00e7\u00e3o de ve\u00edculos.<\/p>\n<p>&#8220;Chegamos aos suspeitos e aos ve\u00edculos durante rastreamento ao furto de uma moto nessa quinta no Bairro Santo Ant\u00f4nio. Os militares fizeram levantamos e apuraram o poss\u00edvel local que as motos estavam escondidas. No patrulhamento, os dois suspeitos foram vistos em uma estrada vicinal que liga Capita En\u00e9as a Montes Claros. Eles estavam em uma motocicleta, com dados de clonagem da Bahia, usada nos crimes e que tamb\u00e9m foi apreendida&#8221;, explicou o Tenente Andr\u00e9 Joaquim de Souza.<\/p>\n<p>A quarta motocicleta foi encontrada na casa de um dos suspeitos, no Bairro Esplanda. O ve\u00edculo estava com ind\u00edcios de altera\u00e7\u00e3o nas pe\u00e7as e tamb\u00e9m foi apreendido um documento com suspeita de falsifica\u00e7\u00e3o de dados. Al\u00e9m dos ve\u00edculos e das chaves &#8216;michas&#8217;, os militares apreenderam aproximadamente R$ 800 em dinheiro e R$ 2.100 em cheque.<\/p>\n<p>As motocicletas foram removidas ao p\u00e1tio credenciado ao Detran e o restante do material foi levado para a Delegacia. Os dois autores tiverem a pris\u00e3o ratificada na tarde desta sexta-feira, autuados por furto qualificado, recepta\u00e7\u00e3o e continuidade delitiva, quando comete crimes em sequ\u00eancia; eles ser\u00e3o encaminhados para o Pres\u00eddio Regional.<\/p>\n<p><img decoding=\"async\" src=\"http:\/\/aconteceunovale.com.br\/portal\/wp-content\/uploads\/2018\/01\/motos_moc.jpg\" alt=\"\" \/><em>Duas motocicletas foram encontradas escondidas em matagal (Foto: PM\/Divulga\u00e7\u00e3o)<\/em><br \/>\n<\/br><\/p>\n<p><strong>VER PRIMEIRO<\/strong><\/p>\n<p>Receba as not\u00edcias do Aconteceu no Vale em primeira m\u00e3o. Clique em curtir no endere\u00e7o <a href=\"https:\/\/www.facebook.com\/aconteceunovale\" target=\"_blank\"><font color=\"red\">www.facebook.com\/aconteceunovale<\/font><\/a> ou no box abaixo:<\/p>\n<div class=\"fb-like\" data-href=\"https:\/\/www.facebook.com\/aconteceunovale\" data-width=\"120\" data-layout=\"standard\" data-action=\"like\" data-size=\"small\" data-show-faces=\"true\" data-share=\"true\"><\/div>\n<p><\/br><\/p>\n<p><em>(Fonte: G1 Grande Minas)<\/em><\/p>\n","protected":false},"excerpt":{"rendered":"<p>Tr\u00eas postos de combust\u00edveis foram alvos de bandidos em Montes Claros, no Norte de Minas, nessa sexta-feira (19\/01\/2018). Os crimes foram praticados em estabelecimentos localizados nos Bairros Alto S\u00e3o Jo\u00e3o, Cidade Nova e Vila Jo\u00e3o Gordo. De acordo com informa\u00e7\u00f5es da Pol\u00edcia Militar (PM), nas tr\u00eas ocorr\u00eancias dois homens, um deles armado, chegaram de moto [&hellip;]<\/p>\n","protected":false},"author":1,"featured_media":126659,"comment_status":"open","ping_status":"closed","sticky":false,"template":"","format":"standard","meta":{"amp_status":"","footnotes":""},"categories":[1236],"tags":[167735,167733,50155,210,167734,104547,167736],"class_list":["post-126658","post","type-post","status-publish","format-standard","has-post-thumbnail","hentry","category-norte_de_minas","tag-assaltos-a-mao-armada-em-montes-claros","tag-assaltos-em-postos-de-montes-claros","tag-assaltos-montes-claros","tag-montes-claros","tag-roubos-em-postos-de-montes-claros","tag-roubos-montes-claros","tag-tres-postos-de-combustiveis-sao-alvos-de-assaltantes-em-montes-claros"],"_links":{"self":[{"href":"https:\/\/aconteceunovale.com.br\/portal\/index.php?rest_route=\/wp\/v2\/posts\/126658","targetHints":{"allow":["GET"]}}],"collection":[{"href":"https:\/\/aconteceunovale.com.br\/portal\/index.php?rest_route=\/wp\/v2\/posts"}],"about":[{"href":"https:\/\/aconteceunovale.com.br\/portal\/index.php?rest_route=\/wp\/v2\/types\/post"}],"author":[{"embeddable":true,"href":"https:\/\/aconteceunovale.com.br\/portal\/index.php?rest_route=\/wp\/v2\/users\/1"}],"replies":[{"embeddable":true,"href":"https:\/\/aconteceunovale.com.br\/portal\/index.php?rest_route=%2Fwp%2Fv2%2Fcomments&post=126658"}],"version-history":[{"count":0,"href":"https:\/\/aconteceunovale.com.br\/portal\/index.php?rest_route=\/wp\/v2\/posts\/126658\/revisions"}],"wp:featuredmedia":[{"embeddable":true,"href":"https:\/\/aconteceunovale.com.br\/portal\/index.php?rest_route=\/wp\/v2\/media\/126659"}],"wp:attachment":[{"href":"https:\/\/aconteceunovale.com.br\/portal\/index.php?rest_route=%2Fwp%2Fv2%2Fmedia&parent=126658"}],"wp:term":[{"taxonomy":"category","embeddable":true,"href":"https:\/\/aconteceunovale.com.br\/portal\/index.php?rest_route=%2Fwp%2Fv2%2Fcategories&post=126658"},{"taxonomy":"post_tag","embeddable":true,"href":"https:\/\/aconteceunovale.com.br\/portal\/index.php?rest_route=%2Fwp%2Fv2%2Ftags&post=126658"}],"curies":[{"name":"wp","href":"https:\/\/api.w.org\/{rel}","templated":true}]}}