{"id":126650,"date":"2018-01-20T00:01:07","date_gmt":"2018-01-20T02:01:07","guid":{"rendered":"http:\/\/aconteceunovale.com.br\/portal\/?p=126650"},"modified":"2018-01-20T00:01:07","modified_gmt":"2018-01-20T02:01:07","slug":"carreta-tomba-apos-motorista-evitar-colisao-frontal-na-br-116-em-itambacuri","status":"publish","type":"post","link":"https:\/\/aconteceunovale.com.br\/portal\/?p=126650","title":{"rendered":"Carreta tomba ap\u00f3s motorista evitar colis\u00e3o frontal na BR-116, em Itambacuri"},"content":{"rendered":"<p>Um caminhoneiro de 56 anos ficou ferido ap\u00f3s a carreta que conduzia tombar na BR-116 na tarde desta sexta-feira (19\/01\/2018), pr\u00f3ximo a Itambacuri (MG). Segundo a Pol\u00edcia Rodovi\u00e1ria Federal (PRF), o ve\u00edculo transportava 25 toneladas de di\u00f3xido de tit\u00e2nio e parte da carga, que n\u00e3o \u00e9 t\u00f3xica, vazou.<\/p>\n<p>Ainda de acordo com a PRF, o motorista contou que o ve\u00edculo tombou ap\u00f3s ele se afastar para a margem direita da via para dar passagem a um carro que o ultrapassava. A manobra evitou uma colis\u00e3o de frente com outro ve\u00edculo, que vinha na contram\u00e3o. No trecho do acidente a sinaliza\u00e7\u00e3o \u00e9 de faixa cont\u00ednua, quando n\u00e3o \u00e9 permitida a ultrapassagem.<\/p>\n<p>O homem foi socorrido com ferimentos leves e encaminhado a um hospital de Itambacuri. Os motoristas dos outros ve\u00edculos, citados pelo caminhoneiro, n\u00e3o ficaram no local para o registro da ocorr\u00eancia.<\/p>\n<p><img decoding=\"async\" src=\"http:\/\/aconteceunovale.com.br\/portal\/wp-content\/uploads\/2018\/01\/acidente_itambacuri.jpg\" alt=\"\" \/><em>Acidente ocorreu em (Foto: Pol\u00edcia Rodovi\u00e1ria Federal\/Divulga\u00e7\u00e3o)<\/em><br \/>\n<\/br><\/p>\n<p><strong>VER PRIMEIRO<\/strong><\/p>\n<p>Receba as not\u00edcias do Aconteceu no Vale em primeira m\u00e3o. Clique em curtir no endere\u00e7o <a href=\"https:\/\/www.facebook.com\/aconteceunovale\" target=\"_blank\"><font color=\"red\">www.facebook.com\/aconteceunovale<\/font><\/a> ou no box abaixo:<\/p>\n<div class=\"fb-like\" data-href=\"https:\/\/www.facebook.com\/aconteceunovale\" data-width=\"120\" data-layout=\"standard\" data-action=\"like\" data-size=\"small\" data-show-faces=\"true\" data-share=\"true\"><\/div>\n<p><\/br><\/p>\n<p><em>(Fonte: G1 Vales)<\/em><\/p>\n","protected":false},"excerpt":{"rendered":"<p>Um caminhoneiro de 56 anos ficou ferido ap\u00f3s a carreta que conduzia tombar na BR-116 na tarde desta sexta-feira (19\/01\/2018), pr\u00f3ximo a Itambacuri (MG). Segundo a Pol\u00edcia Rodovi\u00e1ria Federal (PRF), o ve\u00edculo transportava 25 toneladas de di\u00f3xido de tit\u00e2nio e parte da carga, que n\u00e3o \u00e9 t\u00f3xica, vazou. Ainda de acordo com a PRF, o [&hellip;]<\/p>\n","protected":false},"author":1,"featured_media":126651,"comment_status":"open","ping_status":"closed","sticky":false,"template":"","format":"standard","meta":{"amp_status":"","footnotes":""},"categories":[121],"tags":[125940,167714,3945,34495,182,167713,136136],"class_list":["post-126650","post","type-post","status-publish","format-standard","has-post-thumbnail","hentry","category-leste","tag-acidente-com-carreta-na-br-116","tag-acidente-com-carreta-na-br-116-em-itambacuri","tag-acidente-na-br-116","tag-acidente-na-br-116-em-itambacuri","tag-br-116","tag-carreta-tomba-apos-motorista-evitar-colisao-frontal-na-br-116","tag-em-itambacuri"],"_links":{"self":[{"href":"https:\/\/aconteceunovale.com.br\/portal\/index.php?rest_route=\/wp\/v2\/posts\/126650","targetHints":{"allow":["GET"]}}],"collection":[{"href":"https:\/\/aconteceunovale.com.br\/portal\/index.php?rest_route=\/wp\/v2\/posts"}],"about":[{"href":"https:\/\/aconteceunovale.com.br\/portal\/index.php?rest_route=\/wp\/v2\/types\/post"}],"author":[{"embeddable":true,"href":"https:\/\/aconteceunovale.com.br\/portal\/index.php?rest_route=\/wp\/v2\/users\/1"}],"replies":[{"embeddable":true,"href":"https:\/\/aconteceunovale.com.br\/portal\/index.php?rest_route=%2Fwp%2Fv2%2Fcomments&post=126650"}],"version-history":[{"count":0,"href":"https:\/\/aconteceunovale.com.br\/portal\/index.php?rest_route=\/wp\/v2\/posts\/126650\/revisions"}],"wp:featuredmedia":[{"embeddable":true,"href":"https:\/\/aconteceunovale.com.br\/portal\/index.php?rest_route=\/wp\/v2\/media\/126651"}],"wp:attachment":[{"href":"https:\/\/aconteceunovale.com.br\/portal\/index.php?rest_route=%2Fwp%2Fv2%2Fmedia&parent=126650"}],"wp:term":[{"taxonomy":"category","embeddable":true,"href":"https:\/\/aconteceunovale.com.br\/portal\/index.php?rest_route=%2Fwp%2Fv2%2Fcategories&post=126650"},{"taxonomy":"post_tag","embeddable":true,"href":"https:\/\/aconteceunovale.com.br\/portal\/index.php?rest_route=%2Fwp%2Fv2%2Ftags&post=126650"}],"curies":[{"name":"wp","href":"https:\/\/api.w.org\/{rel}","templated":true}]}}