{"id":126640,"date":"2018-01-19T21:54:44","date_gmt":"2018-01-19T23:54:44","guid":{"rendered":"http:\/\/aconteceunovale.com.br\/portal\/?p=126640"},"modified":"2018-01-19T21:54:44","modified_gmt":"2018-01-19T23:54:44","slug":"carnaval-de-diamantina-tera-o-maior-bloco-de-belo-horizonte","status":"publish","type":"post","link":"https:\/\/aconteceunovale.com.br\/portal\/?p=126640","title":{"rendered":"Carnaval de Diamantina ter\u00e1 o maior bloco de Belo Horizonte"},"content":{"rendered":"<p>Quando o prefeito de Diamantina, Juscelino Brasiliano Roque, fez o convite, ele foi aceito imediatamente e o maior bloco do Carnaval de Belo Horizonte \u2013 o Baianas Ozadas \u2013 estar\u00e1 pela primeira vez fazendo a folia no palco do Mercado Velho. \u201cFoi uma alegria imensa receber este convite. O maior bloco de Carnaval de Belo Horizonte vai tocar na cidade \u00edcone do Carnaval de Minas Gerais, que \u00e9 Diamantina\u201d, diz Poly Paix\u00e3o, empres\u00e1ria do Baianas Ozadas.<\/p>\n<p>O Baianas Ozadas arrastou 500 mil foli\u00f5es em Belo Horizonte no Carnaval do passado, quando a expectativa era 100 mil. O bloco foi criado em 2012, pelo baiano radicado na capital mineira, Geo Cardoso, acostumado aos carnavais de Salvador e de sua cidade natal Ilh\u00e9us. Com saias, turbantes e balangand\u00e3s, o Baianas Ozadas adiciona um novo tempero \u00e0 folia: os ritmos e m\u00fasicas dos eternos carnavais da Bahia com legitimidade e irrever\u00eancia.<\/p>\n<p>Todo o ano, o Baianas Ozadas homenageia um baiano ilustre. Ano passado foi Moraes Moreira e este ano ser\u00e1 Carlinhos Brown, destacando m\u00fasicas do repert\u00f3rio deste grande artista.<\/p>\n<p><img decoding=\"async\" src=\"http:\/\/aconteceunovale.com.br\/portal\/wp-content\/uploads\/2018\/01\/baianas_ozadas.jpg\" alt=\"\" \/><em>Baianas Ozadas arrasta foli\u00f5es em BH (Foto: Netun Lima\/Facebook Baianas Ozadas)<\/em><br \/>\n<\/br><\/p>\n<p><strong>VER PRIMEIRO<\/strong><\/p>\n<p>Receba as not\u00edcias do Aconteceu no Vale em primeira m\u00e3o. Clique em curtir no endere\u00e7o <a href=\"https:\/\/www.facebook.com\/aconteceunovale\" target=\"_blank\"><font color=\"red\">www.facebook.com\/aconteceunovale<\/font><\/a> ou no box abaixo:<\/p>\n<div class=\"fb-like\" data-href=\"https:\/\/www.facebook.com\/aconteceunovale\" data-width=\"120\" data-layout=\"standard\" data-action=\"like\" data-size=\"small\" data-show-faces=\"true\" data-share=\"true\"><\/div>\n<p><\/br><\/p>\n<p><em>(Ascom Prefeitura de Diamantina)<\/em><\/p>\n","protected":false},"excerpt":{"rendered":"<p>Quando o prefeito de Diamantina, Juscelino Brasiliano Roque, fez o convite, ele foi aceito imediatamente e o maior bloco do Carnaval de Belo Horizonte \u2013 o Baianas Ozadas \u2013 estar\u00e1 pela primeira vez fazendo a folia no palco do Mercado Velho. \u201cFoi uma alegria imensa receber este convite. O maior bloco de Carnaval de Belo [&hellip;]<\/p>\n","protected":false},"author":1,"featured_media":126641,"comment_status":"open","ping_status":"closed","sticky":false,"template":"","format":"standard","meta":{"amp_status":"","footnotes":""},"categories":[125,120],"tags":[167688,167690,167689,167693,167694,167695,194,1017,167687,3026,166752,167683,167692,134802,167684,167686,167685,167691,42865],"class_list":["post-126640","post","type-post","status-publish","format-standard","has-post-thumbnail","hentry","category-noticias","category-jequi","tag-baiana-ozadas","tag-baiana-ozadas-em-diamantina","tag-baiana-ozadas-no-carnaval-de-diamantina","tag-baianas-ozadas","tag-baianas-ozadas-em-diamantina","tag-baianas-ozadas-no-carnaval-de-diamantina","tag-belo-horizonte","tag-bh","tag-carnaval-2018-em-diamantina","tag-carnaval-de-diamantina","tag-carnaval-de-diamantina-2018","tag-carnaval-de-diamantina-tera-o-maior-bloco-de-belo-horizonte","tag-geo-cardoso","tag-juscelino-brasiliano-roque","tag-maior-bloco-de-belo-horizonte","tag-maior-bloco-do-carnaval-de-belo-horizonte","tag-maior-bloco-do-carnaval-de-bh","tag-poly-paixao","tag-prefeito-de-diamantina"],"_links":{"self":[{"href":"https:\/\/aconteceunovale.com.br\/portal\/index.php?rest_route=\/wp\/v2\/posts\/126640","targetHints":{"allow":["GET"]}}],"collection":[{"href":"https:\/\/aconteceunovale.com.br\/portal\/index.php?rest_route=\/wp\/v2\/posts"}],"about":[{"href":"https:\/\/aconteceunovale.com.br\/portal\/index.php?rest_route=\/wp\/v2\/types\/post"}],"author":[{"embeddable":true,"href":"https:\/\/aconteceunovale.com.br\/portal\/index.php?rest_route=\/wp\/v2\/users\/1"}],"replies":[{"embeddable":true,"href":"https:\/\/aconteceunovale.com.br\/portal\/index.php?rest_route=%2Fwp%2Fv2%2Fcomments&post=126640"}],"version-history":[{"count":0,"href":"https:\/\/aconteceunovale.com.br\/portal\/index.php?rest_route=\/wp\/v2\/posts\/126640\/revisions"}],"wp:featuredmedia":[{"embeddable":true,"href":"https:\/\/aconteceunovale.com.br\/portal\/index.php?rest_route=\/wp\/v2\/media\/126641"}],"wp:attachment":[{"href":"https:\/\/aconteceunovale.com.br\/portal\/index.php?rest_route=%2Fwp%2Fv2%2Fmedia&parent=126640"}],"wp:term":[{"taxonomy":"category","embeddable":true,"href":"https:\/\/aconteceunovale.com.br\/portal\/index.php?rest_route=%2Fwp%2Fv2%2Fcategories&post=126640"},{"taxonomy":"post_tag","embeddable":true,"href":"https:\/\/aconteceunovale.com.br\/portal\/index.php?rest_route=%2Fwp%2Fv2%2Ftags&post=126640"}],"curies":[{"name":"wp","href":"https:\/\/api.w.org\/{rel}","templated":true}]}}