{"id":126636,"date":"2018-01-19T21:45:02","date_gmt":"2018-01-19T23:45:02","guid":{"rendered":"http:\/\/aconteceunovale.com.br\/portal\/?p=126636"},"modified":"2018-01-19T21:45:02","modified_gmt":"2018-01-19T23:45:02","slug":"collor-anuncia-que-e-pre-candidato-a-presidente","status":"publish","type":"post","link":"https:\/\/aconteceunovale.com.br\/portal\/?p=126636","title":{"rendered":"Collor anuncia que \u00e9 pr\u00e9-candidato a presidente"},"content":{"rendered":"<p>O senador Fernando Collor de Mello (PTC-AL) anunciou nesta sexta-feira (19\/01\/2018) que pretende se candidatar novamente \u00e0 Presid\u00eancia da Rep\u00fablica nas elei\u00e7\u00f5es gerais deste ano.<\/p>\n<p>&#8220;Digo a voc\u00eas que esse \u00e9 um dos momentos mais importantes da minha vida pessoal. Hoje, a minha decis\u00e3o est\u00e1 tomada: sou, sim, pr\u00e9-candidato \u00e0 Presid\u00eancia da Rep\u00fablica&#8221;, afirmou o senador alagoano, que participou de um evento na cidade de Arapiraca com a prefeita C\u00e9lia Rocha (PTB).<\/p>\n<p>Apelidado de &#8216;ca\u00e7ador de maraj\u00e1s&#8217;, Collor venceu em 1989 a primeira elei\u00e7\u00e3o direta ap\u00f3s a redemocratiza\u00e7\u00e3o do Pa\u00eds, derrotando v\u00e1rios candidatos, entre eles Leonel Brizola (PDT), Ulysses Guimar\u00e3es (PMDB) e o ex-presidente Luiz In\u00e1cio Lula da Silva (PT), com quem disputou o segundo turno. Ele comandou o Pa\u00eds entre 1990 e 1992, quando sofreu impeachment, por suspeita de corrup\u00e7\u00e3o.<\/p>\n<p><img decoding=\"async\" src=\"http:\/\/aconteceunovale.com.br\/portal\/wp-content\/uploads\/2018\/01\/fernando_collor.jpg\" alt=\"\" \/><em>Senador Fernando Collor (Foto: Ant\u00f4nio Cruz\/Ag\u00eancia Brasil)<\/em><br \/>\n<\/br><\/p>\n<p><strong>VER PRIMEIRO<\/strong><\/p>\n<p>Receba as not\u00edcias do Aconteceu no Vale em primeira m\u00e3o. Clique em curtir no endere\u00e7o <a href=\"https:\/\/www.facebook.com\/aconteceunovale\" target=\"_blank\"><font color=\"red\">www.facebook.com\/aconteceunovale<\/font><\/a> ou no box abaixo:<\/p>\n<div class=\"fb-like\" data-href=\"https:\/\/www.facebook.com\/aconteceunovale\" data-width=\"120\" data-layout=\"standard\" data-action=\"like\" data-size=\"small\" data-show-faces=\"true\" data-share=\"true\"><\/div>\n<p><\/br><\/p>\n<p><em>(Fonte: Ag\u00eancia Estado)<\/em><\/p>\n","protected":false},"excerpt":{"rendered":"<p>O senador Fernando Collor de Mello (PTC-AL) anunciou nesta sexta-feira (19\/01\/2018) que pretende se candidatar novamente \u00e0 Presid\u00eancia da Rep\u00fablica nas elei\u00e7\u00f5es gerais deste ano. &#8220;Digo a voc\u00eas que esse \u00e9 um dos momentos mais importantes da minha vida pessoal. Hoje, a minha decis\u00e3o est\u00e1 tomada: sou, sim, pr\u00e9-candidato \u00e0 Presid\u00eancia da Rep\u00fablica&#8221;, afirmou o [&hellip;]<\/p>\n","protected":false},"author":1,"featured_media":126637,"comment_status":"open","ping_status":"closed","sticky":false,"template":"","format":"standard","meta":{"amp_status":"","footnotes":""},"categories":[6,40240],"tags":[167681,167678,206037,167682,113306,113304,167680,167679],"class_list":["post-126636","post","type-post","status-publish","format-standard","has-post-thumbnail","hentry","category-br","category-politica-2","tag-candidato-a-presidente-fernando-collor","tag-collor-anuncia-que-e-pre-candidato-a-presidente","tag-eleicoes-2018","tag-eleicoes-presidenciais-2018","tag-fernando-collor","tag-fernando-collor-de-mello","tag-presidente-fernando-collor","tag-presidente-fernando-collor-de-mello"],"_links":{"self":[{"href":"https:\/\/aconteceunovale.com.br\/portal\/index.php?rest_route=\/wp\/v2\/posts\/126636","targetHints":{"allow":["GET"]}}],"collection":[{"href":"https:\/\/aconteceunovale.com.br\/portal\/index.php?rest_route=\/wp\/v2\/posts"}],"about":[{"href":"https:\/\/aconteceunovale.com.br\/portal\/index.php?rest_route=\/wp\/v2\/types\/post"}],"author":[{"embeddable":true,"href":"https:\/\/aconteceunovale.com.br\/portal\/index.php?rest_route=\/wp\/v2\/users\/1"}],"replies":[{"embeddable":true,"href":"https:\/\/aconteceunovale.com.br\/portal\/index.php?rest_route=%2Fwp%2Fv2%2Fcomments&post=126636"}],"version-history":[{"count":0,"href":"https:\/\/aconteceunovale.com.br\/portal\/index.php?rest_route=\/wp\/v2\/posts\/126636\/revisions"}],"wp:featuredmedia":[{"embeddable":true,"href":"https:\/\/aconteceunovale.com.br\/portal\/index.php?rest_route=\/wp\/v2\/media\/126637"}],"wp:attachment":[{"href":"https:\/\/aconteceunovale.com.br\/portal\/index.php?rest_route=%2Fwp%2Fv2%2Fmedia&parent=126636"}],"wp:term":[{"taxonomy":"category","embeddable":true,"href":"https:\/\/aconteceunovale.com.br\/portal\/index.php?rest_route=%2Fwp%2Fv2%2Fcategories&post=126636"},{"taxonomy":"post_tag","embeddable":true,"href":"https:\/\/aconteceunovale.com.br\/portal\/index.php?rest_route=%2Fwp%2Fv2%2Ftags&post=126636"}],"curies":[{"name":"wp","href":"https:\/\/api.w.org\/{rel}","templated":true}]}}