{"id":126628,"date":"2018-01-19T20:31:39","date_gmt":"2018-01-19T22:31:39","guid":{"rendered":"http:\/\/aconteceunovale.com.br\/portal\/?p=126628"},"modified":"2018-01-19T20:47:07","modified_gmt":"2018-01-19T22:47:07","slug":"uma-pessoa-morre-e-outra-fica-ferida-em-grave-acidente-com-caminhao-em-jose-goncalves-de-minas","status":"publish","type":"post","link":"https:\/\/aconteceunovale.com.br\/portal\/?p=126628","title":{"rendered":"Uma pessoa morre e outra fica ferida em grave acidente com caminh\u00e3o em Jos\u00e9 Gon\u00e7alves de Minas"},"content":{"rendered":"<p>Uma pessoa morreu e outra ficou ferida em um grave acidente no fim da tarde desta sexta-feira (19\/01\/2018) em Jos\u00e9 Gon\u00e7alves de Minas, no Vale do Jequitinhonha. As primeiras informa\u00e7\u00f5es indicam que um caminh\u00e3o VW\/17.190 Worker, placa OWU-1899, licenciado em Te\u00f3filo Otoni (MG), apresentou um problema mec\u00e2nico e desceu uma rua \u00edngreme desgovernado.<\/p>\n<p>De acordo com um morador, o ve\u00edculo s\u00f3 parou quando colidiu contra uma oficina. Com o impacto, o condutor do caminh\u00e3o ficou gravemente ferido e veio a \u00f3bito no local. O passageiro do ve\u00edculo foi socorrido com vida e levado para um hospital. <\/p>\n<p>Uma c\u00e2mera de seguran\u00e7a registrou o momento em que o ve\u00edculo passa em alta velocidade antes de colidir contra a oficina. As imagens tamb\u00e9m mostram pessoas saindo correndo de dentro do estabelecimento. Confira o v\u00eddeo:<\/p>\n<p><iframe loading=\"lazy\" width=\"600\" height=\"345\" src=\"https:\/\/www.youtube.com\/embed\/bOf-bUXUUs4\" frameborder=\"0\" allow=\"autoplay; encrypted-media\" allowfullscreen><\/iframe><br \/>\n<\/br><\/p>\n<h4>Fotos do local<\/h4>\n<p><img decoding=\"async\" src=\"http:\/\/aconteceunovale.com.br\/portal\/wp-content\/uploads\/2018\/01\/acidente_jgm_2.jpg\" alt=\"\" \/><\/p>\n<p><img decoding=\"async\" src=\"http:\/\/aconteceunovale.com.br\/portal\/wp-content\/uploads\/2018\/01\/acidente_jgm_3.jpg\" alt=\"\" \/><\/p>\n<p><img decoding=\"async\" src=\"http:\/\/aconteceunovale.com.br\/portal\/wp-content\/uploads\/2018\/01\/acidente_jgm_4.jpg\" alt=\"\" \/><br \/>\n<\/br><\/p>\n<p><strong>VER PRIMEIRO<\/strong><\/p>\n<p>Receba as not\u00edcias do Aconteceu no Vale em primeira m\u00e3o. Clique em curtir no endere\u00e7o <a href=\"https:\/\/www.facebook.com\/aconteceunovale\" target=\"_blank\"><font color=\"red\">www.facebook.com\/aconteceunovale<\/font><\/a> ou no box abaixo:<\/p>\n<div class=\"fb-like\" data-href=\"https:\/\/www.facebook.com\/aconteceunovale\" data-width=\"120\" data-layout=\"standard\" data-action=\"like\" data-size=\"small\" data-show-faces=\"true\" data-share=\"true\"><\/div>\n<p><\/br><\/p>\n","protected":false},"excerpt":{"rendered":"<p>Uma pessoa morreu e outra ficou ferida em um grave acidente no fim da tarde desta sexta-feira (19\/01\/2018) em Jos\u00e9 Gon\u00e7alves de Minas, no Vale do Jequitinhonha. As primeiras informa\u00e7\u00f5es indicam que um caminh\u00e3o VW\/17.190 Worker, placa OWU-1899, licenciado em Te\u00f3filo Otoni (MG), apresentou um problema mec\u00e2nico e desceu uma rua \u00edngreme desgovernado. De acordo [&hellip;]<\/p>\n","protected":false},"author":1,"featured_media":126634,"comment_status":"open","ping_status":"closed","sticky":false,"template":"","format":"standard","meta":{"amp_status":"","footnotes":""},"categories":[120,122],"tags":[167675,167670,167666,167664,167673,167669,167676,167671,167665,167674,167668,917,167677,167672,167663,167667],"class_list":["post-126628","post","type-post","status-publish","format-standard","has-post-thumbnail","hentry","category-jequi","category-mucuri","tag-acidente-caminhao-fac","tag-acidente-caminhao-fac-distribuidora","tag-acidente-com-caminhao-de-teofilo-otoni-em-jose-goncalves-de-minas","tag-acidente-com-caminhao-em-jose-goncalves-de-minas","tag-acidente-fac","tag-acidente-fac-distribuidora","tag-acidente-motorista-fac","tag-acidente-motorista-fac-distribuidora","tag-caminhao-perde-os-freios-em-jose-goncalves-de-minas","tag-fac","tag-fac-distribuidora","tag-jose-goncalves-de-minas","tag-morte-motorista-fac","tag-morte-motorista-fac-distribuidora","tag-motorista-de-caminhao-morre-em-acidente-em-jose-goncalves-de-minas","tag-uma-pessoa-morre-e-outra-fica-ferida-em-grave-acidente-com-caminhao-em-jose-goncalves-de-minas"],"_links":{"self":[{"href":"https:\/\/aconteceunovale.com.br\/portal\/index.php?rest_route=\/wp\/v2\/posts\/126628","targetHints":{"allow":["GET"]}}],"collection":[{"href":"https:\/\/aconteceunovale.com.br\/portal\/index.php?rest_route=\/wp\/v2\/posts"}],"about":[{"href":"https:\/\/aconteceunovale.com.br\/portal\/index.php?rest_route=\/wp\/v2\/types\/post"}],"author":[{"embeddable":true,"href":"https:\/\/aconteceunovale.com.br\/portal\/index.php?rest_route=\/wp\/v2\/users\/1"}],"replies":[{"embeddable":true,"href":"https:\/\/aconteceunovale.com.br\/portal\/index.php?rest_route=%2Fwp%2Fv2%2Fcomments&post=126628"}],"version-history":[{"count":0,"href":"https:\/\/aconteceunovale.com.br\/portal\/index.php?rest_route=\/wp\/v2\/posts\/126628\/revisions"}],"wp:featuredmedia":[{"embeddable":true,"href":"https:\/\/aconteceunovale.com.br\/portal\/index.php?rest_route=\/wp\/v2\/media\/126634"}],"wp:attachment":[{"href":"https:\/\/aconteceunovale.com.br\/portal\/index.php?rest_route=%2Fwp%2Fv2%2Fmedia&parent=126628"}],"wp:term":[{"taxonomy":"category","embeddable":true,"href":"https:\/\/aconteceunovale.com.br\/portal\/index.php?rest_route=%2Fwp%2Fv2%2Fcategories&post=126628"},{"taxonomy":"post_tag","embeddable":true,"href":"https:\/\/aconteceunovale.com.br\/portal\/index.php?rest_route=%2Fwp%2Fv2%2Ftags&post=126628"}],"curies":[{"name":"wp","href":"https:\/\/api.w.org\/{rel}","templated":true}]}}