{"id":126625,"date":"2018-01-19T18:09:17","date_gmt":"2018-01-19T20:09:17","guid":{"rendered":"http:\/\/aconteceunovale.com.br\/portal\/?p=126625"},"modified":"2018-01-19T18:09:17","modified_gmt":"2018-01-19T20:09:17","slug":"ufvjm-oferece-713-vagas-pelo-sisu","status":"publish","type":"post","link":"https:\/\/aconteceunovale.com.br\/portal\/?p=126625","title":{"rendered":"UFVJM oferece 713 vagas pelo Sisu"},"content":{"rendered":"<p align=\"justify\">A Universidade Federal dos Vales do Jequitinhonha e Mucuri (UFVJM) est\u00e1 oferecendo 713 vagas pelo Sistema de Sele\u00e7\u00e3o Unificada (Sisu) para o primeiro semestre letivo de 2018, em cursos de gradua\u00e7\u00e3o presencial. As vagas est\u00e3o distribu\u00eddas para os quatro campi da UFVJM, nas cidades de Diamantina (387 vagas), Jana\u00faba (100 vagas), Te\u00f3filo Otoni (150 vagas) e Una\u00ed (76 vagas). A sele\u00e7\u00e3o via Sisu ser\u00e1 para 29 cursos de gradua\u00e7\u00e3o, sendo que dois deles, Humanidades e Ci\u00eancia e Tecnologia, funcionam como primeiro ciclo para acesso a outros 17 cursos.<\/p>\n<p align=\"justify\">As inscri\u00e7\u00f5es para o Sisu come\u00e7am no pr\u00f3ximo dia 23, ter\u00e7a-feira, e terminam no pr\u00f3ximo dia 26, sexta-feira, pelo site\u00a0<span style=\"text-decoration: underline; color: #ff0000;\"><a tabindex=\"-1\" title=\"Este link externo ir\u00e1 abrir em nova janela\" href=\"http:\/\/www.sisu.mec.gov.br\/\" target=\"_blank\" rel=\"external nofollow noopener noreferrer\"><span style=\"color: #ff0000; text-decoration: underline;\">sisu.mec.gov.br<\/span><\/a><\/span>. O edital para sele\u00e7\u00e3o da UFVJM por meio do Sisu est\u00e1 dispon\u00edvel no site da Universidade,\u00a0<span style=\"text-decoration: underline; color: #ff0000;\"><a tabindex=\"-1\" title=\"Este link externo ir\u00e1 abrir em nova janela\" href=\"http:\/\/www.ufvjm.edu.br\/\" target=\"_blank\" rel=\"external nofollow noopener noreferrer\"><span style=\"color: #ff0000; text-decoration: underline;\">www.ufvjm.edu.br<\/span><\/a><\/span>, com todos os detalhes sobre a sele\u00e7\u00e3o e prazos do processo.<\/p>\n<p align=\"justify\">\n<b>Cronograma Sisu<\/b><\/p>\n<p align=\"justify\">&#8211; 23\/01 a 26\/01: per\u00edodo de inscri\u00e7\u00f5es<\/p>\n<p align=\"justify\">&#8211; 29\/01: resultado da chamada regularmente<\/p>\n<p align=\"justify\">&#8211; 29\/01 a 07\/02: prazo para participar da lista de espera<\/p>\n<p align=\"justify\">&#8211; 30\/01 a 07\/02: matr\u00edcula da chamada regular<\/p>\n<p align=\"justify\">&#8211; 09\/02: convoca\u00e7\u00e3o dos candidatos em lista de espera pelas institui\u00e7\u00f5es a partir desta data.<\/p>\n<p align=\"justify\">\n<p><b>Como \u00e9 feita a inscri\u00e7\u00e3o no Sisu?<\/b><\/p>\n<p align=\"justify\">A inscri\u00e7\u00e3o \u00e9 feita exclusivamente pela internet (<span style=\"text-decoration: underline; color: #ff0000;\"><a tabindex=\"-1\" title=\"Este link externo ir\u00e1 abrir em nova janela\" href=\"http:\/\/www.sisu.mec.gov.br\/\" target=\"_blank\" rel=\"external nofollow noopener noreferrer\"><span style=\"color: #ff0000; text-decoration: underline;\">sisu.mec.gov.br<\/span><\/a><\/span>)<span style=\"text-decoration: underline;\"><a tabindex=\"-1\" title=\"Este link externo ir\u00e1 abrir em nova janela\" href=\"http:\/\/sisualuno.mec.gov.br\/\" target=\"_blank\" rel=\"external nofollow noopener noreferrer\"><b>,<\/b><\/a><\/span>\u00a0sem a cobran\u00e7a de taxas. \u00c9 preciso ter feito o Exame Nacional do Ensino M\u00e9dio (Enem 2017) para ser inscrever no processo seletivo. \u00c9 importante ressaltar que algumas institui\u00e7\u00f5es adotam notas m\u00ednimas para inscri\u00e7\u00e3o em determinados cursos. Nesse caso, no momento da inscri\u00e7\u00e3o, se a nota do candidato n\u00e3o for suficiente para concorrer \u00e0quele curso, o sistema emitir\u00e1 mensagem com esta informa\u00e7\u00e3o.\u00a0<i>(fonte: site Sisu)<\/i><\/p>\n<p align=\"justify\">\n<b>Vale saber!<\/b><\/p>\n<p align=\"justify\">Al\u00e9m do Sisu, a UFVJM tamb\u00e9m utiliza um Processo de Avalia\u00e7\u00e3o Seriada, o Sasi, como forma de sele\u00e7\u00e3o para o primeiro semestre letivo de cada ano para os cursos presenciais de gradua\u00e7\u00e3o. O Sasi avalia o conhecimento dos alunos ao t\u00e9rmino de cada s\u00e9rie do Ensino M\u00e9dio. A m\u00e9dia dessas tr\u00eas notas resulta na classifica\u00e7\u00e3o. Assim, no primeiro semestre letivo de cada ano, a UFVJM ocupa 50% das vagas com base no Exame Nacional do Ensino M\u00e9dio (ENEM), pelo Sisu, e os outros 50% pelo Sasi. J\u00e1 o preenchimento de 100% das vagas para o segundo semestre letivo de cada ano \u00e9 feito com base unicamente no Enem, ou seja, pelo Sisu. Mais informa\u00e7\u00f5es sobre o Sasi est\u00e3o dispon\u00edveis no site da UFVJM:\u00a0<span style=\"color: #ff0000;\"><a tabindex=\"-1\" title=\"Este link externo ir\u00e1 abrir em nova janela\" href=\"http:\/\/www.ufvjm.edu.br\/\" target=\"_blank\" rel=\"external nofollow noopener noreferrer\"><span style=\"color: #ff0000;\">www.ufvjm.edu.br<\/span><\/a><\/span><\/p>\n<p><strong>VER PRIMEIRO<\/strong><\/p>\n<p>Receba as not\u00edcias do Aconteceu no Vale em primeira m\u00e3o. Clique em curtir no endere\u00e7o <a href=\"https:\/\/www.facebook.com\/aconteceunovale\" target=\"_blank\"><font color=\"red\">www.facebook.com\/aconteceunovale<\/font><\/a> ou no box abaixo:<\/p>\n<div class=\"fb-like\" data-href=\"https:\/\/www.facebook.com\/aconteceunovale\" data-width=\"120\" data-layout=\"standard\" data-action=\"like\" data-size=\"small\" data-show-faces=\"true\" data-share=\"true\"><\/div>\n<p><\/br><\/p>\n<p><em>(Fonte: Dicom \/ UFVJM Campus Mucuri)<\/em><\/p>\n","protected":false},"excerpt":{"rendered":"<p>A Universidade Federal dos Vales do Jequitinhonha e Mucuri (UFVJM) est\u00e1 oferecendo 713 vagas pelo Sistema de Sele\u00e7\u00e3o Unificada (Sisu) para o primeiro semestre letivo de 2018, em cursos de gradua\u00e7\u00e3o presencial. As vagas est\u00e3o distribu\u00eddas para os quatro campi da UFVJM, nas cidades de Diamantina (387 vagas), Jana\u00faba (100 vagas), Te\u00f3filo Otoni (150 vagas) [&hellip;]<\/p>\n","protected":false},"author":1,"featured_media":15210,"comment_status":"open","ping_status":"closed","sticky":false,"template":"","format":"standard","meta":{"amp_status":"","footnotes":""},"categories":[40238,120,122],"tags":[167661,167662,167660,167659,73555,250,167657,167658,73557],"class_list":["post-126625","post","type-post","status-publish","format-standard","has-post-thumbnail","hentry","category-educacao-2","category-jequi","category-mucuri","tag-entrar-na-ufvjm","tag-estudar-na-ufvjm","tag-ingressar-na-ufvjm","tag-inscricao-sisu-ufvjm","tag-sisu-ufvjm","tag-ufvjm","tag-ufvjm-oferece-713-vagas-pelo-sisu","tag-vagas-sisu-ufvjm","tag-vestibular-ufvjm"],"_links":{"self":[{"href":"https:\/\/aconteceunovale.com.br\/portal\/index.php?rest_route=\/wp\/v2\/posts\/126625","targetHints":{"allow":["GET"]}}],"collection":[{"href":"https:\/\/aconteceunovale.com.br\/portal\/index.php?rest_route=\/wp\/v2\/posts"}],"about":[{"href":"https:\/\/aconteceunovale.com.br\/portal\/index.php?rest_route=\/wp\/v2\/types\/post"}],"author":[{"embeddable":true,"href":"https:\/\/aconteceunovale.com.br\/portal\/index.php?rest_route=\/wp\/v2\/users\/1"}],"replies":[{"embeddable":true,"href":"https:\/\/aconteceunovale.com.br\/portal\/index.php?rest_route=%2Fwp%2Fv2%2Fcomments&post=126625"}],"version-history":[{"count":0,"href":"https:\/\/aconteceunovale.com.br\/portal\/index.php?rest_route=\/wp\/v2\/posts\/126625\/revisions"}],"wp:featuredmedia":[{"embeddable":true,"href":"https:\/\/aconteceunovale.com.br\/portal\/index.php?rest_route=\/wp\/v2\/media\/15210"}],"wp:attachment":[{"href":"https:\/\/aconteceunovale.com.br\/portal\/index.php?rest_route=%2Fwp%2Fv2%2Fmedia&parent=126625"}],"wp:term":[{"taxonomy":"category","embeddable":true,"href":"https:\/\/aconteceunovale.com.br\/portal\/index.php?rest_route=%2Fwp%2Fv2%2Fcategories&post=126625"},{"taxonomy":"post_tag","embeddable":true,"href":"https:\/\/aconteceunovale.com.br\/portal\/index.php?rest_route=%2Fwp%2Fv2%2Ftags&post=126625"}],"curies":[{"name":"wp","href":"https:\/\/api.w.org\/{rel}","templated":true}]}}