{"id":126622,"date":"2018-01-19T15:06:25","date_gmt":"2018-01-19T17:06:25","guid":{"rendered":"http:\/\/aconteceunovale.com.br\/portal\/?p=126622"},"modified":"2018-01-19T15:06:25","modified_gmt":"2018-01-19T17:06:25","slug":"motorista-e-condenado-pela-morte-do-cantor-cristiano-araujo","status":"publish","type":"post","link":"https:\/\/aconteceunovale.com.br\/portal\/?p=126622","title":{"rendered":"Motorista \u00e9 condenado pela morte do cantor Cristiano Ara\u00fajo"},"content":{"rendered":"<p>O motorista Ronaldo Miranda Ribeiro foi condenado a dois anos, sete meses e 15 dias de deten\u00e7\u00e3o, pela morte do cantor Cristiano Ara\u00fajo e da namorada dele, Allana Coelho Pinto de Morais, ap\u00f3s acidente de carro no dia 24 de junho de 205. A decis\u00e3o da ju\u00edza Patr\u00edcia Machado Carrijo, da 2\u00aa Vara C\u00edvel, Criminal, das Fazendas P\u00fablicas, de Registros P\u00fablicos e Ambiental de Morrinhos, em Goi\u00e1s, foi publicada nesta quinta-feira (18\/01\/2018).<\/p>\n<p>Ronaldo cumprir\u00e1 a pena, por homic\u00eddio culposo, em regime aberto, e teve a Carteira Nacional de Habilita\u00e7\u00e3o (CNH) suspensa. Por atender os requisitos do C\u00f3digo Penal Brasileiro (artigo 44), ele teve a pena substitu\u00edda pela presta\u00e7\u00e3o de servi\u00e7os \u00e0 comunidade e pecuni\u00e1ria no valor de dez sal\u00e1rios m\u00ednimos. Ele pagar\u00e1 R$ 25 mil de indeniza\u00e7\u00e3o para reparar os danos causados aos sucessores de cada v\u00edtima. <\/p>\n<p>Allana n\u00e3o usava cinto de seguran\u00e7a e foi projetada para fora do carro. A jovem morreu na hora, em decorr\u00eancia de hemorragia intracraniana. Cristiano tamb\u00e9m n\u00e3o usava o item e sofreu politraumatismo grave, com m\u00faltiplas fraturas, trauma abdominal fechado, les\u00e3o de vasos sangu\u00edneos retroperitoneais na regi\u00e3o p\u00e9lvica, les\u00e3o hep\u00e1tica. O cantor morreu devido a uma hemorragia abdominal maci\u00e7a. O empres\u00e1rio dele, Vitor Leonardo Ferreira, que estava no banco dianteiro de passageiro, teve ferimentos, assim como o motorista, mas n\u00e3o veio a \u00f3bito.<\/p>\n<p>O ve\u00edculo, uma Range Rover, estava a 179 km\/h no momento do acidente, na BR-153, por volta das 3h10 do dia 24 de junho de 2015. Ele perdeu o controle do ve\u00edculo, saiu da pista, entrou no canteiro central e capotou, &#8220;imobilizando-se na pista contr\u00e1ria, em dist\u00e2ncia aproximada de 95,3 metros de onde saiu do leito carro\u00e7\u00e1vel da pista de origem&#8221;, segundo o texto da ju\u00edza. <\/p>\n<p>A velocidade m\u00e1xima permitida era de 110 km\/h. A magistrada entendeu que ele tinha plena ci\u00eancia sobre as condi\u00e7\u00f5es prec\u00e1rias instaladas no ve\u00edculo e agiu com imprud\u00eancia (excesso de velocidade), neglig\u00eancia (&#8220;irresponsabilidade com a seguran\u00e7a dos passageiros&#8221;) e imper\u00edcia (&#8220;aus\u00eancia de qualifica\u00e7\u00e3o ou treinamento adequado para exercer ou desempenhar determinada fun\u00e7\u00e3o&#8221;), modalidades previstas no C\u00f3digo Penal. <\/p>\n<p><img decoding=\"async\" src=\"http:\/\/aconteceunovale.com.br\/portal\/wp-content\/uploads\/2018\/01\/cristiano_alana.jpg\" alt=\"\" \/><em>Cristiano e Alana (Foto: Reprodu\u00e7\u00e3o\/Facebook)<\/em><br \/>\n<\/br><\/p>\n<p><strong>VER PRIMEIRO<\/strong><\/p>\n<p>Receba as not\u00edcias do Aconteceu no Vale em primeira m\u00e3o. Clique em curtir no endere\u00e7o <a href=\"https:\/\/www.facebook.com\/aconteceunovale\" target=\"_blank\"><font color=\"red\">www.facebook.com\/aconteceunovale<\/font><\/a> ou no box abaixo:<\/p>\n<div class=\"fb-like\" data-href=\"https:\/\/www.facebook.com\/aconteceunovale\" data-width=\"120\" data-layout=\"standard\" data-action=\"like\" data-size=\"small\" data-show-faces=\"true\" data-share=\"true\"><\/div>\n<p><\/br><\/p>\n<p>(Fonte: Uai \/ Di\u00e1rio de Pernambuco)<\/p>\n","protected":false},"excerpt":{"rendered":"<p>O motorista Ronaldo Miranda Ribeiro foi condenado a dois anos, sete meses e 15 dias de deten\u00e7\u00e3o, pela morte do cantor Cristiano Ara\u00fajo e da namorada dele, Allana Coelho Pinto de Morais, ap\u00f3s acidente de carro no dia 24 de junho de 205. A decis\u00e3o da ju\u00edza Patr\u00edcia Machado Carrijo, da 2\u00aa Vara C\u00edvel, Criminal, [&hellip;]<\/p>\n","protected":false},"author":1,"featured_media":126623,"comment_status":"open","ping_status":"closed","sticky":false,"template":"","format":"standard","meta":{"amp_status":"","footnotes":""},"categories":[6],"tags":[167654,167653,49456,1018,49477,167652,167656,167655,167651],"class_list":["post-126622","post","type-post","status-publish","format-standard","has-post-thumbnail","hentry","category-br","tag-allana-coelho-pinto-de-morais","tag-condenacao-motorista-cristiano-araujo","tag-cristiano-araujo","tag-destaque","tag-morrinhos","tag-motorista-cristiano-araujo","tag-motorista-e-condenado-pela-morte-do-cantor-cristiano-araujo","tag-patricia-machado-carrijo","tag-ronaldo-miranda-ribeiro"],"_links":{"self":[{"href":"https:\/\/aconteceunovale.com.br\/portal\/index.php?rest_route=\/wp\/v2\/posts\/126622","targetHints":{"allow":["GET"]}}],"collection":[{"href":"https:\/\/aconteceunovale.com.br\/portal\/index.php?rest_route=\/wp\/v2\/posts"}],"about":[{"href":"https:\/\/aconteceunovale.com.br\/portal\/index.php?rest_route=\/wp\/v2\/types\/post"}],"author":[{"embeddable":true,"href":"https:\/\/aconteceunovale.com.br\/portal\/index.php?rest_route=\/wp\/v2\/users\/1"}],"replies":[{"embeddable":true,"href":"https:\/\/aconteceunovale.com.br\/portal\/index.php?rest_route=%2Fwp%2Fv2%2Fcomments&post=126622"}],"version-history":[{"count":0,"href":"https:\/\/aconteceunovale.com.br\/portal\/index.php?rest_route=\/wp\/v2\/posts\/126622\/revisions"}],"wp:featuredmedia":[{"embeddable":true,"href":"https:\/\/aconteceunovale.com.br\/portal\/index.php?rest_route=\/wp\/v2\/media\/126623"}],"wp:attachment":[{"href":"https:\/\/aconteceunovale.com.br\/portal\/index.php?rest_route=%2Fwp%2Fv2%2Fmedia&parent=126622"}],"wp:term":[{"taxonomy":"category","embeddable":true,"href":"https:\/\/aconteceunovale.com.br\/portal\/index.php?rest_route=%2Fwp%2Fv2%2Fcategories&post=126622"},{"taxonomy":"post_tag","embeddable":true,"href":"https:\/\/aconteceunovale.com.br\/portal\/index.php?rest_route=%2Fwp%2Fv2%2Ftags&post=126622"}],"curies":[{"name":"wp","href":"https:\/\/api.w.org\/{rel}","templated":true}]}}