{"id":126602,"date":"2018-01-18T17:43:32","date_gmt":"2018-01-18T19:43:32","guid":{"rendered":"http:\/\/aconteceunovale.com.br\/portal\/?p=126602"},"modified":"2018-01-18T17:43:32","modified_gmt":"2018-01-18T19:43:32","slug":"policia-civil-apresenta-autor-de-estupros-em-buritizeiro-no-norte-de-minas","status":"publish","type":"post","link":"https:\/\/aconteceunovale.com.br\/portal\/?p=126602","title":{"rendered":"Pol\u00edcia Civil apresenta autor de estupros em Buritizeiro, no Norte de Minas"},"content":{"rendered":"<p>A Pol\u00edcia Civil apresentou na tarde de quarta-feira (17\/01\/2018) o autor de quatro estupros ocorridos em Buritizeiro, no Norte de Minas. Segundo o delegado J\u00e9ferson Leal, o autor foi preso no dia 11 deste m\u00eas ap\u00f3s roubar uma motocicleta e estuprar uma adolescente de 13 anos.<\/p>\n<p>C\u00e2meras de seguran\u00e7a de uma empresa registraram o momento do roubo. As imagens foram analisadas e a pol\u00edcia identificou o suspeito, de 28 anos. Ele foi preso em uma a\u00e7\u00e3o conjunta entre a PC e a PM. \u201cOs dois crimes ocorreram no dia nove. Ele roubou a motocicleta e em seguida estuprou a adolescente. A v\u00edtima afirmou que foi mantida em c\u00e1rcere por cerca de 10 horas e o suspeito fazia uso de crack durante o crime\u201d, explica o delegado.<\/p>\n<p>Na casa do autor, que fica no Bairro S\u00e3o Francisco, foram encontradas ainda duas armas de fogo e a motocicleta roubada. Durante as investiga\u00e7\u00f5es, a pol\u00edcia descobriu que o homem \u00e9 o autor de outros tr\u00eas estupros, ocorridos nos dias 12, 17 e 29 de dezembro. \u201cInclusive, este investigado, que est\u00e1 sendo apresentado, informou detalhes sobre o \u00faltimo estupro, mas nos outros tr\u00eas afirmou estar \u2018virado no crack\u2019 e n\u00e3o soube dar detalhes\u201d, diz o delegado que afirmou que o preso tamb\u00e9m responde um processo por estupro ocorrido na cidade de Betim.<\/p>\n<p>A pris\u00e3o em flagrante foi convertida pela Justi\u00e7a em preventiva e o autor foi levado para o Pres\u00eddio de Pirapora. A Pol\u00edcia Civil afirmou ainda que foram colhidos materiais gen\u00e9ticos das v\u00edtimas e do autor, que ser\u00e3o enviadas ao Instituto de Criminal\u00edstica da Pol\u00edcia Civil.<\/p>\n<p><img decoding=\"async\" src=\"http:\/\/aconteceunovale.com.br\/portal\/wp-content\/uploads\/2018\/01\/estuprador_buri.jpg\" alt=\"\" \/><em>Autor foi levado para o pres\u00eddio de Pirapora (Foto: Pol\u00edcia Civil\/Divulga\u00e7\u00e3o)<\/em><br \/>\n<\/br><\/p>\n<h4>Preso por engano<\/h4>\n<p>Ap\u00f3s os tr\u00eas estupros no final de 2017, um jovem foi preso pela Pol\u00edcia Militar suspeito de ser o autor dos crimes. Ele foi levado para a delegacia e as tr\u00eas v\u00edtimas o reconheceram como autor.<\/p>\n<p>\u201cMesmo assim, as investiga\u00e7\u00f5es continuaram. A\u00ed ocorreu mais um crime e logo conseguimos prender o criminoso, que durante depoimento confessou ser autor dos outros tr\u00eas crimes. As v\u00edtimas o reconheceram com muito mais convic\u00e7\u00e3o. Inclusive as caracter\u00edsticas repassadas inicialmente s\u00e3o id\u00eanticas\u201d.<\/p>\n<p><strong>VER PRIMEIRO<\/strong><\/p>\n<p>Receba as not\u00edcias do Aconteceu no Vale em primeira m\u00e3o. Clique em curtir no endere\u00e7o <a href=\"https:\/\/www.facebook.com\/aconteceunovale\" target=\"_blank\"><font color=\"red\">www.facebook.com\/aconteceunovale<\/font><\/a> ou no box abaixo:<\/p>\n<div class=\"fb-like\" data-href=\"https:\/\/www.facebook.com\/aconteceunovale\" data-width=\"120\" data-layout=\"standard\" data-action=\"like\" data-size=\"small\" data-show-faces=\"true\" data-share=\"true\"><\/div>\n<p><\/br><\/p>\n<p><em>(Fonte: G1 Grande Minas)<\/em><\/p>\n","protected":false},"excerpt":{"rendered":"<p>A Pol\u00edcia Civil apresentou na tarde de quarta-feira (17\/01\/2018) o autor de quatro estupros ocorridos em Buritizeiro, no Norte de Minas. Segundo o delegado J\u00e9ferson Leal, o autor foi preso no dia 11 deste m\u00eas ap\u00f3s roubar uma motocicleta e estuprar uma adolescente de 13 anos. C\u00e2meras de seguran\u00e7a de uma empresa registraram o momento [&hellip;]<\/p>\n","protected":false},"author":1,"featured_media":126603,"comment_status":"open","ping_status":"closed","sticky":false,"template":"","format":"standard","meta":{"amp_status":"","footnotes":""},"categories":[1236],"tags":[1535,26230,167631,167627,167626,167629,33228,167632,167628,167630],"class_list":["post-126602","post","type-post","status-publish","format-standard","has-post-thumbnail","hentry","category-norte_de_minas","tag-buritizeiro","tag-delegado-jeferson-leal","tag-estupradas-em-buritizeiro","tag-estuprador-buritizeiro","tag-estupros-em-buritizeiro","tag-estupros-em-serie-em-buritizeiro","tag-no-norte-de-minas","tag-policia-civil-apresenta-autor-de-estupros-em-buritizeiro","tag-preso-por-estupro-em-buritizeiro","tag-prisao-de-estuprador-em-buritizeiro"],"_links":{"self":[{"href":"https:\/\/aconteceunovale.com.br\/portal\/index.php?rest_route=\/wp\/v2\/posts\/126602","targetHints":{"allow":["GET"]}}],"collection":[{"href":"https:\/\/aconteceunovale.com.br\/portal\/index.php?rest_route=\/wp\/v2\/posts"}],"about":[{"href":"https:\/\/aconteceunovale.com.br\/portal\/index.php?rest_route=\/wp\/v2\/types\/post"}],"author":[{"embeddable":true,"href":"https:\/\/aconteceunovale.com.br\/portal\/index.php?rest_route=\/wp\/v2\/users\/1"}],"replies":[{"embeddable":true,"href":"https:\/\/aconteceunovale.com.br\/portal\/index.php?rest_route=%2Fwp%2Fv2%2Fcomments&post=126602"}],"version-history":[{"count":0,"href":"https:\/\/aconteceunovale.com.br\/portal\/index.php?rest_route=\/wp\/v2\/posts\/126602\/revisions"}],"wp:featuredmedia":[{"embeddable":true,"href":"https:\/\/aconteceunovale.com.br\/portal\/index.php?rest_route=\/wp\/v2\/media\/126603"}],"wp:attachment":[{"href":"https:\/\/aconteceunovale.com.br\/portal\/index.php?rest_route=%2Fwp%2Fv2%2Fmedia&parent=126602"}],"wp:term":[{"taxonomy":"category","embeddable":true,"href":"https:\/\/aconteceunovale.com.br\/portal\/index.php?rest_route=%2Fwp%2Fv2%2Fcategories&post=126602"},{"taxonomy":"post_tag","embeddable":true,"href":"https:\/\/aconteceunovale.com.br\/portal\/index.php?rest_route=%2Fwp%2Fv2%2Ftags&post=126602"}],"curies":[{"name":"wp","href":"https:\/\/api.w.org\/{rel}","templated":true}]}}