{"id":126598,"date":"2018-01-18T17:34:58","date_gmt":"2018-01-18T19:34:58","guid":{"rendered":"http:\/\/aconteceunovale.com.br\/portal\/?p=126598"},"modified":"2018-01-18T17:34:58","modified_gmt":"2018-01-18T19:34:58","slug":"bombeiros-fazem-festa-de-aniversario-para-crianca-vitima-do-incendio-em-creche-de-janauba","status":"publish","type":"post","link":"https:\/\/aconteceunovale.com.br\/portal\/?p=126598","title":{"rendered":"Bombeiros fazem festa de anivers\u00e1rio para crian\u00e7a v\u00edtima do inc\u00eandio em creche de Jana\u00faba"},"content":{"rendered":"<p>Militares do Corpo de Bombeiros se reuniram na tarde desta quinta-feira (18\/01\/2018) e fizeram uma festa de anivers\u00e1rio para Ycaro Rafael Silva, v\u00edtima do inc\u00eandio na creche gente Inocente, ocorrido em outubro de 2017. A festa foi realizada na sede do pelot\u00e3o dos bombeiros em Jana\u00faba (MG), onde, al\u00e9m dos familiares, os coleguinhas de sala de Ycaro brincaram e tamb\u00e9m ganharam presentes.<\/p>\n<p>Ap\u00f3s o ataque \u00e0 creche, militares que trabalharam no socorro \u00e0s v\u00edtimas mantiveram contato com os familiares das v\u00edtimas. \u201cNossa equipe estava de plant\u00e3o e trabalhou no socorro \u00e0s v\u00edtimas, da aeronave ao hospital em Montes Claros. Nos sensibilizamos muito com a situa\u00e7\u00e3o e no outro dia voltamos ao hospital e conhecemos os familiares das v\u00edtimas\u201d, explica a sargento Jaqueline Silva.<\/p>\n<p><img decoding=\"async\" src=\"http:\/\/aconteceunovale.com.br\/portal\/wp-content\/uploads\/2018\/01\/niver_ycaro_1.jpg\" alt=\"\" \/><em>Esta foi a primeira festa de anivers\u00e1rio de Ycaro (Foto: Corpo de Bombeiros\/divulga\u00e7\u00e3o)<\/em><br \/>\n<\/br><\/p>\n<p>Ycaro ficou internado por cinco dias em Montes Claros. Em uma das visitas ao hospital, os militares conheceram Elis\u00e2ngela Correia, m\u00e3e do garoto. \u201cEla nos contou, ainda no hospital que o sonho dele era ter uma festa de anivers\u00e1rio, algo que nunca tinha ocorrido devido \u00e0 situa\u00e7\u00e3o financeira. Com isso, n\u00f3s nos mobilizamos e todos os militares participaram desta a\u00e7\u00e3o\u201d, diz a sargento.<\/p>\n<p>Muito emocionada, Elis\u00e2ngela contou sobre a alegria em poder participar da realiza\u00e7\u00e3o do sonho do filho. \u201cEsta \u00e9 a primeira festa de anivers\u00e1rio dele. Ele amou, todos amaram a festa. Estou muito feliz, e ele tamb\u00e9m. S\u00f3 tenho a agradecer aos bombeiros, que fizeram tudo isso por ele. Estou sem palavras para agradecer. Com certeza \u00e9 uma obra de Deus\u201d, diz emocionada.<\/p>\n<p><img decoding=\"async\" src=\"http:\/\/aconteceunovale.com.br\/portal\/wp-content\/uploads\/2018\/01\/niver_ycaro_2.jpg\" alt=\"\" \/><em>Festa teve como tema o Corpo de Bombeiros (Foto: Corpo de Bombeiros \/Divulga\u00e7\u00e3o)<\/em><br \/>\n<\/br><\/p>\n<h4>Ataque<\/h4>\n<p>No dia 5 de outubro de 2017, o vigia Dami\u00e3o Soares dos Santos ateou fogo na creche onde trabalhava e em si mesmo. Ele morreu no mesmo dia. No momento do ataque, 75 crian\u00e7as e 17 funcion\u00e1rios estavam na creche. No total, 13 pessoas, sendo 10 crian\u00e7as, e o autor do ataque morreram. A professora Marley Simone Lima Antunes, de 43 anos, \u00e9 a \u00fanica v\u00edtima que ainda segue internada; ela est\u00e1 no Hospital Jo\u00e3o XXIII, em Belo Horizonte.<\/p>\n<p><strong>VER PRIMEIRO<\/strong><\/p>\n<p>Receba as not\u00edcias do Aconteceu no Vale em primeira m\u00e3o. Clique em curtir no endere\u00e7o <a href=\"https:\/\/www.facebook.com\/aconteceunovale\" target=\"_blank\"><font color=\"red\">www.facebook.com\/aconteceunovale<\/font><\/a> ou no box abaixo:<\/p>\n<div class=\"fb-like\" data-href=\"https:\/\/www.facebook.com\/aconteceunovale\" data-width=\"120\" data-layout=\"standard\" data-action=\"like\" data-size=\"small\" data-show-faces=\"true\" data-share=\"true\"><\/div>\n<p><\/br><\/p>\n<p><em>(Fonte: G1 Grande Minas)<\/em><\/p>\n","protected":false},"excerpt":{"rendered":"<p>Militares do Corpo de Bombeiros se reuniram na tarde desta quinta-feira (18\/01\/2018) e fizeram uma festa de anivers\u00e1rio para Ycaro Rafael Silva, v\u00edtima do inc\u00eandio na creche gente Inocente, ocorrido em outubro de 2017. A festa foi realizada na sede do pelot\u00e3o dos bombeiros em Jana\u00faba (MG), onde, al\u00e9m dos familiares, os coleguinhas de sala [&hellip;]<\/p>\n","protected":false},"author":1,"featured_media":126600,"comment_status":"open","ping_status":"closed","sticky":false,"template":"","format":"standard","meta":{"amp_status":"","footnotes":""},"categories":[1236],"tags":[167620,167623,167625,167624,161565,167619,204,167621,167622,167618],"class_list":["post-126598","post","type-post","status-publish","format-standard","has-post-thumbnail","hentry","category-norte_de_minas","tag-aniversario-ycaro-rafael-silva","tag-bombeiros-de-janauba","tag-bombeiros-fazem-festa-de-aniversario-para-crianca-vitima-do-incendio-em-creche-de-janauba","tag-corpo-de-bombeiros-de-janauba","tag-creche-gente-inocente","tag-festa-de-aniversario-ycaro-rafael-silva","tag-janauba","tag-tragedia-creche-gente-inocente","tag-vitima-creche-gente-inocente","tag-ycaro-rafael-silva"],"_links":{"self":[{"href":"https:\/\/aconteceunovale.com.br\/portal\/index.php?rest_route=\/wp\/v2\/posts\/126598","targetHints":{"allow":["GET"]}}],"collection":[{"href":"https:\/\/aconteceunovale.com.br\/portal\/index.php?rest_route=\/wp\/v2\/posts"}],"about":[{"href":"https:\/\/aconteceunovale.com.br\/portal\/index.php?rest_route=\/wp\/v2\/types\/post"}],"author":[{"embeddable":true,"href":"https:\/\/aconteceunovale.com.br\/portal\/index.php?rest_route=\/wp\/v2\/users\/1"}],"replies":[{"embeddable":true,"href":"https:\/\/aconteceunovale.com.br\/portal\/index.php?rest_route=%2Fwp%2Fv2%2Fcomments&post=126598"}],"version-history":[{"count":0,"href":"https:\/\/aconteceunovale.com.br\/portal\/index.php?rest_route=\/wp\/v2\/posts\/126598\/revisions"}],"wp:featuredmedia":[{"embeddable":true,"href":"https:\/\/aconteceunovale.com.br\/portal\/index.php?rest_route=\/wp\/v2\/media\/126600"}],"wp:attachment":[{"href":"https:\/\/aconteceunovale.com.br\/portal\/index.php?rest_route=%2Fwp%2Fv2%2Fmedia&parent=126598"}],"wp:term":[{"taxonomy":"category","embeddable":true,"href":"https:\/\/aconteceunovale.com.br\/portal\/index.php?rest_route=%2Fwp%2Fv2%2Fcategories&post=126598"},{"taxonomy":"post_tag","embeddable":true,"href":"https:\/\/aconteceunovale.com.br\/portal\/index.php?rest_route=%2Fwp%2Fv2%2Ftags&post=126598"}],"curies":[{"name":"wp","href":"https:\/\/api.w.org\/{rel}","templated":true}]}}