{"id":126594,"date":"2018-01-18T16:46:07","date_gmt":"2018-01-18T18:46:07","guid":{"rendered":"http:\/\/aconteceunovale.com.br\/portal\/?p=126594"},"modified":"2018-01-18T17:09:55","modified_gmt":"2018-01-18T19:09:55","slug":"escolas-estaduais-do-vale-do-aco-podem-receber-novos-cursos-tecnicos","status":"publish","type":"post","link":"https:\/\/aconteceunovale.com.br\/portal\/?p=126594","title":{"rendered":"Escolas estaduais do Vale do A\u00e7o podem receber novos cursos t\u00e9cnicos"},"content":{"rendered":"<p>Escolas estaduais do Vale do A\u00e7o podem ter novos cursos t\u00e9cnicos em breve. Nessa quinta-feira (18\/01\/2018), a Secretaria de Estado de Educa\u00e7\u00e3o de Minas Gerais (SEE-MG) recebeu, na Cidade Administrativa, em Belo Horizonte, os pedidos para a abertura das novas turmas de ensino profissionalizante na regi\u00e3o. Os requerimentos foram entregues pela deputada estadual Ros\u00e2ngela Reis, a partir de demandas feitas pela comunidade escolar e da popula\u00e7\u00e3o.<\/p>\n<p>Os pedidos para os novos cursos foram feitos para escolas estaduais dos munic\u00edpios de Ant\u00f4nio Dias, Belo Oriente, Bra\u00fanas, Coronel Fabriciano, Ipatinga, Joan\u00e9sia, Marli\u00e9ria, Jaguara\u00e7u, Mesquita, Santana do Para\u00edso, Tim\u00f3teo, Periquito e Naque. Dentre os novos cursos est\u00e3o inform\u00e1tica, administra\u00e7\u00e3o, marketing, recursos humanos e outros oferecidos pela Secretaria de Estado de Educa\u00e7\u00e3o.<\/p>\n<p>Somente para Ipatinga, por exemplo, foi feito o pedido para 28 novas turmas, totalizando 1.038 alunos, em cinco cursos diferentes. As demandas foram entregues ao superintendente de Educa\u00e7\u00e3o Profissional da SEE-MG, Rafael Morais, que dar\u00e1 o encaminhamento e far\u00e1 a an\u00e1lise dos pedidos.<\/p>\n<p>Segundo Ros\u00e2ngela Reis, a disponibiliza\u00e7\u00e3o de cursos \u00e9 pedido frequente e muito aguardada por toda a comunidade escolar. \u201cMuitas dessas escolas j\u00e1 possuem toda a infraestrutura necess\u00e1ria, como bibliotecas e salas de informativa, para a imediata abertura de turmas e disciplinas. Fazemos esse pedido para que a popula\u00e7\u00e3o e os jovens consigam qualifica\u00e7\u00e3o profissional e tenham mais oportunidades no mercado de trabalho\u201d, afirmou a deputada.<\/p>\n<p>Algumas das escolas estaduais que j\u00e1 podem receber os cursos s\u00e3o a Herbert Jos\u00e9 de Souza e a Ant\u00f4nio Luiz, ambas do munic\u00edpio de Santana do Para\u00edso; S\u00e3o Sebasti\u00e3o e a Hilda Ara\u00fajo Zauza, as duas em Tim\u00f3teo; Professor Pedro Calmon, de Coronel Fabriciano; Germano Pedro de Souza, em Ant\u00f4nio Dias (Hematita); e Dona Canuta Rosa, Selim Jos\u00e9 de Sales, Maur\u00edlio Albanese Novais, Geraldo Gomes Ribeiro e Manoel Iz\u00eddio, todas essas \u00faltimas em Ipatinga.<\/p>\n<p><img decoding=\"async\" src=\"http:\/\/aconteceunovale.com.br\/portal\/wp-content\/uploads\/2018\/01\/cursos_tecnicos_va.jpg\" alt=\"\" \/><em>Demandas foram entregues nesta quinta-feira (Foto: Divulga\u00e7\u00e3o)<\/em><br \/>\n<\/br><\/p>\n<p><strong>VER PRIMEIRO<\/strong><\/p>\n<p>Receba as not\u00edcias do Aconteceu no Vale em primeira m\u00e3o. Clique em curtir no endere\u00e7o <a href=\"https:\/\/www.facebook.com\/aconteceunovale\" target=\"_blank\"><font color=\"red\">www.facebook.com\/aconteceunovale<\/font><\/a> ou no box abaixo:<\/p>\n<div class=\"fb-like\" data-href=\"https:\/\/www.facebook.com\/aconteceunovale\" data-width=\"120\" data-layout=\"standard\" data-action=\"like\" data-size=\"small\" data-show-faces=\"true\" data-share=\"true\"><\/div>\n<p><\/br><\/p>\n","protected":false},"excerpt":{"rendered":"<p>Escolas estaduais do Vale do A\u00e7o podem ter novos cursos t\u00e9cnicos em breve. Nessa quinta-feira (18\/01\/2018), a Secretaria de Estado de Educa\u00e7\u00e3o de Minas Gerais (SEE-MG) recebeu, na Cidade Administrativa, em Belo Horizonte, os pedidos para a abertura das novas turmas de ensino profissionalizante na regi\u00e3o. Os requerimentos foram entregues pela deputada estadual Ros\u00e2ngela Reis, [&hellip;]<\/p>\n","protected":false},"author":1,"featured_media":126595,"comment_status":"open","ping_status":"closed","sticky":false,"template":"","format":"standard","meta":{"amp_status":"","footnotes":""},"categories":[40238,121],"tags":[1740,350,276,3389,1524,96196,167613,201,1741,777,1742,1723,1724,167615,167614,1670,167617,17608,2101,133841,167616,1105],"class_list":["post-126594","post","type-post","status-publish","format-standard","has-post-thumbnail","hentry","category-educacao-2","category-leste","tag-antonio-dias","tag-belo-oriente","tag-braunas","tag-cava-grande","tag-coronel-fabriciano","tag-deputada-rosangela-reis","tag-escolas-estaduais-do-vale-do-aco-podem-receber-novos-cursos-tecnicos","tag-ipatinga","tag-jaguaracu","tag-joanesia","tag-marlieria","tag-mesquita","tag-naque","tag-novos-cursos-tecnicos-em-escolas-estaduais-do-vale-do-aco","tag-novos-cursos-tecnicos-no-vale-do-aco","tag-periquito","tag-rafael-morais","tag-rosangela-reis","tag-santana-do-paraiso","tag-see-mg","tag-superintendente-de-educacao-profissional-da-see-mg","tag-timoteo"],"_links":{"self":[{"href":"https:\/\/aconteceunovale.com.br\/portal\/index.php?rest_route=\/wp\/v2\/posts\/126594","targetHints":{"allow":["GET"]}}],"collection":[{"href":"https:\/\/aconteceunovale.com.br\/portal\/index.php?rest_route=\/wp\/v2\/posts"}],"about":[{"href":"https:\/\/aconteceunovale.com.br\/portal\/index.php?rest_route=\/wp\/v2\/types\/post"}],"author":[{"embeddable":true,"href":"https:\/\/aconteceunovale.com.br\/portal\/index.php?rest_route=\/wp\/v2\/users\/1"}],"replies":[{"embeddable":true,"href":"https:\/\/aconteceunovale.com.br\/portal\/index.php?rest_route=%2Fwp%2Fv2%2Fcomments&post=126594"}],"version-history":[{"count":0,"href":"https:\/\/aconteceunovale.com.br\/portal\/index.php?rest_route=\/wp\/v2\/posts\/126594\/revisions"}],"wp:featuredmedia":[{"embeddable":true,"href":"https:\/\/aconteceunovale.com.br\/portal\/index.php?rest_route=\/wp\/v2\/media\/126595"}],"wp:attachment":[{"href":"https:\/\/aconteceunovale.com.br\/portal\/index.php?rest_route=%2Fwp%2Fv2%2Fmedia&parent=126594"}],"wp:term":[{"taxonomy":"category","embeddable":true,"href":"https:\/\/aconteceunovale.com.br\/portal\/index.php?rest_route=%2Fwp%2Fv2%2Fcategories&post=126594"},{"taxonomy":"post_tag","embeddable":true,"href":"https:\/\/aconteceunovale.com.br\/portal\/index.php?rest_route=%2Fwp%2Fv2%2Ftags&post=126594"}],"curies":[{"name":"wp","href":"https:\/\/api.w.org\/{rel}","templated":true}]}}