{"id":126553,"date":"2018-01-17T23:51:34","date_gmt":"2018-01-18T01:51:34","guid":{"rendered":"http:\/\/aconteceunovale.com.br\/portal\/?p=126553"},"modified":"2018-01-17T23:57:49","modified_gmt":"2018-01-18T01:57:49","slug":"onibus-pega-fogo-em-governador-valadares","status":"publish","type":"post","link":"https:\/\/aconteceunovale.com.br\/portal\/?p=126553","title":{"rendered":"\u00d4nibus pega fogo em Governador Valadares"},"content":{"rendered":"<p>Um \u00f4nibus pegou fogo na tarde dessa quarta-feira (17\/01\/2018) em Governador Valadares, no Vale do Rio Doce. De acordo com o Corpo de Bombeiros, o inc\u00eandio ocorreu em uma avenida, quando o ve\u00edculo seguia para uma garagem no Bairro Santa Rita. Tr\u00eas pessoas estavam no \u00f4nibus, mas nenhuma se feriu gravemente.<\/p>\n<p>Ainda segundo o Corpo de Bombeiros, o ve\u00edculo seguia de Te\u00f3filo Otoni para S\u00e3o Paulo e faria uma parada na garagem da companhia em Valadares. O motorista, que n\u00e3o teve a idade divulgada, passou mal com a fuma\u00e7a e foi levado para o Hospital Municipal.<\/p>\n<p>Testemunhas disseram que o \u00f4nibus come\u00e7ou a pegar fogo na parte traseira e as chamas foram se alastrando. Ainda n\u00e3o se sabe o que provocou inc\u00eandio.<\/p>\n<p><img decoding=\"async\" src=\"http:\/\/aconteceunovale.com.br\/portal\/wp-content\/uploads\/2018\/01\/incendio_bus_gv_4.jpg\" alt=\"\" \/><em>\u00d4nibus pegou fogo em Governador Valadares (Foto: Reprodu\u00e7\u00e3o\/Rede Alerta)<\/em><br \/>\n<\/br><\/p>\n<p><img decoding=\"async\" src=\"http:\/\/aconteceunovale.com.br\/portal\/wp-content\/uploads\/2018\/01\/incendio_bus_teo_gv_1.jpeg\" alt=\"\" \/><em>Chamas tomaram conta rapidamente do \u00f4nibus (Foto: Celio Ferreira Gomes\/Reprodu\u00e7\u00e3o G1)<\/em><br \/>\n<\/br><\/p>\n<p><img decoding=\"async\" src=\"http:\/\/aconteceunovale.com.br\/portal\/wp-content\/uploads\/2018\/01\/incendio_bus_teo_gv_2.jpeg\" alt=\"\" \/><em>Fogo teve in\u00edcio na parte traseira do \u00f4nibus (Foto: Celio Ferreira Gomes\/Reprodu\u00e7\u00e3o G1)<\/em><br \/>\n<\/br><\/p>\n<p><img decoding=\"async\" src=\"http:\/\/aconteceunovale.com.br\/portal\/wp-content\/uploads\/2018\/01\/incendio_bus_gv_1.jpg\" alt=\"\" \/><em>\u00d4nibus pegou fogo em Governador Valadares (Foto: Reprodu\u00e7\u00e3o\/Rede Alerta)<\/em><br \/>\n<\/br><\/p>\n<p><strong>VER PRIMEIRO<\/strong><\/p>\n<p>Receba as not\u00edcias do Aconteceu no Vale em primeira m\u00e3o. Clique em curtir no endere\u00e7o <a href=\"https:\/\/www.facebook.com\/aconteceunovale\" target=\"_blank\"><font color=\"red\">www.facebook.com\/aconteceunovale<\/font><\/a> ou no box abaixo:<\/p>\n<div class=\"fb-like\" data-href=\"https:\/\/www.facebook.com\/aconteceunovale\" data-width=\"120\" data-layout=\"standard\" data-action=\"like\" data-size=\"small\" data-show-faces=\"true\" data-share=\"true\"><\/div>\n<p><\/br><\/p>\n<p><em>(Fonte: G1 Vales)<\/em><\/p>\n","protected":false},"excerpt":{"rendered":"<p>Um \u00f4nibus pegou fogo na tarde dessa quarta-feira (17\/01\/2018) em Governador Valadares, no Vale do Rio Doce. De acordo com o Corpo de Bombeiros, o inc\u00eandio ocorreu em uma avenida, quando o ve\u00edculo seguia para uma garagem no Bairro Santa Rita. Tr\u00eas pessoas estavam no \u00f4nibus, mas nenhuma se feriu gravemente. Ainda segundo o Corpo [&hellip;]<\/p>\n","protected":false},"author":1,"featured_media":126559,"comment_status":"open","ping_status":"closed","sticky":false,"template":"","format":"standard","meta":{"amp_status":"","footnotes":""},"categories":[121,122],"tags":[167567,247,167566,167569,167568,167570,167571],"class_list":["post-126553","post","type-post","status-publish","format-standard","has-post-thumbnail","hentry","category-leste","category-mucuri","tag-ednatur","tag-governador-valadares","tag-incendio-onibus-ednatur","tag-incendio-onibus-em-governador-valadares","tag-onibus-ednatur","tag-onibus-incendiado-em-governador-valadares","tag-onibus-pega-fogo-em-governador-valadares"],"_links":{"self":[{"href":"https:\/\/aconteceunovale.com.br\/portal\/index.php?rest_route=\/wp\/v2\/posts\/126553","targetHints":{"allow":["GET"]}}],"collection":[{"href":"https:\/\/aconteceunovale.com.br\/portal\/index.php?rest_route=\/wp\/v2\/posts"}],"about":[{"href":"https:\/\/aconteceunovale.com.br\/portal\/index.php?rest_route=\/wp\/v2\/types\/post"}],"author":[{"embeddable":true,"href":"https:\/\/aconteceunovale.com.br\/portal\/index.php?rest_route=\/wp\/v2\/users\/1"}],"replies":[{"embeddable":true,"href":"https:\/\/aconteceunovale.com.br\/portal\/index.php?rest_route=%2Fwp%2Fv2%2Fcomments&post=126553"}],"version-history":[{"count":0,"href":"https:\/\/aconteceunovale.com.br\/portal\/index.php?rest_route=\/wp\/v2\/posts\/126553\/revisions"}],"wp:featuredmedia":[{"embeddable":true,"href":"https:\/\/aconteceunovale.com.br\/portal\/index.php?rest_route=\/wp\/v2\/media\/126559"}],"wp:attachment":[{"href":"https:\/\/aconteceunovale.com.br\/portal\/index.php?rest_route=%2Fwp%2Fv2%2Fmedia&parent=126553"}],"wp:term":[{"taxonomy":"category","embeddable":true,"href":"https:\/\/aconteceunovale.com.br\/portal\/index.php?rest_route=%2Fwp%2Fv2%2Fcategories&post=126553"},{"taxonomy":"post_tag","embeddable":true,"href":"https:\/\/aconteceunovale.com.br\/portal\/index.php?rest_route=%2Fwp%2Fv2%2Ftags&post=126553"}],"curies":[{"name":"wp","href":"https:\/\/api.w.org\/{rel}","templated":true}]}}