{"id":126549,"date":"2018-01-17T23:32:09","date_gmt":"2018-01-18T01:32:09","guid":{"rendered":"http:\/\/aconteceunovale.com.br\/portal\/?p=126549"},"modified":"2018-01-17T23:32:09","modified_gmt":"2018-01-18T01:32:09","slug":"prefeito-de-ladainha-e-eleito-presidente-da-amuc","status":"publish","type":"post","link":"https:\/\/aconteceunovale.com.br\/portal\/?p=126549","title":{"rendered":"Prefeito de Ladainha \u00e9 eleito presidente da Amuc"},"content":{"rendered":"<p>Foi realizada na manh\u00e3 desta quarta-feira (17\/01\/2018), na sede da Associa\u00e7\u00e3o dos Munic\u00edpios da Microrregi\u00e3o do Vale do Mucuri (Amuc), a elei\u00e7\u00e3o para a nova diretoria durante o ano de 2018. O cargo de presidente, ent\u00e3o exercido pelo prefeito de Te\u00f3filo Otoni, Daniel Sucupira (PT), no ano de 2017, foi repassado ao prefeito de Ladainha, Walid (PSDB).<\/p>\n<p>A escolha do novo presidente e da mesa diretora aconteceu por aclama\u00e7\u00e3o. Nenhum prefeito se absteve ou foi contr\u00e1rio a alian\u00e7a.<\/p>\n<p>Al\u00e9m do novo presidente, a diretoria para o ano atual conta com o prefeito de Santa Helena de Minas, Arthur (PMDB), vice-presidente, o prefeito de Pot\u00e9, Nego Sampaio (PSB) secret\u00e1rio geral, e o prefeito de Ouro Verde de Minas, Mazinho (PP), como tesoureiro.<\/p>\n<p>Na ocasi\u00e3o tamb\u00e9m foi inaugurada a galeria dos ex-presidentes da institui\u00e7\u00e3o.<\/p>\n<p><img decoding=\"async\" src=\"http:\/\/aconteceunovale.com.br\/portal\/wp-content\/uploads\/2018\/01\/eleicao_amuc_1.jpg\" alt=\"\" \/><em>Sucupira passa a presid\u00eancia da Amuc para Walid (Foto: Boy Fot\u00f3grafo\/Di\u00e1rio de Te\u00f3filo Otoni)<\/em><br \/>\n<\/br><\/p>\n<p><strong>Sucess\u00e3o<\/strong><\/p>\n<p>O prefeito Daniel Sucupira destacou os feitos de seu mandato e o trabalho em conjunto com os funcion\u00e1rios e demais prefeitos da associa\u00e7\u00e3o, ao qual ele chamou de grandes parceiros. Real\u00e7ou os mais de R$ 300 mil deixados em caixa pelo ex-presidente em 2016, o ex-prefeito de Pav\u00e3o, Carl\u00e3o (PTB), e que, mesmo sob forte crise financeira nacional, conseguiu deixar para a nova presid\u00eancia mais de R$ 400 mil nos cofres da entidade.<\/p>\n<p>Posteriormente, Daniel saudou os novos dirigentes da principal entidade municipalista do nordeste mineiro, os funcion\u00e1rios da casa, destacando a recupera\u00e7\u00e3o salarial superior a 11% feita durante sua gest\u00e3o, e se mostrou a disposi\u00e7\u00e3o para o ano que se inicia.<\/p>\n<p><strong>Novo presidente<\/strong><\/p>\n<p>Durante sua posse, Walid falou em tom de uni\u00e3o. Disse que os prefeitos da regi\u00e3o atuam de maneira irmanada, e que esse continuar\u00e1 sendo o tom de sua administra\u00e7\u00e3o. Real\u00e7ou os gargalos nos repasses financeiros do Estado e da Uni\u00e3o, informando que dar\u00e1 especial aten\u00e7\u00e3o a estas quest\u00f5es, visto que os munic\u00edpios est\u00e3o sofrendo com a falta de recursos, sendo aplaudido pelos demais prefeitos presentes.<\/p>\n<p>\u201cN\u00e3o faremos um governo de diferen\u00e7as ideol\u00f3gicas ou partid\u00e1rias. Seremos a voz de nossos munic\u00edpios, de nossa gente. O que uma cidade da nossa regi\u00e3o estiver precisando vamos buscar, sem enfrentar ningu\u00e9m por causa de partidarismo ou ideologia. Queremos o bem para nosso vale\u201d, destacou.<\/p>\n<p><img decoding=\"async\" src=\"http:\/\/aconteceunovale.com.br\/portal\/wp-content\/uploads\/2018\/01\/eleicao_amuc_2.jpg\" alt=\"\" \/><em>Prefeitos reunidos para foto oficial (Foto: Boy Fot\u00f3grafo\/Di\u00e1rio de Te\u00f3filo Otoni)<\/em><br \/>\n<\/br><\/p>\n<p><strong>Transporte escolar<\/strong><\/p>\n<p>Outro ponto abordado \u00e9 que caso o Estado n\u00e3o salde as d\u00edvidas com o transporte escolar, atualmente custeado (em partes) pelas pr\u00f3prias Prefeituras, o servi\u00e7o ir\u00e1 parar a partir do final de fevereiro. Ou seja, se n\u00e3o houver o pagamento dos d\u00e9bitos (05 meses em atraso) por parte do executivo mineiro n\u00e3o haver\u00e1 como custear mais o transporte dos alunos da zona rural, visto que os motoristas est\u00e3o sem receber e, assim, em muitos casos, pagando o abastecimento do pr\u00f3prio bolso com a contrapartida das prefeituras.<\/p>\n<p>Por sua vez, o prefeito Daniel Sucupira, do mesmo partido do governador Pimentel, o Partido dos Trabalhadores, informou que uma conversa est\u00e1 agendada nesta semana [com o governador] a fim de sanar o impasse.<\/p>\n<p><strong>VER PRIMEIRO<\/strong><\/p>\n<p>Receba as not\u00edcias do Aconteceu no Vale em primeira m\u00e3o. Clique em curtir no endere\u00e7o <a href=\"https:\/\/www.facebook.com\/aconteceunovale\" target=\"_blank\"><font color=\"red\">www.facebook.com\/aconteceunovale<\/font><\/a> ou no box abaixo:<\/p>\n<div class=\"fb-like\" data-href=\"https:\/\/www.facebook.com\/aconteceunovale\" data-width=\"120\" data-layout=\"standard\" data-action=\"like\" data-size=\"small\" data-show-faces=\"true\" data-share=\"true\"><\/div>\n<p><\/br><\/p>\n<p><em>(Fonte: Di\u00e1rio de Te\u00f3filo Otoni)<\/em><\/p>\n","protected":false},"excerpt":{"rendered":"<p>Foi realizada na manh\u00e3 desta quarta-feira (17\/01\/2018), na sede da Associa\u00e7\u00e3o dos Munic\u00edpios da Microrregi\u00e3o do Vale do Mucuri (Amuc), a elei\u00e7\u00e3o para a nova diretoria durante o ano de 2018. O cargo de presidente, ent\u00e3o exercido pelo prefeito de Te\u00f3filo Otoni, Daniel Sucupira (PT), no ano de 2017, foi repassado ao prefeito de Ladainha, [&hellip;]<\/p>\n","protected":false},"author":1,"featured_media":126551,"comment_status":"open","ping_status":"closed","sticky":false,"template":"","format":"standard","meta":{"amp_status":"","footnotes":""},"categories":[40240,122],"tags":[136410,136412,27813,167564,167563,1806,3139,167561,167565,15767,990,164,167562],"class_list":["post-126549","post","type-post","status-publish","format-standard","has-post-thumbnail","hentry","category-politica-2","category-mucuri","tag-amuc","tag-associacao-dos-municipios-da-microrregiao-do-vale-do-mucuri","tag-daniel-sucupira","tag-mazinho","tag-nego-sampaio","tag-ouro-verde-de-minas","tag-pote","tag-prefeito-de-ladainha","tag-prefeito-de-ladainha-e-eleito-presidente-da-amuc","tag-prefeito-de-teofilo-otoni","tag-santa-helena-de-minas","tag-teofilo-otoni","tag-walid"],"_links":{"self":[{"href":"https:\/\/aconteceunovale.com.br\/portal\/index.php?rest_route=\/wp\/v2\/posts\/126549","targetHints":{"allow":["GET"]}}],"collection":[{"href":"https:\/\/aconteceunovale.com.br\/portal\/index.php?rest_route=\/wp\/v2\/posts"}],"about":[{"href":"https:\/\/aconteceunovale.com.br\/portal\/index.php?rest_route=\/wp\/v2\/types\/post"}],"author":[{"embeddable":true,"href":"https:\/\/aconteceunovale.com.br\/portal\/index.php?rest_route=\/wp\/v2\/users\/1"}],"replies":[{"embeddable":true,"href":"https:\/\/aconteceunovale.com.br\/portal\/index.php?rest_route=%2Fwp%2Fv2%2Fcomments&post=126549"}],"version-history":[{"count":0,"href":"https:\/\/aconteceunovale.com.br\/portal\/index.php?rest_route=\/wp\/v2\/posts\/126549\/revisions"}],"wp:featuredmedia":[{"embeddable":true,"href":"https:\/\/aconteceunovale.com.br\/portal\/index.php?rest_route=\/wp\/v2\/media\/126551"}],"wp:attachment":[{"href":"https:\/\/aconteceunovale.com.br\/portal\/index.php?rest_route=%2Fwp%2Fv2%2Fmedia&parent=126549"}],"wp:term":[{"taxonomy":"category","embeddable":true,"href":"https:\/\/aconteceunovale.com.br\/portal\/index.php?rest_route=%2Fwp%2Fv2%2Fcategories&post=126549"},{"taxonomy":"post_tag","embeddable":true,"href":"https:\/\/aconteceunovale.com.br\/portal\/index.php?rest_route=%2Fwp%2Fv2%2Ftags&post=126549"}],"curies":[{"name":"wp","href":"https:\/\/api.w.org\/{rel}","templated":true}]}}