{"id":126543,"date":"2018-01-17T22:41:42","date_gmt":"2018-01-18T00:41:42","guid":{"rendered":"http:\/\/aconteceunovale.com.br\/portal\/?p=126543"},"modified":"2018-01-17T22:41:42","modified_gmt":"2018-01-18T00:41:42","slug":"suspeito-de-causar-tragedia-com-13-mortos-na-br-251-dirigia-ha-12-horas","status":"publish","type":"post","link":"https:\/\/aconteceunovale.com.br\/portal\/?p=126543","title":{"rendered":"Suspeito de causar trag\u00e9dia com 13 mortos na BR-251 dirigia h\u00e1 12 horas"},"content":{"rendered":"<p>O motorista do caminh\u00e3o suspeito de provocar o grave acidente na BR-251, que deixou 13 mortos e 39 feridos, foi ouvido nesta quarta-feira (17\/01\/2018). Segundo o delegado de Pol\u00edcia Civil de Montes Claros, no Norte de Minas, Herivelton Ruas Santana, que acompanha o caso, o motorista afirmou que estava dirigindo o ve\u00edculo h\u00e1 12 horas e que bateu depois que um outro ve\u00edculo invadiu a contram\u00e3o.<\/p>\n<p>\u201cO motorista contou que, por volta de 15h, do dia anterior ele e o outro homem que estava com ele no ve\u00edculo fizeram uma parada para almo\u00e7ar, nessa hora ele assumiu a dire\u00e7\u00e3o e 12 horas depois, \u00e0s 3h da manh\u00e3 aconteceu o acidente. Entre esse tempo eles s\u00f3 pararam uma vez para tomar um caf\u00e9, cerca de 30 minutos antes da batida\u201d, explica o delegado.<\/p>\n<p>Santana contou ainda que Daniel Alves da Silva, de 39 anos, disse ter habilita\u00e7\u00e3o para dirigir caminh\u00e3o h\u00e1 mais de 10 anos, no entanto, ele estava desempregado e trabalhava drigindo van escolar. \u201c\u00c9 inapropriado a pessoa ficar tanto tempo dirigindo sem parar e ainda mais um ve\u00edculo de carga pesada. Isso traz um cansa\u00e7o que prejudica a dire\u00e7\u00e3o\u201d, afirmou o delegado.<\/p>\n<p>De acordo com o Santana, ainda n\u00e3o \u00e9 poss\u00edvel afirmar se o motorista ser\u00e1 indiciado. O delegado afirmou que as investiga\u00e7\u00f5es ainda est\u00e3o em andamento e que a vers\u00e3o defendida pelo motorista de que outro ve\u00edculo invadiu a contram\u00e3o e com isso houve a batida, ainda ser\u00e1 confrontada. \u201cEstamos em contato com as pol\u00edcias de outros Estados para ouvir v\u00edtimas do acidente e tentar entender a din\u00e2mica da batida\u201d, afirmou.<\/p>\n<p>O laudo da per\u00edcia da Pol\u00edcia Civil deve ficar pronto em 30 dias. O acidente ocorreu no \u00faltimo s\u00e1bado (13) e deixou 13 mortos e 39 pessoas feridas.<\/p>\n<p>De acordo com a Pol\u00edcia Federal Rodovi\u00e1ria (PRF), o caminh\u00e3o dirigido por Silva, transportava outro caminh\u00e3o e seguia no sentido Montes Claros quando bateu em um \u00f4nibus que ia no sentido contr\u00e1rio.  Uma van tentou desviar dessa colis\u00e3o e foi atingida por uma carreta, depois o caminh\u00e3o que come\u00e7ou o acidente seguiu desgovernado e atingiu uma outra carreta que pegou fogo. Ainda sem controle, o caminh\u00e3o transportado pelo ve\u00edculo desgovernado caiu em cima de um \u00f4nibus. <\/p>\n<p>Dos 39 feridos, quatro pessoas continuam internadas em hospitais de Montes Claros e Taiobeiras, inclusive o motorista suspeito de causar o acidente. O quadro de sa\u00fade delas \u00e9 est\u00e1vel.<\/p>\n<p><img decoding=\"async\" src=\"http:\/\/aconteceunovale.com.br\/portal\/wp-content\/uploads\/2018\/01\/acidente_251_1.jpeg\" alt=\"\" \/><em>Um dos ve\u00edculos envolvidos no acidente pegou fogo (Foto: Reprodu\u00e7\u00e3o\/WhatsApp)<\/em><br \/>\n<\/br><\/p>\n<p><strong>VER PRIMEIRO<\/strong><\/p>\n<p>Receba as not\u00edcias do Aconteceu no Vale em primeira m\u00e3o. Clique em curtir no endere\u00e7o <a href=\"https:\/\/www.facebook.com\/aconteceunovale\" target=\"_blank\"><font color=\"red\">www.facebook.com\/aconteceunovale<\/font><\/a> ou no box abaixo:<\/p>\n<div class=\"fb-like\" data-href=\"https:\/\/www.facebook.com\/aconteceunovale\" data-width=\"120\" data-layout=\"standard\" data-action=\"like\" data-size=\"small\" data-show-faces=\"true\" data-share=\"true\"><\/div>\n<p><\/br><\/p>\n<p><em>(Fonte: O Tempo \/ Rep\u00f3rter: Nat\u00e1lia Oliveira)<\/em><\/p>\n","protected":false},"excerpt":{"rendered":"<p>O motorista do caminh\u00e3o suspeito de provocar o grave acidente na BR-251, que deixou 13 mortos e 39 feridos, foi ouvido nesta quarta-feira (17\/01\/2018). Segundo o delegado de Pol\u00edcia Civil de Montes Claros, no Norte de Minas, Herivelton Ruas Santana, que acompanha o caso, o motorista afirmou que estava dirigindo o ve\u00edculo h\u00e1 12 horas [&hellip;]<\/p>\n","protected":false},"author":1,"featured_media":126544,"comment_status":"open","ping_status":"closed","sticky":false,"template":"","format":"standard","meta":{"amp_status":"","footnotes":""},"categories":[1236],"tags":[167290,167291,167243,167292,1396,111756,167242,167405,167269,167278,167283,167285,921,167256,167289,4608,167266,167271,1018,167251,167260,167280,167282,167404,33950,167286,167276,167239,167240,167253,167277,167259,167265,167293,91117,167263,167284,167272,167255,167268,167257,167252,167267,167258,167281,167279,33228,167379,167254,167262,167264,167287,167288,167299,2382,167546,167241,167261,167274,58301,2842,167275,167270,167273],"class_list":["post-126543","post","type-post","status-publish","format-standard","has-post-thumbnail","hentry","category-norte_de_minas","tag-acidente-com-micro-onibus-de-catole-do-rocha","tag-acidente-com-onibus-de-catole-do-rocha","tag-acidente-envolvendo-varios-veiculos-deixa-mortos-e-feridos-na-br-251","tag-acidente-moradores-de-catole-do-rocha","tag-acidente-na-br-251","tag-acidente-na-br-251-em-grao-mogol","tag-acidente-na-br-251-em-bocaina","tag-afirma-caminhoneiro-suspeito-de-causar-acidente-que-deixou-13-mortos-e-39-feridos-na-br-251","tag-alessandra-de-jesus-oliveira","tag-andressa-veronica","tag-antonio-cristiano","tag-benedita-fernandes","tag-br-251","tag-camila-gabriele-da-silva","tag-catole-do-rocha","tag-curitiba","tag-daniel-alves-da-silva","tag-deiziane-de-jesus-souza","tag-destaque","tag-edna-alves-ferreira-da-silva","tag-edsandra-jesus-dos-santos","tag-enia-maria","tag-ester-elisa","tag-eu-nao-tive-culpa","tag-franca","tag-francisca-bezerra","tag-gabriel-faria-rocha","tag-grave-acidente-na-br-251","tag-gravissimo-acidente-na-br-251","tag-guilherme-alves-da-costa","tag-heloisa-oliveira-farias","tag-iraci-franca-antonio","tag-jair-de-jesus","tag-jaislan-nogueira-de-lima","tag-jardinopolis","tag-joao-luiz-neto","tag-jose-andrade","tag-jose-santonio-rocha","tag-junior-souza-dos-santos","tag-manoela-santos-reis","tag-marcos-cardoso-rios","tag-maria-alves-da-costa-barros","tag-maria-do-carmo-nogueira","tag-mateus-dos-santos-nascimento","tag-michel-douglas","tag-nelson-alcantara","tag-no-norte-de-minas","tag-pessoas-que-morreram-em-tragedia-na-br-251-sao-identificadas","tag-regina-celia-cardoso-de-araujo","tag-ronicleiton-lima-de-almeida","tag-rosa-de-jesus","tag-saiba-como-aconteceu-o-acidente-que-deixou-13-e-mortos-e-quase-40-feridos-na-br-251","tag-saiba-como-aconteceu-o-acidente-que-deixou-13-mortos-e-quase-40-feridos-na-br-251","tag-santana-do-ipanema","tag-sao-paulo","tag-suspeito-de-causar-tragedia-com-13-mortos-na-br-251-dirigia-ha-12-horas","tag-tragedia-na-br-251","tag-valquiria-da-silva-gomes-costa","tag-veronica-oliveira-santos","tag-vitimas-de-tragedia-na-br-251-sao-identificadas","tag-vitoria-da-conquista","tag-walquiria-souza-de-oliveira","tag-welbert-lima-oliveira","tag-wilian-lima-oliveira"],"_links":{"self":[{"href":"https:\/\/aconteceunovale.com.br\/portal\/index.php?rest_route=\/wp\/v2\/posts\/126543","targetHints":{"allow":["GET"]}}],"collection":[{"href":"https:\/\/aconteceunovale.com.br\/portal\/index.php?rest_route=\/wp\/v2\/posts"}],"about":[{"href":"https:\/\/aconteceunovale.com.br\/portal\/index.php?rest_route=\/wp\/v2\/types\/post"}],"author":[{"embeddable":true,"href":"https:\/\/aconteceunovale.com.br\/portal\/index.php?rest_route=\/wp\/v2\/users\/1"}],"replies":[{"embeddable":true,"href":"https:\/\/aconteceunovale.com.br\/portal\/index.php?rest_route=%2Fwp%2Fv2%2Fcomments&post=126543"}],"version-history":[{"count":0,"href":"https:\/\/aconteceunovale.com.br\/portal\/index.php?rest_route=\/wp\/v2\/posts\/126543\/revisions"}],"wp:featuredmedia":[{"embeddable":true,"href":"https:\/\/aconteceunovale.com.br\/portal\/index.php?rest_route=\/wp\/v2\/media\/126544"}],"wp:attachment":[{"href":"https:\/\/aconteceunovale.com.br\/portal\/index.php?rest_route=%2Fwp%2Fv2%2Fmedia&parent=126543"}],"wp:term":[{"taxonomy":"category","embeddable":true,"href":"https:\/\/aconteceunovale.com.br\/portal\/index.php?rest_route=%2Fwp%2Fv2%2Fcategories&post=126543"},{"taxonomy":"post_tag","embeddable":true,"href":"https:\/\/aconteceunovale.com.br\/portal\/index.php?rest_route=%2Fwp%2Fv2%2Ftags&post=126543"}],"curies":[{"name":"wp","href":"https:\/\/api.w.org\/{rel}","templated":true}]}}