{"id":126541,"date":"2018-01-17T22:04:06","date_gmt":"2018-01-18T00:04:06","guid":{"rendered":"http:\/\/aconteceunovale.com.br\/portal\/?p=126541"},"modified":"2018-01-17T22:04:06","modified_gmt":"2018-01-18T00:04:06","slug":"minas-registra-22-casos-de-febre-amarela-de-julho-ate-janeiro","status":"publish","type":"post","link":"https:\/\/aconteceunovale.com.br\/portal\/?p=126541","title":{"rendered":"Minas registra 22 casos de febre amarela de julho at\u00e9 janeiro"},"content":{"rendered":"<p>Com o segundo per\u00edodo de monitoramento epidemiol\u00f3gico dos casos de febre amarela em Minas Gerais, de julho do ano passado at\u00e9 o in\u00edcio deste ano, foram confirmados no estado 22 casos da doen\u00e7a. Segundo a Secretaria de Estado da Sa\u00fade, destes, 15 evolu\u00edram para \u00f3bito. Nesse per\u00edodo, foram descartados 40 casos suspeitos, e h\u00e1 46 casos em investiga\u00e7\u00e3o em 24 munic\u00edpios.<\/p>\n<p>Na maioria dos casos confirmados, os pacientes s\u00e3o homens (95,5%). As mulheres representam 4,5% do total. A idade m\u00e9dia das pessoas que tiveram a doen\u00e7a confirmada \u00e9 de 45 anos. De acordo com a secretaria, a taxa de letalidade (n\u00famero de \u00f3bitos entre os portadores de uma doen\u00e7a) por febre amarela em Minas Gerais de julho de 2017 at\u00e9 o in\u00edcio deste ano est\u00e1 em 68,2%. A secretaria informou ainda que todos os casos foram confirmados laboratorialmente.<\/p>\n<p>Atualmente, a cobertura vacinal acumulada de febre amarela no Estado de Minas Gerais est\u00e1 em torno de 82%. Conforme informe epidemiol\u00f3gico divulgado nesta quarta-feira (17), estima-se que haja no estado pouco mais de 3 milh\u00f5es de pessoas que ainda n\u00e3o foram vacinadas, especialmente na faixa et\u00e1ria de 15 a 59 anos, que tamb\u00e9m foi a mais acometida pela epidemia de febre amarela silvestre ocorrida em 2017.<\/p>\n<p>Entre os 853 munic\u00edpios do estado, 39,62% (338) n\u00e3o alcan\u00e7aram 80% de cobertura vacinal; 32,47% (277) t\u00eam entre 80% e 94,9% de seus moradores vacinados; e com mais de 95%, est\u00e3o 27,90% (238) das cidades mineiras com recomenda\u00e7\u00e3o de vacina.<\/p>\n<p>Segundo o Minist\u00e9rio da Sa\u00fade, de julho de 2017 at\u00e9 o \u00faltimo domingo (14), foram confirmados 35 casos de febre amarela no pa\u00eds, dos quais 20 resultaram na morte do paciente. Ao todo, foram notificados 470 casos suspeitos, dos quais 145 permanecem em investiga\u00e7\u00e3o e 290 foram descartados.<\/p>\n<p>Grande parte dos casos ocorre na Regi\u00e3o Sudeste e envolve moradores de zonas rurais ou que tiveram contato com \u00e1reas silvestres por motivo de trabalho ou lazer.<\/p>\n<p><strong>VER PRIMEIRO<\/strong><\/p>\n<p>Receba as not\u00edcias do Aconteceu no Vale em primeira m\u00e3o. Clique em curtir no endere\u00e7o <a href=\"https:\/\/www.facebook.com\/aconteceunovale\" target=\"_blank\"><font color=\"red\">www.facebook.com\/aconteceunovale<\/font><\/a> ou no box abaixo:<\/p>\n<div class=\"fb-like\" data-href=\"https:\/\/www.facebook.com\/aconteceunovale\" data-width=\"120\" data-layout=\"standard\" data-action=\"like\" data-size=\"small\" data-show-faces=\"true\" data-share=\"true\"><\/div>\n<p><\/br><\/p>\n<p><em>(Fonte: Ag\u00eancia Brasil)<\/em><\/p>\n","protected":false},"excerpt":{"rendered":"<p>Com o segundo per\u00edodo de monitoramento epidemiol\u00f3gico dos casos de febre amarela em Minas Gerais, de julho do ano passado at\u00e9 o in\u00edcio deste ano, foram confirmados no estado 22 casos da doen\u00e7a. Segundo a Secretaria de Estado da Sa\u00fade, destes, 15 evolu\u00edram para \u00f3bito. Nesse per\u00edodo, foram descartados 40 casos suspeitos, e h\u00e1 46 [&hellip;]<\/p>\n","protected":false},"author":1,"featured_media":112787,"comment_status":"open","ping_status":"closed","sticky":false,"template":"","format":"standard","meta":{"amp_status":"","footnotes":""},"categories":[123,40242],"tags":[167460,141121,139784,47713,139783,134819,21731,167545,167544,167462,19152,167461],"class_list":["post-126541","post","type-post","status-publish","format-standard","has-post-thumbnail","hentry","category-gerais","category-saude-2","tag-boletim-epidemiologico","tag-casos-de-febre-amarela","tag-casos-de-febre-amarela-em-minas","tag-febre-amarela","tag-febre-amarela-em-minas","tag-febre-amarela-no-brasil","tag-imunizacao","tag-minas-registra-15-mortes-por-febre-amarela-de-julho-ate-janeiro","tag-minas-registra-22-casos-de-febre-amarela-de-julho-ate-janeiro","tag-registros-de-mortes-por-febre-amarela-aumentam-cinco-vezes-em-uma-semana","tag-saude","tag-vacina-fracionada"],"_links":{"self":[{"href":"https:\/\/aconteceunovale.com.br\/portal\/index.php?rest_route=\/wp\/v2\/posts\/126541","targetHints":{"allow":["GET"]}}],"collection":[{"href":"https:\/\/aconteceunovale.com.br\/portal\/index.php?rest_route=\/wp\/v2\/posts"}],"about":[{"href":"https:\/\/aconteceunovale.com.br\/portal\/index.php?rest_route=\/wp\/v2\/types\/post"}],"author":[{"embeddable":true,"href":"https:\/\/aconteceunovale.com.br\/portal\/index.php?rest_route=\/wp\/v2\/users\/1"}],"replies":[{"embeddable":true,"href":"https:\/\/aconteceunovale.com.br\/portal\/index.php?rest_route=%2Fwp%2Fv2%2Fcomments&post=126541"}],"version-history":[{"count":0,"href":"https:\/\/aconteceunovale.com.br\/portal\/index.php?rest_route=\/wp\/v2\/posts\/126541\/revisions"}],"wp:featuredmedia":[{"embeddable":true,"href":"https:\/\/aconteceunovale.com.br\/portal\/index.php?rest_route=\/wp\/v2\/media\/112787"}],"wp:attachment":[{"href":"https:\/\/aconteceunovale.com.br\/portal\/index.php?rest_route=%2Fwp%2Fv2%2Fmedia&parent=126541"}],"wp:term":[{"taxonomy":"category","embeddable":true,"href":"https:\/\/aconteceunovale.com.br\/portal\/index.php?rest_route=%2Fwp%2Fv2%2Fcategories&post=126541"},{"taxonomy":"post_tag","embeddable":true,"href":"https:\/\/aconteceunovale.com.br\/portal\/index.php?rest_route=%2Fwp%2Fv2%2Ftags&post=126541"}],"curies":[{"name":"wp","href":"https:\/\/api.w.org\/{rel}","templated":true}]}}