{"id":126511,"date":"2018-01-17T11:58:44","date_gmt":"2018-01-17T13:58:44","guid":{"rendered":"http:\/\/aconteceunovale.com.br\/portal\/?p=126511"},"modified":"2018-01-17T12:37:00","modified_gmt":"2018-01-17T14:37:00","slug":"abertas-as-inscricoes-para-socio-da-praca-de-esportes-de-capelinha","status":"publish","type":"post","link":"https:\/\/aconteceunovale.com.br\/portal\/?p=126511","title":{"rendered":"Abertas as inscri\u00e7\u00f5es para s\u00f3cio da Pra\u00e7a de Esportes de Capelinha"},"content":{"rendered":"<p>A popula\u00e7\u00e3o capelinhense ganhar\u00e1 ainda neste m\u00eas de janeiro mais uma op\u00e7\u00e3o de lazer. Ap\u00f3s obra de reforma em todos os ambientes, a Prefeitura Municipal de Capelinha, atrav\u00e9s da Secretaria de Esporte, Lazer, Cultura e Turismo, reabrir\u00e1 as portas da Pra\u00e7a de Esportes, voltando assim, a disponibilizar aos mun\u00edcipes um espa\u00e7o organizado e adequado para a pr\u00e1tica de nata\u00e7\u00e3o, futsal, v\u00f4lei, entre outros.<\/p>\n<p>De acordo com o secret\u00e1rio Lourival Brito, durante o tempo em que o clube ficou em reforma, foram realizadas v\u00e1rias interven\u00e7\u00f5es em todo o espa\u00e7o, como: reforma das piscinas, reforma dos banheiros, reforma da sauna, reforma da quadra, constru\u00e7\u00e3o de quiosques, constru\u00e7\u00e3o de passarelas, reforma e amplia\u00e7\u00e3o do bar e limpeza.<\/p>\n<p>Para que o espa\u00e7o volte a ser utilizado de forma organizada, j\u00e1 est\u00e1 sendo realizado o cadastro de usu\u00e1rios\/s\u00f3cios. Os interessados dever\u00e3o comparecer a Secretaria Municipal de Esporte, Lazer, Cultura e Turismo, na Rua das Flores, 611, no Centro da cidade, ou na Pra\u00e7a de Esportes. \u00c9 necess\u00e1rio levar c\u00f3pia de documento com foto, comprovante de endere\u00e7o, atestado m\u00e9dico e uma fotografia 3&#215;4. No caso de menores de idade, no ato da inscri\u00e7\u00e3o dever\u00e1 ser apresentada uma declara\u00e7\u00e3o escolar.<\/p>\n<p>Ainda segundo Lourival Brito, as atividades da Pra\u00e7a de Esportes ser\u00e3o realizadas de ter\u00e7a a s\u00e1bado, de 9h \u00e0s 21h, e de 9h \u00e0s 17h aos domingos e feriados. O valor da mensalidade \u00e9 de R$ 40,00 tanto para plano individual quanto para familiar (inclui o titular da conta, c\u00f4njuge e filhos menores de 18 anos). Mais informa\u00e7\u00f5es atrav\u00e9s do telefone (33) 3516-4011.<\/p>\n<p>Confira fotos da Pra\u00e7a de Esportes:<\/p>\n<p><img decoding=\"async\" src=\"http:\/\/aconteceunovale.com.br\/portal\/wp-content\/uploads\/2018\/01\/praca_esportes_cap_1.jpg\" alt=\"\" \/><\/p>\n<p><img decoding=\"async\" src=\"http:\/\/aconteceunovale.com.br\/portal\/wp-content\/uploads\/2018\/01\/praca_esportes_cap_2.jpg\" alt=\"\" \/><\/p>\n<p><img decoding=\"async\" src=\"http:\/\/aconteceunovale.com.br\/portal\/wp-content\/uploads\/2018\/01\/praca_esportes_cap_3.jpg\" alt=\"\" \/><\/p>\n<p><img decoding=\"async\" src=\"http:\/\/aconteceunovale.com.br\/portal\/wp-content\/uploads\/2018\/01\/praca_esportes_cap_4.jpg\" alt=\"\" \/><\/p>\n<p><img decoding=\"async\" src=\"http:\/\/aconteceunovale.com.br\/portal\/wp-content\/uploads\/2018\/01\/praca_esportes_cap_5.jpg\" alt=\"\" \/><\/p>\n<p><img decoding=\"async\" src=\"http:\/\/aconteceunovale.com.br\/portal\/wp-content\/uploads\/2018\/01\/praca_esportes_cap_6.jpg\" alt=\"\" \/><\/p>\n<p><img decoding=\"async\" src=\"http:\/\/aconteceunovale.com.br\/portal\/wp-content\/uploads\/2018\/01\/praca_esportes_cap_7.jpg\" alt=\"\" \/><\/p>\n<p><img decoding=\"async\" src=\"http:\/\/aconteceunovale.com.br\/portal\/wp-content\/uploads\/2018\/01\/praca_esportes_cap_8.jpg\" alt=\"\" \/><\/p>\n<p><img decoding=\"async\" src=\"http:\/\/aconteceunovale.com.br\/portal\/wp-content\/uploads\/2018\/01\/praca_esportes_cap_9.jpg\" alt=\"\" \/><\/p>\n<p><img decoding=\"async\" src=\"http:\/\/aconteceunovale.com.br\/portal\/wp-content\/uploads\/2018\/01\/praca_esportes_cap_10.jpg\" alt=\"\" \/><\/p>\n<p><img decoding=\"async\" src=\"http:\/\/aconteceunovale.com.br\/portal\/wp-content\/uploads\/2018\/01\/praca_esportes_cap_11.jpg\" alt=\"\" \/><\/p>\n<p><strong>VER PRIMEIRO<\/strong><\/p>\n<p>Receba as not\u00edcias do Aconteceu no Vale em primeira m\u00e3o. Clique em curtir no endere\u00e7o <a href=\"https:\/\/www.facebook.com\/aconteceunovale\" target=\"_blank\"><font color=\"red\">www.facebook.com\/aconteceunovale<\/font><\/a> ou no box abaixo:<\/p>\n<div class=\"fb-like\" data-href=\"https:\/\/www.facebook.com\/aconteceunovale\" data-width=\"120\" data-layout=\"standard\" data-action=\"like\" data-size=\"small\" data-show-faces=\"true\" data-share=\"true\"><\/div>\n<p><\/br><\/p>\n","protected":false},"excerpt":{"rendered":"<p>A popula\u00e7\u00e3o capelinhense ganhar\u00e1 ainda neste m\u00eas de janeiro mais uma op\u00e7\u00e3o de lazer. Ap\u00f3s obra de reforma em todos os ambientes, a Prefeitura Municipal de Capelinha, atrav\u00e9s da Secretaria de Esporte, Lazer, Cultura e Turismo, reabrir\u00e1 as portas da Pra\u00e7a de Esportes, voltando assim, a disponibilizar aos mun\u00edcipes um espa\u00e7o organizado e adequado para [&hellip;]<\/p>\n","protected":false},"author":1,"featured_media":126512,"comment_status":"open","ping_status":"closed","sticky":false,"template":"","format":"standard","meta":{"amp_status":"","footnotes":""},"categories":[120],"tags":[167507,167509,132,167518,167515,167514,167517,167513,167510,167511,167516,167520,167519,167508,167512],"class_list":["post-126511","post","type-post","status-publish","format-standard","has-post-thumbnail","hentry","category-jequi","tag-abertas-as-inscricoes-para-socio-da-praca-de-esportes-de-capelinha","tag-abertura-da-praca-de-esportes-de-capelinha","tag-capelinha","tag-clube-em-capelinha","tag-clube-praca-de-esportes-de-capelinha","tag-conhecer-a-praca-de-esportes-de-capelinha","tag-esportes-em-capelinha","tag-fotos-praca-de-esportes-de-capelinha","tag-funcionamento-da-praca-de-esportes-de-capelinha","tag-inscricao-praca-de-esportes-de-capelinha","tag-lazer-em-capelinha","tag-lourival-brito","tag-natacao-em-capelinha","tag-praca-de-esportes-de-capelinha","tag-socio-praca-de-esportes-de-capelinha"],"_links":{"self":[{"href":"https:\/\/aconteceunovale.com.br\/portal\/index.php?rest_route=\/wp\/v2\/posts\/126511","targetHints":{"allow":["GET"]}}],"collection":[{"href":"https:\/\/aconteceunovale.com.br\/portal\/index.php?rest_route=\/wp\/v2\/posts"}],"about":[{"href":"https:\/\/aconteceunovale.com.br\/portal\/index.php?rest_route=\/wp\/v2\/types\/post"}],"author":[{"embeddable":true,"href":"https:\/\/aconteceunovale.com.br\/portal\/index.php?rest_route=\/wp\/v2\/users\/1"}],"replies":[{"embeddable":true,"href":"https:\/\/aconteceunovale.com.br\/portal\/index.php?rest_route=%2Fwp%2Fv2%2Fcomments&post=126511"}],"version-history":[{"count":0,"href":"https:\/\/aconteceunovale.com.br\/portal\/index.php?rest_route=\/wp\/v2\/posts\/126511\/revisions"}],"wp:featuredmedia":[{"embeddable":true,"href":"https:\/\/aconteceunovale.com.br\/portal\/index.php?rest_route=\/wp\/v2\/media\/126512"}],"wp:attachment":[{"href":"https:\/\/aconteceunovale.com.br\/portal\/index.php?rest_route=%2Fwp%2Fv2%2Fmedia&parent=126511"}],"wp:term":[{"taxonomy":"category","embeddable":true,"href":"https:\/\/aconteceunovale.com.br\/portal\/index.php?rest_route=%2Fwp%2Fv2%2Fcategories&post=126511"},{"taxonomy":"post_tag","embeddable":true,"href":"https:\/\/aconteceunovale.com.br\/portal\/index.php?rest_route=%2Fwp%2Fv2%2Ftags&post=126511"}],"curies":[{"name":"wp","href":"https:\/\/api.w.org\/{rel}","templated":true}]}}