{"id":126505,"date":"2018-01-16T23:46:46","date_gmt":"2018-01-17T01:46:46","guid":{"rendered":"http:\/\/aconteceunovale.com.br\/portal\/?p=126505"},"modified":"2018-01-16T23:46:46","modified_gmt":"2018-01-17T01:46:46","slug":"policia-prende-suspeito-de-mutilar-caes-na-zona-rural-de-inhapim-no-vale-do-rio-doce","status":"publish","type":"post","link":"https:\/\/aconteceunovale.com.br\/portal\/?p=126505","title":{"rendered":"Pol\u00edcia prende suspeito de mutilar c\u00e3es na zona rural de Inhapim, no Vale do Rio Doce"},"content":{"rendered":"<p>Um homem de 40 anos foi preso na noite da segunda-feira (15\/01\/2018), em Inhapim, suspeito de ter castrado cruelmente dois cachorros. O lavrador A.F.A teria sido identificado em um v\u00eddeo, divulgado nas redes sociais, que mostra o ato contra os animais, ocorrido no C\u00f3rrego do Val\u00e3o, em Tabajara, distrito da zona rural de Inhapim, na regi\u00e3o do Rio Doce.<\/p>\n<p>No v\u00eddeo, sete homens aparecem reunidos, estando alguns segurando um cachorro, enquanto um deles, que seria A.F.A, se utiliza de um canivete para castrar o animal de forma inadequada, deixando-o mutilado. O animal ainda foi agredido com um chute, arrastado e teve a cabe\u00e7a tampada com um saco pl\u00e1stico.<\/p>\n<p>Em a\u00e7\u00e3o conjunta montada entre a Pol\u00edcia Civil, a Pol\u00edcia Militar e o Minist\u00e9rio P\u00fablico, ficou entendido que caberia pris\u00e3o em flagrante para os suspeitos, haja vista que o fato j\u00e1 havia sido praticado anteriormente, portanto, em tese caracterizaria uma associa\u00e7\u00e3o criminosa. Uma testemunha contou ao Minist\u00e9rio P\u00fablico que os suspeitos j\u00e1 haviam se reunido em 2016 para cometer o mesmo crime.<\/p>\n<p>A.F.A foi localizado no C\u00f3rrego do Val\u00e3o, pela Pol\u00edcia Militar. No local, foi constatado que dois c\u00e3es haviam sofrido a a\u00e7\u00e3o criminosa, apresentavam feridas vis\u00edveis e aparentavam estar com medo da aproxima\u00e7\u00e3o de qualquer pessoa.<\/p>\n<p>Para a Pol\u00edcia Militar, A.F.A disse que no dia 10 de janeiro, quarta-feira, se reuniu com alguns amigos na casa de um deles, onde estavam comendo peixes e ingerindo \u00e1lcool. Em certo momento, os animais se aproximaram e um dos suspeitos, morador da resid\u00eancia, teria dito que j\u00e1 n\u00e3o suportava mais a presen\u00e7a dos animais. Foi ent\u00e3o que alguns deles tiveram a ideia de castrar os c\u00e3es. A.F.A contou que realizou a castra\u00e7\u00e3o sem nenhum tipo de anestesia ou medica\u00e7\u00e3o, e que nenhum dos amigos sabia de quem eram os animais.<\/p>\n<p>Os animais foram examinados por uma m\u00e9dica veterin\u00e1ria, entregues aos propriet\u00e1rios e seguem sendo medicados. A.F.A foi levado para a Delegacia de Plant\u00e3o em Caratinga, onde foi preso em flagrante pelos crimes de associa\u00e7\u00e3o criminosa, maus-tratos a animais e incita\u00e7\u00e3o criminosa, e ser\u00e1 encaminhado ao Sistema Prisional. \u00c0 Pol\u00edcia Civil, ele disse que s\u00f3 teria castrado um animal e que estava alcoolizado. As investiga\u00e7\u00f5es seguem com o intuito de colher depoimentos de testemunhas e localizar outras seis pessoas que estariam envolvidas.<\/p>\n<p>\u201cFoi t\u00e3o p\u00fablico e not\u00f3rio o fato e as not\u00edcias vieram de forma t\u00e3o r\u00e1pida pelas redes sociais que tanto a Pol\u00edcia Civil, quanto o Minist\u00e9rio P\u00fablico e a Pol\u00edcia Militar tomaram conhecimento rapidamente do ocorrido. Diante da situa\u00e7\u00e3o, eu entendi que caberia o flagrante por associa\u00e7\u00e3o criminosa, porque eles s\u00e3o suspeitos de pr\u00e1tica do mesmo tipo de crime no ano passado. Informei \u00e0 Pol\u00edcia Militar que poderia efetuar a pris\u00e3o, mesmo tendo decorrido lapso temporal. Essa pronta resposta se deu em raz\u00e3o da colabora\u00e7\u00e3o da popula\u00e7\u00e3o, para que os fatos chegassem at\u00e9 \u00e0 Pol\u00edcia\u201d, aponta o Delegado Afr\u00e2nio Soares, respons\u00e1vel pelo caso.<\/p>\n<p><img decoding=\"async\" src=\"http:\/\/aconteceunovale.com.br\/portal\/wp-content\/uploads\/2018\/01\/ocorrencia_caes_inhapim.jpg\" alt=\"\" \/><em>Coletiva de imprensa sobre o caso (Divulga\u00e7\u00e3o\/PCMG)<\/em><br \/>\n<\/br><\/p>\n<p><strong>VER PRIMEIRO<\/strong><\/p>\n<p>Receba as not\u00edcias do Aconteceu no Vale em primeira m\u00e3o. Clique em curtir no endere\u00e7o <a href=\"https:\/\/www.facebook.com\/aconteceunovale\" target=\"_blank\"><font color=\"red\">www.facebook.com\/aconteceunovale<\/font><\/a> ou no box abaixo:<\/p>\n<div class=\"fb-like\" data-href=\"https:\/\/www.facebook.com\/aconteceunovale\" data-width=\"120\" data-layout=\"standard\" data-action=\"like\" data-size=\"small\" data-show-faces=\"true\" data-share=\"true\"><\/div>\n<p><\/br><\/p>\n<p><em>(Fonte: PCMG)<\/em><\/p>\n","protected":false},"excerpt":{"rendered":"<p>Um homem de 40 anos foi preso na noite da segunda-feira (15\/01\/2018), em Inhapim, suspeito de ter castrado cruelmente dois cachorros. O lavrador A.F.A teria sido identificado em um v\u00eddeo, divulgado nas redes sociais, que mostra o ato contra os animais, ocorrido no C\u00f3rrego do Val\u00e3o, em Tabajara, distrito da zona rural de Inhapim, na [&hellip;]<\/p>\n","protected":false},"author":1,"featured_media":126506,"comment_status":"open","ping_status":"closed","sticky":false,"template":"","format":"standard","meta":{"amp_status":"","footnotes":""},"categories":[121],"tags":[167502,167500,237,167501,296,58056,167503,167497,167499,167498],"class_list":["post-126505","post","type-post","status-publish","format-standard","has-post-thumbnail","hentry","category-leste","tag-afranio-soares","tag-agnel-francisco-alves","tag-caratinga","tag-delegado-afranio-soares","tag-inhapim","tag-no-vale-do-rio-doce","tag-policia-prende-suspeito-de-mutilar-caes-na-zona-rural-de-inhapim","tag-preso-em-inhapim","tag-preso-por-castrar-cachorros-em-inhapim","tag-preso-por-mutilar-caes-em-inhapim"],"_links":{"self":[{"href":"https:\/\/aconteceunovale.com.br\/portal\/index.php?rest_route=\/wp\/v2\/posts\/126505","targetHints":{"allow":["GET"]}}],"collection":[{"href":"https:\/\/aconteceunovale.com.br\/portal\/index.php?rest_route=\/wp\/v2\/posts"}],"about":[{"href":"https:\/\/aconteceunovale.com.br\/portal\/index.php?rest_route=\/wp\/v2\/types\/post"}],"author":[{"embeddable":true,"href":"https:\/\/aconteceunovale.com.br\/portal\/index.php?rest_route=\/wp\/v2\/users\/1"}],"replies":[{"embeddable":true,"href":"https:\/\/aconteceunovale.com.br\/portal\/index.php?rest_route=%2Fwp%2Fv2%2Fcomments&post=126505"}],"version-history":[{"count":0,"href":"https:\/\/aconteceunovale.com.br\/portal\/index.php?rest_route=\/wp\/v2\/posts\/126505\/revisions"}],"wp:featuredmedia":[{"embeddable":true,"href":"https:\/\/aconteceunovale.com.br\/portal\/index.php?rest_route=\/wp\/v2\/media\/126506"}],"wp:attachment":[{"href":"https:\/\/aconteceunovale.com.br\/portal\/index.php?rest_route=%2Fwp%2Fv2%2Fmedia&parent=126505"}],"wp:term":[{"taxonomy":"category","embeddable":true,"href":"https:\/\/aconteceunovale.com.br\/portal\/index.php?rest_route=%2Fwp%2Fv2%2Fcategories&post=126505"},{"taxonomy":"post_tag","embeddable":true,"href":"https:\/\/aconteceunovale.com.br\/portal\/index.php?rest_route=%2Fwp%2Fv2%2Ftags&post=126505"}],"curies":[{"name":"wp","href":"https:\/\/api.w.org\/{rel}","templated":true}]}}