{"id":126495,"date":"2018-01-16T23:18:39","date_gmt":"2018-01-17T01:18:39","guid":{"rendered":"http:\/\/aconteceunovale.com.br\/portal\/?p=126495"},"modified":"2018-01-16T23:18:39","modified_gmt":"2018-01-17T01:18:39","slug":"morador-de-capelinha-continua-desaparecido","status":"publish","type":"post","link":"https:\/\/aconteceunovale.com.br\/portal\/?p=126495","title":{"rendered":"Morador de Capelinha continua desaparecido"},"content":{"rendered":"<p>O comandante da 3\u00aa Companhia de Bombeiros Militar (CBM) em Diamantina, capit\u00e3o Andrey M\u00e1rcio Gomes, se reuniu na tarde desta ter\u00e7a-feira (16\/01\/2018) com familiares e amigos de Ant\u00f4nio Laerte Paranhos, popularmente conhecido como Padre Pedro, para comunicar o encerramento das buscas f\u00edsicas ao capelinhense. <\/p>\n<p>Padre Pedro foi visto pela \u00faltima vez, no dia 7 de janeiro de 2018, nas imedia\u00e7\u00f5es da Funda\u00e7\u00e3o Hospitalar de Capelinha e desde ent\u00e3o est\u00e1 desaparecido. Ele n\u00e3o portava nenhum documento de identifica\u00e7\u00e3o.<\/p>\n<p>Desde ent\u00e3o, familiares e amigos de Padre Pedro realizam buscas no munic\u00edpio de Capelinha. Nos \u00faltimos dias, os trabalhos foram intensificados com a presen\u00e7a de militares do Corpo de Bombeiros de Diamantina, por\u00e9m sem \u00eaxito na localiza\u00e7\u00e3o do cidad\u00e3o muito popular na cidade.<\/p>\n<p>Se voc\u00ea tem alguma informa\u00e7\u00e3o sobre a localiza\u00e7\u00e3o do cidad\u00e3o Ant\u00f4nio Laerte Paranhos, entre em contato com a Pol\u00edcia Militar atrav\u00e9s do n\u00famero 190 ou com o 197 da Pol\u00edcia Civil. N\u00e3o \u00e9 necess\u00e1rio se identificar.<\/p>\n<p><img decoding=\"async\" src=\"http:\/\/aconteceunovale.com.br\/portal\/wp-content\/uploads\/2018\/01\/padre_pedro_3.jpg\" alt=\"\" \/><em>Padre Pedro est\u00e1 desaparecido desde o dia 7 de janeiro (Foto: Divulga\u00e7\u00e3o)<\/em><br \/>\n<\/br><\/p>\n<p><strong>VER PRIMEIRO<\/strong><\/p>\n<p>Receba as not\u00edcias do Aconteceu no Vale em primeira m\u00e3o. Clique em curtir no endere\u00e7o <a href=\"https:\/\/www.facebook.com\/aconteceunovale\" target=\"_blank\"><font color=\"red\">www.facebook.com\/aconteceunovale<\/font><\/a> ou no box abaixo:<\/p>\n<div class=\"fb-like\" data-href=\"https:\/\/www.facebook.com\/aconteceunovale\" data-width=\"120\" data-layout=\"standard\" data-action=\"like\" data-size=\"small\" data-show-faces=\"true\" data-share=\"true\"><\/div>\n<p><\/br><\/p>\n","protected":false},"excerpt":{"rendered":"<p>O comandante da 3\u00aa Companhia de Bombeiros Militar (CBM) em Diamantina, capit\u00e3o Andrey M\u00e1rcio Gomes, se reuniu na tarde desta ter\u00e7a-feira (16\/01\/2018) com familiares e amigos de Ant\u00f4nio Laerte Paranhos, popularmente conhecido como Padre Pedro, para comunicar o encerramento das buscas f\u00edsicas ao capelinhense. Padre Pedro foi visto pela \u00faltima vez, no dia 7 de [&hellip;]<\/p>\n","protected":false},"author":1,"featured_media":126497,"comment_status":"open","ping_status":"closed","sticky":false,"template":"","format":"standard","meta":{"amp_status":"","footnotes":""},"categories":[120],"tags":[167482,167483,167479,198,167481,167478,167480],"class_list":["post-126495","post","type-post","status-publish","format-standard","has-post-thumbnail","hentry","category-jequi","tag-andrey-marcio-gomes","tag-antonio-laerte-paranhos","tag-desaparecimento-padre-pedro","tag-diamantina","tag-localizacao-padre-pedro","tag-morador-de-capelinha-continua-desaparecido","tag-padre-pedro-desaparecido"],"_links":{"self":[{"href":"https:\/\/aconteceunovale.com.br\/portal\/index.php?rest_route=\/wp\/v2\/posts\/126495","targetHints":{"allow":["GET"]}}],"collection":[{"href":"https:\/\/aconteceunovale.com.br\/portal\/index.php?rest_route=\/wp\/v2\/posts"}],"about":[{"href":"https:\/\/aconteceunovale.com.br\/portal\/index.php?rest_route=\/wp\/v2\/types\/post"}],"author":[{"embeddable":true,"href":"https:\/\/aconteceunovale.com.br\/portal\/index.php?rest_route=\/wp\/v2\/users\/1"}],"replies":[{"embeddable":true,"href":"https:\/\/aconteceunovale.com.br\/portal\/index.php?rest_route=%2Fwp%2Fv2%2Fcomments&post=126495"}],"version-history":[{"count":0,"href":"https:\/\/aconteceunovale.com.br\/portal\/index.php?rest_route=\/wp\/v2\/posts\/126495\/revisions"}],"wp:featuredmedia":[{"embeddable":true,"href":"https:\/\/aconteceunovale.com.br\/portal\/index.php?rest_route=\/wp\/v2\/media\/126497"}],"wp:attachment":[{"href":"https:\/\/aconteceunovale.com.br\/portal\/index.php?rest_route=%2Fwp%2Fv2%2Fmedia&parent=126495"}],"wp:term":[{"taxonomy":"category","embeddable":true,"href":"https:\/\/aconteceunovale.com.br\/portal\/index.php?rest_route=%2Fwp%2Fv2%2Fcategories&post=126495"},{"taxonomy":"post_tag","embeddable":true,"href":"https:\/\/aconteceunovale.com.br\/portal\/index.php?rest_route=%2Fwp%2Fv2%2Ftags&post=126495"}],"curies":[{"name":"wp","href":"https:\/\/api.w.org\/{rel}","templated":true}]}}