{"id":126490,"date":"2018-01-16T23:01:12","date_gmt":"2018-01-17T01:01:12","guid":{"rendered":"http:\/\/aconteceunovale.com.br\/portal\/?p=126490"},"modified":"2018-01-16T23:01:12","modified_gmt":"2018-01-17T01:01:12","slug":"projetos-de-energia-solar-atraem-cada-vez-mais-investidores-ao-norte-de-minas-gerais","status":"publish","type":"post","link":"https:\/\/aconteceunovale.com.br\/portal\/?p=126490","title":{"rendered":"Projetos de energia solar atraem cada vez mais investidores ao Norte de Minas Gerais"},"content":{"rendered":"<p>O elevado \u00edndice de radia\u00e7\u00e3o solar e a localiza\u00e7\u00e3o geogr\u00e1fica central, considerando o sistema el\u00e9trico nacional, tornam a por\u00e7\u00e3o setentrional de Minas Gerais uma das regi\u00f5es brasileiras mais indicadas para desenvolvimento e implanta\u00e7\u00e3o de empreendimentos fotovoltaicos (geram energia el\u00e9trica atrav\u00e9s da capta\u00e7\u00e3o da luz do sol).<\/p>\n<p>Tais carater\u00edsticas favor\u00e1veis t\u00eam atra\u00eddo, nos \u00faltimos anos, empresas nacionais e estrangeiras interessadas no potencial energ\u00e9tico local. O Governo mineiro oferece incentivos e aprimorou a legisla\u00e7\u00e3o ambiental para atrair investimentos, gerando emprego e renda na regi\u00e3o.<\/p>\n<p>At\u00e9 o momento, o Governo Federal realizou tr\u00eas leil\u00f5es \u2013 um em 2014 e dois em 2015 \u2013 para contrata\u00e7\u00e3o de energia exclusiva de fonte solar. Dos 94 empreendimentos contratados nestes leil\u00f5es, 17 se localizam em territ\u00f3rio mineiro \u2013 Minas Gerais fica atr\u00e1s apenas da Bahia \u2013, com uma estimativa de investimentos na ordem de R$ 2,2 bilh\u00f5es e uma previs\u00e3o de faturamento, em valores presentes, nos 20 anos de contrata\u00e7\u00e3o, de R$ 6,8 bilh\u00f5es.<\/p>\n<p><img decoding=\"async\" src=\"http:\/\/aconteceunovale.com.br\/portal\/wp-content\/uploads\/2018\/01\/complexo_pirapora_1.jpg\" alt=\"\" \/><em>Complexo fotovoltaico instalado no munic\u00edpio de Pirapora (Divulga\u00e7\u00e3o\/EDF EN)<\/em><br \/>\n<\/br><\/p>\n<p>\u201cNo longo prazo acreditamos que a energia solar fotovoltaica produzir\u00e1 efeitos positivos em regi\u00f5es carentes do estado como o Norte, Noroeste e Jequitinhonha. A instala\u00e7\u00e3o desses empreendimentos demandam m\u00e3o de obra qualificada na regi\u00e3o e tamb\u00e9m representam valoriza\u00e7\u00e3o da terra para os propriet\u00e1rios rurais, que passam a ter a oportunidade de arrendamento de parte de suas propriedades por per\u00edodos longos de 20 a 25 anos, complementando a sua renda tradicional advinda do agroneg\u00f3cio&#8221;, destaca o superintendente de Pol\u00edtica Mineral, Energ\u00e9tica e Log\u00edstica da Secretaria de Estado de Desenvolvimento Econ\u00f4mico, Ci\u00eancia, Tecnologia e Ensino Superior (Sedectes), Guilherme Augusto Duarte de Faria.<\/p>\n<p>Segundo dados da Ag\u00eancia Brasileira de Energia El\u00e9trica (Aneel) cinco empreendimentos j\u00e1 entraram em opera\u00e7\u00e3o na regi\u00e3o, todos localizados no munic\u00edpio de Pirapora, no Territ\u00f3rio Norte. Juntas, as usinas geram uma pot\u00eancia total de 150MW, suficientes para atender 123 mil resid\u00eancias m\u00e9dias (consumo de 250 kwh por m\u00eas). O investimento total nos cinco empreendimentos foi de R$ 640,8 milh\u00f5es.<\/p>\n<p>&#8220;Os investimentos em usinas de gera\u00e7\u00e3o de energia solar fotovoltaica em Minas Gerais tamb\u00e9m geram efeitos positivos em sua cadeia de valor em v\u00e1rias regi\u00f5es do estado, pois industrias tradicional do setor metal mec\u00e2nico e eletroeletr\u00f4nica passam a ter a oportunidade de diversificar sua produ\u00e7\u00e3o para esse setor\u201d, diz o superintendente da Sedectes.<\/p>\n<p>Os demais 12 empreendimentos est\u00e3o previstos para serem instalados na regi\u00e3o nos pr\u00f3ximos anos. Destes, oito est\u00e3o em constru\u00e7\u00e3o em Pirapora (4) e Paracatu (4) e devem entrar em opera\u00e7\u00e3o at\u00e9 o primeiro semestre de 2018. O investimento total ultrapassa a cifra de R$ 1 bilh\u00e3o. As quatro restantes v\u00e3o ser instaladas em Pirapora (2) e Guimar\u00e2nia (2) e j\u00e1 se encontram contratadas, mas ainda n\u00e3o entraram em fase de constru\u00e7\u00e3o.<\/p>\n<p>Quando todos os 17 empreendimentos estiverem em opera\u00e7\u00e3o, a energia gerada ser\u00e1 equivalente ao consumo de aproximadamente 400 mil resid\u00eancias.<\/p>\n<p><img decoding=\"async\" src=\"http:\/\/aconteceunovale.com.br\/portal\/wp-content\/uploads\/2018\/01\/complexo_pirapora_2.jpg\" alt=\"\" \/><br \/>\n<\/br><\/p>\n<p><strong>Competitividade<\/strong><\/p>\n<p>No Norte de Minas Gerais, os investidores encontram condi\u00e7\u00f5es naturais que potencializam o aproveitamento da energia solar. De acordo com a Secretaria de Desenvolvimento e Integra\u00e7\u00e3o do Norte e Nordeste de Minas Gerais (Sedinor), os \u00edndices de radia\u00e7\u00e3o solar na regi\u00e3o est\u00e3o entre os melhores do planeta, considerando a intensidade e a disponibilidade durante todo o ano.<\/p>\n<p>Destaca-se ainda a disponibilidade de terras planas, degradadas ou de pouco utilidade e devidamente regularizadas sob o aspecto fundi\u00e1rio. Somente no Norte de Minas, um mapeamento com georreferenciamento identificou 120 \u00e1reas prop\u00edcias para instala\u00e7\u00e3o de unidades de gera\u00e7\u00e3o de energia.<\/p>\n<p>Incentivos governamentais tamb\u00e9m t\u00eam sido cruciais para a atra\u00e7\u00e3o dos investimentos. Minas Gerais possui em seu regulamento do ICMS (RICMS) as melhores condi\u00e7\u00f5es fiscais do pa\u00eds para investimentos em energia de fontes renov\u00e1veis, dentre elas a energia solar fotovoltaica. O RICMS-MG concede isen\u00e7\u00e3o de ICMS em todo o investimento em usinas de gera\u00e7\u00e3o de energia solar fotovoltaica.<\/p>\n<p>Cabe ressaltar que, desde 2015, o Estado vem atualizando sua legisla\u00e7\u00e3o ambiental para tornar mais c\u00e9lere a an\u00e1lise dos processos de licenciamento ambiental, com destaque para empreendimentos de energia solar fotovoltaica, que teve seus procedimentos simplificados sem preju\u00edzo para a qualidade da an\u00e1lise ambiental envolvida.<\/p>\n<p>\u201cAl\u00e9m do potencial natural que possu\u00edmos, com altos n\u00edveis de irradia\u00e7\u00e3o solar, o Governo de Minas Gerais tem se esfor\u00e7ado para criar um ambiente de neg\u00f3cios favor\u00e1vel \u00e0 atra\u00e7\u00e3o desses investimentos. Como exemplo podemos citar que as regras de licenciamento ambiental foram atualizadas, de modo que sejam claras e os procedimentos c\u00e9leres&#8221;, enfatiza Guilherme.<\/p>\n<p>&#8220;Os incentivos tribut\u00e1rios foram mantidos e s\u00e3o prontamente aplicados aos empreendimentos, como forma de criar um diferencial para o estado em rela\u00e7\u00e3o as demais unidades da federa\u00e7\u00e3o. Por fim cabe ressaltar o suporte que \u00f3rg\u00e3os do Governo, como a Sedectes, Sedinor e o Indi, tem prestado aos empreendimentos, como forma de aproxim\u00e1-los aos demais \u00f3rg\u00e3os ou empresas p\u00fablicas que sejam necess\u00e1rias para viabiliza\u00e7\u00e3o do investimento&#8221;, complementa Guilherme.<\/p>\n<p>Soma a isso a pr\u00e9-exist\u00eancia de infraestrutura de transmiss\u00e3o, bem como a instala\u00e7\u00e3o de novas linhas de transmiss\u00e3o e subesta\u00e7\u00f5es para escoar a energia gerada para o Sistema El\u00e9trico Nacional. O leil\u00e3o para as redes de transmiss\u00e3o j\u00e1 foi realizado e todos os lotes arrematados est\u00e3o na fase de pr\u00e9-implanta\u00e7\u00e3o. O prazo para entrada em opera\u00e7\u00e3o de todos os empreendimentos \u00e9 para 2020 e os investimentos giram em torno de R$ 18 bilh\u00f5es.<\/p>\n<p><img decoding=\"async\" src=\"http:\/\/aconteceunovale.com.br\/portal\/wp-content\/uploads\/2018\/01\/complexo_pirapora_3.jpg\" alt=\"\" \/><br \/>\n<\/br><\/p>\n<p><strong>A\u00e7\u00f5es complementares<\/strong><\/p>\n<p>O sistema Sedinor\/Idene \u00e9 um dos grandes incentivadores da expans\u00e3o dos empreendimentos fotovoltaicos no Norte de Minas. Al\u00e9m de estar \u00e0 frente do processo que pode criar no estado um dos maiores complexos fotovoltaicos do pa\u00eds, o sistema Sedinor\/Idene estuda maneiras de capacitar a m\u00e3o-de-obra local, de estruturar um centro de excel\u00eancia em P&#038;D e de criar o Portal de Energia Solar.<\/p>\n<p><strong>VER PRIMEIRO<\/strong><\/p>\n<p>Receba as not\u00edcias do Aconteceu no Vale em primeira m\u00e3o. Clique em curtir no endere\u00e7o <a href=\"https:\/\/www.facebook.com\/aconteceunovale\" target=\"_blank\"><font color=\"red\">www.facebook.com\/aconteceunovale<\/font><\/a> ou no box abaixo:<\/p>\n<div class=\"fb-like\" data-href=\"https:\/\/www.facebook.com\/aconteceunovale\" data-width=\"120\" data-layout=\"standard\" data-action=\"like\" data-size=\"small\" data-show-faces=\"true\" data-share=\"true\"><\/div>\n<p><\/br><\/p>\n<p><em>(Fonte: Ag\u00eancia Minas)<\/em><\/p>\n","protected":false},"excerpt":{"rendered":"<p>O elevado \u00edndice de radia\u00e7\u00e3o solar e a localiza\u00e7\u00e3o geogr\u00e1fica central, considerando o sistema el\u00e9trico nacional, tornam a por\u00e7\u00e3o setentrional de Minas Gerais uma das regi\u00f5es brasileiras mais indicadas para desenvolvimento e implanta\u00e7\u00e3o de empreendimentos fotovoltaicos (geram energia el\u00e9trica atrav\u00e9s da capta\u00e7\u00e3o da luz do sol). Tais carater\u00edsticas favor\u00e1veis t\u00eam atra\u00eddo, nos \u00faltimos anos, empresas [&hellip;]<\/p>\n","protected":false},"author":1,"featured_media":126492,"comment_status":"open","ping_status":"closed","sticky":false,"template":"","format":"standard","meta":{"amp_status":"","footnotes":""},"categories":[1236],"tags":[26918,1018,167472,167468,167473,167469,167476,272,212,167475,167471,254,167474,167470,167477,134680,27248],"class_list":["post-126490","post","type-post","status-publish","format-standard","has-post-thumbnail","hentry","category-norte_de_minas","tag-aneel","tag-destaque","tag-energia-fotovoltaica-no-norte-de-minas","tag-energia-solar-no-norte-de-minas","tag-geracao-de-energia-fotovoltaica-no-norte-de-minas","tag-geracao-de-energia-solar-no-norte-de-minas","tag-guilherme-augusto-duarte-de-faria","tag-idene","tag-paracatu","tag-parque-de-energia-fotovoltaica-no-norte-de-minas","tag-parque-de-energia-solar-no-norte-de-minas","tag-pirapora","tag-producao-de-energia-fotovoltaica-no-norte-de-minas","tag-producao-de-energia-solar-no-norte-de-minas","tag-projetos-de-energia-solar-atraem-cada-vez-mais-investidores-ao-norte-de-minas-gerais","tag-sedectes","tag-sedinor"],"_links":{"self":[{"href":"https:\/\/aconteceunovale.com.br\/portal\/index.php?rest_route=\/wp\/v2\/posts\/126490","targetHints":{"allow":["GET"]}}],"collection":[{"href":"https:\/\/aconteceunovale.com.br\/portal\/index.php?rest_route=\/wp\/v2\/posts"}],"about":[{"href":"https:\/\/aconteceunovale.com.br\/portal\/index.php?rest_route=\/wp\/v2\/types\/post"}],"author":[{"embeddable":true,"href":"https:\/\/aconteceunovale.com.br\/portal\/index.php?rest_route=\/wp\/v2\/users\/1"}],"replies":[{"embeddable":true,"href":"https:\/\/aconteceunovale.com.br\/portal\/index.php?rest_route=%2Fwp%2Fv2%2Fcomments&post=126490"}],"version-history":[{"count":0,"href":"https:\/\/aconteceunovale.com.br\/portal\/index.php?rest_route=\/wp\/v2\/posts\/126490\/revisions"}],"wp:featuredmedia":[{"embeddable":true,"href":"https:\/\/aconteceunovale.com.br\/portal\/index.php?rest_route=\/wp\/v2\/media\/126492"}],"wp:attachment":[{"href":"https:\/\/aconteceunovale.com.br\/portal\/index.php?rest_route=%2Fwp%2Fv2%2Fmedia&parent=126490"}],"wp:term":[{"taxonomy":"category","embeddable":true,"href":"https:\/\/aconteceunovale.com.br\/portal\/index.php?rest_route=%2Fwp%2Fv2%2Fcategories&post=126490"},{"taxonomy":"post_tag","embeddable":true,"href":"https:\/\/aconteceunovale.com.br\/portal\/index.php?rest_route=%2Fwp%2Fv2%2Ftags&post=126490"}],"curies":[{"name":"wp","href":"https:\/\/api.w.org\/{rel}","templated":true}]}}