{"id":126486,"date":"2018-01-16T22:32:26","date_gmt":"2018-01-17T00:32:26","guid":{"rendered":"http:\/\/aconteceunovale.com.br\/portal\/?p=126486"},"modified":"2018-01-16T22:32:26","modified_gmt":"2018-01-17T00:32:26","slug":"divulgadas-as-atracoes-principais-do-rodeio-de-capelinha","status":"publish","type":"post","link":"https:\/\/aconteceunovale.com.br\/portal\/?p=126486","title":{"rendered":"Divulgadas as atra\u00e7\u00f5es principais do rodeio de Capelinha"},"content":{"rendered":"<p>Os organizadores do Capelinha Rodeio Show anunciaram nesta ter\u00e7a-feira (16\/01\/2018) que a quarta edi\u00e7\u00e3o do evento ter\u00e1 shows com Naiara Azevedo e a dupla sertaneja Bruno &#038; Barreto. A festa acontecer\u00e1 no per\u00edodo de 20 a 22 de abril, no Parque de Exposi\u00e7\u00f5es.<\/p>\n<p>A apresenta\u00e7\u00e3o da cantora Naiara Azevedo, que frustrou os f\u00e3s capelinhenses em 2017 por n\u00e3o conseguir chegar \u00e0 cidade devido \u00e0s condi\u00e7\u00f5es clim\u00e1ticas, est\u00e1 marcada para a sexta-feira (20). J\u00e1 brutos Bruno &#038; Barreto sobem ao palco do rodeio no s\u00e1bado (21). Outras atra\u00e7\u00f5es ainda ser\u00e3o divulgadas pela organiza\u00e7\u00e3o do evento.<\/p>\n<p><img decoding=\"async\" src=\"http:\/\/aconteceunovale.com.br\/portal\/wp-content\/uploads\/2018\/01\/rodeio_show_cap.jpg\" alt=\"\" \/><br \/>\n<\/br><\/p>\n<p><strong>VER PRIMEIRO<\/strong><\/p>\n<p>Receba as not\u00edcias do Aconteceu no Vale em primeira m\u00e3o. Clique em curtir no endere\u00e7o <a href=\"https:\/\/www.facebook.com\/aconteceunovale\" target=\"_blank\"><font color=\"red\">www.facebook.com\/aconteceunovale<\/font><\/a> ou no box abaixo:<\/p>\n<div class=\"fb-like\" data-href=\"https:\/\/www.facebook.com\/aconteceunovale\" data-width=\"120\" data-layout=\"standard\" data-action=\"like\" data-size=\"small\" data-show-faces=\"true\" data-share=\"true\"><\/div>\n<p><\/br><\/p>\n","protected":false},"excerpt":{"rendered":"<p>Os organizadores do Capelinha Rodeio Show anunciaram nesta ter\u00e7a-feira (16\/01\/2018) que a quarta edi\u00e7\u00e3o do evento ter\u00e1 shows com Naiara Azevedo e a dupla sertaneja Bruno &#038; Barreto. A festa acontecer\u00e1 no per\u00edodo de 20 a 22 de abril, no Parque de Exposi\u00e7\u00f5es. A apresenta\u00e7\u00e3o da cantora Naiara Azevedo, que frustrou os f\u00e3s capelinhenses em [&hellip;]<\/p>\n","protected":false},"author":1,"featured_media":126487,"comment_status":"open","ping_status":"closed","sticky":false,"template":"","format":"standard","meta":{"amp_status":"","footnotes":""},"categories":[125,120],"tags":[167464,167467,132,38593,167463,143704,167465,38807,167466],"class_list":["post-126486","post","type-post","status-publish","format-standard","has-post-thumbnail","hentry","category-noticias","category-jequi","tag-atracoes-do-rodeio-de-capelinha","tag-bruno-e-barreto-em-capelinha","tag-capelinha","tag-capelinha-rodeio-show","tag-divulgadas-as-atracoes-principais-do-rodeio-de-capelinha","tag-naiara-azevedo-em-capelinha","tag-programacao-do-rodeio-de-capelinha","tag-rodeio-de-capelinha","tag-rodeio-show-de-capelinha"],"_links":{"self":[{"href":"https:\/\/aconteceunovale.com.br\/portal\/index.php?rest_route=\/wp\/v2\/posts\/126486","targetHints":{"allow":["GET"]}}],"collection":[{"href":"https:\/\/aconteceunovale.com.br\/portal\/index.php?rest_route=\/wp\/v2\/posts"}],"about":[{"href":"https:\/\/aconteceunovale.com.br\/portal\/index.php?rest_route=\/wp\/v2\/types\/post"}],"author":[{"embeddable":true,"href":"https:\/\/aconteceunovale.com.br\/portal\/index.php?rest_route=\/wp\/v2\/users\/1"}],"replies":[{"embeddable":true,"href":"https:\/\/aconteceunovale.com.br\/portal\/index.php?rest_route=%2Fwp%2Fv2%2Fcomments&post=126486"}],"version-history":[{"count":0,"href":"https:\/\/aconteceunovale.com.br\/portal\/index.php?rest_route=\/wp\/v2\/posts\/126486\/revisions"}],"wp:featuredmedia":[{"embeddable":true,"href":"https:\/\/aconteceunovale.com.br\/portal\/index.php?rest_route=\/wp\/v2\/media\/126487"}],"wp:attachment":[{"href":"https:\/\/aconteceunovale.com.br\/portal\/index.php?rest_route=%2Fwp%2Fv2%2Fmedia&parent=126486"}],"wp:term":[{"taxonomy":"category","embeddable":true,"href":"https:\/\/aconteceunovale.com.br\/portal\/index.php?rest_route=%2Fwp%2Fv2%2Fcategories&post=126486"},{"taxonomy":"post_tag","embeddable":true,"href":"https:\/\/aconteceunovale.com.br\/portal\/index.php?rest_route=%2Fwp%2Fv2%2Ftags&post=126486"}],"curies":[{"name":"wp","href":"https:\/\/api.w.org\/{rel}","templated":true}]}}