{"id":126484,"date":"2018-01-16T22:14:03","date_gmt":"2018-01-17T00:14:03","guid":{"rendered":"http:\/\/aconteceunovale.com.br\/portal\/?p=126484"},"modified":"2018-01-16T22:14:03","modified_gmt":"2018-01-17T00:14:03","slug":"registros-de-mortes-por-febre-amarela-aumentam-cinco-vezes-em-uma-semana","status":"publish","type":"post","link":"https:\/\/aconteceunovale.com.br\/portal\/?p=126484","title":{"rendered":"Registros de mortes por febre amarela aumentam cinco vezes em uma semana"},"content":{"rendered":"<p>Desde julho de 2017 j\u00e1 foram registradas 20 mortes por febre amarela no Brasil. A informa\u00e7\u00e3o foi divulgada pelo Minist\u00e9rio da Sa\u00fade em entrevista coletiva hoje (16). O \u00faltimo boletim epidemiol\u00f3gico, atualizado no dia 8 deste m\u00eas, mencionava quatro v\u00edtimas da doen\u00e7a. Ou seja, os \u00f3bitos registrados aumentaram cinco vezes. Os n\u00fameros foram apresentados pelo ministro interino da Sa\u00fade, Ant\u00f4nio Carlos Nardi.<\/p>\n<p>Quando considerados os casos confirmados, o crescimento entre o boletim anterior e o atual tamb\u00e9m \u00e9 representativo. No comunicado do dia 8, havia 11 registros. No documento desta ter\u00e7a-feira, o n\u00famero saltou para 35, uma amplia\u00e7\u00e3o de 320%. Os incidentes ocorreram em matas, n\u00e3o havendo notifica\u00e7\u00e3o at\u00e9 agora em \u00e1reas urbanas. Entre julho de 2016 e janeiro de 2017, houve 271 casos e 99 mortes, em um per\u00edodo marcado por um surto da doen\u00e7a.<\/p>\n<p>O n\u00famero de casos confirmados ainda pode aumentar, pois h\u00e1 145 epis\u00f3dios em investiga\u00e7\u00e3o por equipes de secretarias de Sa\u00fade. Entre julho de 2017 e janeiro deste ano foram notificados 470 casos suspeitos. Deste total, 290 j\u00e1 foram descartados. Questionados na entrevista coletiva hoje (16), os representantes do Minist\u00e9rio da Sa\u00fade evitaram falar em \u201csurto\u201d, mas classificaram o fen\u00f4meno\u00a0 de um \u201caumento de incid\u00eancia da doen\u00e7a\u201d.<\/p>\n<p>A situa\u00e7\u00e3o \u00e9 mais grave nos estados de S\u00e3o Paulo (20 casos e 11 mortes), Minas Gerais (11 casos e 7 mortes), Rio de Janeiro (3 casos e 1 morte) e DF (1 caso e 1 morte). Em raz\u00e3o do aumento dos casos, a Organiza\u00e7\u00e3o Mundial da Sa\u00fade classificou hoje o conjunto do estado de S\u00e3o Paulo de\u00a0\u00e1rea de risco e recomendou a viajantes internacionais tomar vacina espec\u00edfica e se imunizar contra o v\u00edrus.<\/p>\n<p><strong>Vacina\u00e7\u00e3o<\/strong><\/p>\n<p>O Minist\u00e9rio da Sa\u00fade informou que vai disponibilizar aos estados lotes de vacina para campanhas junto \u00e0 popula\u00e7\u00e3o. Qualquer pessoa pode se imunizar, \u00e0 exce\u00e7\u00e3o dos que est\u00e3o em situa\u00e7\u00f5es de contraindica\u00e7\u00e3o, como pacientes com c\u00e2ncer, indiv\u00edduos com imunossupress\u00e3o e pessoas com hipersensibilidade \u00e0 prote\u00edna do ovo.<\/p>\n<p>A vacina come\u00e7a a fazer efeito em 10 dias. Quem pretende se dirigir \u00e0s \u00e1reas consideradas de risco deve se vacinar dentro deste prazo para n\u00e3o contrair a doen\u00e7a. Em S\u00e3o Paulo, a campanha ser\u00e1 antecipada para o dia 29 e vai abranger 54 cidades e buscar atender 8,3 milh\u00f5es de pessoas.<\/p>\n<p>No Rio de janeiro, a previs\u00e3o \u00e9 que as a\u00e7\u00f5es de vacina\u00e7\u00e3o sejam realizadas em 15 munic\u00edpios, com meta de chegar a 10 milh\u00f5es de pessoas. J\u00e1 na Bahia, onde tamb\u00e9m h\u00e1 preocupa\u00e7\u00e3o com a ocorr\u00eancia da doen\u00e7a, a campanha focar\u00e1 oito cidades e buscar\u00e1 aplicar o medicamento a 3,3 milh\u00f5es.<\/p>\n<p>Essas a\u00e7\u00f5es ser\u00e3o feitas com vacinas fracionadas. Nesse caso, a imuniza\u00e7\u00e3o envolve a aplica\u00e7\u00e3o de uma parte da dose. Segundo o Minist\u00e9rio da Sa\u00fade, o efeito dura oito anos. \u201cN\u00f3s temos estoque para atender \u00e0 necessidade da popula\u00e7\u00e3o brasileira. Hoje temos seringas suficientes para vacinar fracionadamente 20 milh\u00f5es de pessoas e demandamos \u00e0 Organiza\u00e7\u00e3o Pan-Americana da Sa\u00fade mais 20 milh\u00f5es de doses na semana passada\u201d, informou o secret\u00e1rio executivo do Minist\u00e9rio da Sa\u00fade, Ant\u00f4nio Carlos Nardi, que substitui o ministro Ricardo Barros, em viagem ao Haiti.<\/p>\n<p>As doses fracionadas n\u00e3o s\u00e3o indicadas para alguns pessoas, como crian\u00e7as na faixa de 9 meses a 2 anos, pacientes com c\u00e2ncer ou HIV\/aids em fim de tratamento e mulheres gr\u00e1vidas. A\u00a0 vacina fracionada\u00a0 tamb\u00e9m n\u00e3o deve ser tomada pelos que pretendem viajar para o exterior, pois \u00f3rg\u00e3os de sa\u00fade de outros pa\u00edses exigem a dose padr\u00e3o.<\/p>\n<p><strong>VER PRIMEIRO<\/strong><\/p>\n<p>Receba as not\u00edcias do Aconteceu no Vale em primeira m\u00e3o. Clique em curtir no endere\u00e7o <a href=\"https:\/\/www.facebook.com\/aconteceunovale\" target=\"_blank\"><font color=\"red\">www.facebook.com\/aconteceunovale<\/font><\/a> ou no box abaixo:<\/p>\n<div class=\"fb-like\" data-href=\"https:\/\/www.facebook.com\/aconteceunovale\" data-width=\"120\" data-layout=\"standard\" data-action=\"like\" data-size=\"small\" data-show-faces=\"true\" data-share=\"true\"><\/div>\n<p><\/br><\/p>\n<p><em>(Fonte: Ag\u00eancia Brasil)<\/em><\/p>\n","protected":false},"excerpt":{"rendered":"<p>Desde julho de 2017 j\u00e1 foram registradas 20 mortes por febre amarela no Brasil. A informa\u00e7\u00e3o foi divulgada pelo Minist\u00e9rio da Sa\u00fade em entrevista coletiva hoje (16). O \u00faltimo boletim epidemiol\u00f3gico, atualizado no dia 8 deste m\u00eas, mencionava quatro v\u00edtimas da doen\u00e7a. Ou seja, os \u00f3bitos registrados aumentaram cinco vezes. Os n\u00fameros foram apresentados pelo [&hellip;]<\/p>\n","protected":false},"author":1,"featured_media":112787,"comment_status":"open","ping_status":"closed","sticky":false,"template":"","format":"standard","meta":{"amp_status":"","footnotes":""},"categories":[6,123,40242],"tags":[167460,141121,139784,47713,139783,134819,21731,167462,19152,167461],"class_list":["post-126484","post","type-post","status-publish","format-standard","has-post-thumbnail","hentry","category-br","category-gerais","category-saude-2","tag-boletim-epidemiologico","tag-casos-de-febre-amarela","tag-casos-de-febre-amarela-em-minas","tag-febre-amarela","tag-febre-amarela-em-minas","tag-febre-amarela-no-brasil","tag-imunizacao","tag-registros-de-mortes-por-febre-amarela-aumentam-cinco-vezes-em-uma-semana","tag-saude","tag-vacina-fracionada"],"_links":{"self":[{"href":"https:\/\/aconteceunovale.com.br\/portal\/index.php?rest_route=\/wp\/v2\/posts\/126484","targetHints":{"allow":["GET"]}}],"collection":[{"href":"https:\/\/aconteceunovale.com.br\/portal\/index.php?rest_route=\/wp\/v2\/posts"}],"about":[{"href":"https:\/\/aconteceunovale.com.br\/portal\/index.php?rest_route=\/wp\/v2\/types\/post"}],"author":[{"embeddable":true,"href":"https:\/\/aconteceunovale.com.br\/portal\/index.php?rest_route=\/wp\/v2\/users\/1"}],"replies":[{"embeddable":true,"href":"https:\/\/aconteceunovale.com.br\/portal\/index.php?rest_route=%2Fwp%2Fv2%2Fcomments&post=126484"}],"version-history":[{"count":0,"href":"https:\/\/aconteceunovale.com.br\/portal\/index.php?rest_route=\/wp\/v2\/posts\/126484\/revisions"}],"wp:featuredmedia":[{"embeddable":true,"href":"https:\/\/aconteceunovale.com.br\/portal\/index.php?rest_route=\/wp\/v2\/media\/112787"}],"wp:attachment":[{"href":"https:\/\/aconteceunovale.com.br\/portal\/index.php?rest_route=%2Fwp%2Fv2%2Fmedia&parent=126484"}],"wp:term":[{"taxonomy":"category","embeddable":true,"href":"https:\/\/aconteceunovale.com.br\/portal\/index.php?rest_route=%2Fwp%2Fv2%2Fcategories&post=126484"},{"taxonomy":"post_tag","embeddable":true,"href":"https:\/\/aconteceunovale.com.br\/portal\/index.php?rest_route=%2Fwp%2Fv2%2Ftags&post=126484"}],"curies":[{"name":"wp","href":"https:\/\/api.w.org\/{rel}","templated":true}]}}