{"id":126435,"date":"2018-01-15T23:13:17","date_gmt":"2018-01-16T01:13:17","guid":{"rendered":"http:\/\/aconteceunovale.com.br\/portal\/?p=126435"},"modified":"2018-01-15T23:13:17","modified_gmt":"2018-01-16T01:13:17","slug":"duas-pessoas-sao-assassinadas-em-governador-valadares-2","status":"publish","type":"post","link":"https:\/\/aconteceunovale.com.br\/portal\/?p=126435","title":{"rendered":"Duas pessoas s\u00e3o assassinadas em Governador Valadares"},"content":{"rendered":"<p>Um jovem de 22 anos foi morto a tiros na noite desse domingo (14\/01\/2018) no Bairro Gr\u00e3-Duquesa, em Governador Valadares (MG). De acordo com a Pol\u00edcia Militar, Kaio Medeiros estava sentado na sala da casa dele, quando dois homens lhe chamou no port\u00e3o e come\u00e7aram a atirar.<\/p>\n<p>Testemunhas informaram que foram pelo menos cinco tiros. Tr\u00eas acertaram a cabe\u00e7a, n\u00e1degas e bra\u00e7os da v\u00edtima. O rapaz foi socorrido pelo Samu e morreu ao dar entrada no hospital.<\/p>\n<p>O irm\u00e3o da v\u00edtima disse \u00e0 PM que ele j\u00e1 foi preso por tr\u00e1fico de drogas e possu\u00eda desaven\u00e7as com criminosos. A motiva\u00e7\u00e3o do crime ser\u00e1 investigada pela Pol\u00edcia Civil e at\u00e9 o momento ningu\u00e9m foi preso.<\/p>\n<p>No local, a per\u00edcia encontrou sete cartuchos calibre .380 , dois chumbos e tr\u00eas muni\u00e7\u00f5es calibre .38. O corpo da v\u00edtima foi encaminhado para o IML de Valadares.<\/p>\n<p>De acordo com a Pol\u00edcia Militar, um casal que estava na casa durante a ocorr\u00eancia foi presos por tr\u00e1fico de drogas. O local era conhecido como ponto de trafic\u00e2ncia e eles foram detidos tentando dispensar uma sacola com 77 comprimidos de ecstasy pela janela.<\/p>\n<p>No im\u00f3vel, os policiais apreenderam uma por\u00e7\u00e3o de crack e uma balan\u00e7a de precis\u00e3o. O casal foi encaminhado \u00e0 delegacia.<\/p>\n<p><img decoding=\"async\" src=\"http:\/\/aconteceunovale.com.br\/portal\/wp-content\/uploads\/2018\/01\/morto_gv.jpg\" alt=\"\" \/><em>Kaio Medeiros foi morto com tr\u00eas tiros (Foto: Facebook\/Reprodu\u00e7\u00e3o)<\/em><br \/>\n<\/br><\/p>\n<p><strong>Bairro S\u00e3o Crist\u00f3v\u00e3o<\/strong><\/p>\n<p>No Bairro S\u00e3o Crist\u00f3v\u00e3o, um homem de 39 anos tamb\u00e9m foi morto nesse domingo (14). Segundo a PM, a v\u00edtima foi assassinada pelo vizinho com uma facada no peito. O autor foi preso e encaminhado \u00e0 delegacia.<\/p>\n<p>Ainda de acordo com a pol\u00edcia, Wesley Souto Soares foi esfaqueado ap\u00f3s assediar a mulher do vizinho. Ele chegou a ser atendido pelos bombeiros, mas morreu no local. O corpo foi encaminhado ao IML de Valadares.<\/p>\n<p><strong>VER PRIMEIRO<\/strong><\/p>\n<p>Receba as not\u00edcias do Aconteceu no Vale em primeira m\u00e3o. Clique em curtir no endere\u00e7o <a href=\"https:\/\/www.facebook.com\/aconteceunovale\" target=\"_blank\"><font color=\"red\">www.facebook.com\/aconteceunovale<\/font><\/a> ou no box abaixo:<\/p>\n<div class=\"fb-like\" data-href=\"https:\/\/www.facebook.com\/aconteceunovale\" data-width=\"120\" data-layout=\"standard\" data-action=\"like\" data-size=\"small\" data-show-faces=\"true\" data-share=\"true\"><\/div>\n<p><\/br><\/p>\n<p><em>(Fonte: G1 Vales)<\/em><\/p>\n","protected":false},"excerpt":{"rendered":"<p>Um jovem de 22 anos foi morto a tiros na noite desse domingo (14\/01\/2018) no Bairro Gr\u00e3-Duquesa, em Governador Valadares (MG). De acordo com a Pol\u00edcia Militar, Kaio Medeiros estava sentado na sala da casa dele, quando dois homens lhe chamou no port\u00e3o e come\u00e7aram a atirar. Testemunhas informaram que foram pelo menos cinco tiros. [&hellip;]<\/p>\n","protected":false},"author":1,"featured_media":126437,"comment_status":"open","ping_status":"closed","sticky":false,"template":"","format":"standard","meta":{"amp_status":"","footnotes":""},"categories":[121],"tags":[44655,8179,75620,247,8180,167428,32916,44656,167429],"class_list":["post-126435","post","type-post","status-publish","format-standard","has-post-thumbnail","hentry","category-leste","tag-assassinado-em-governador-valadares","tag-assassinato-em-governador-valadares","tag-duas-pessoas-sao-assassinadas-em-governador-valadares","tag-governador-valadares","tag-homicidio-em-governador-valadares","tag-kaio-medeiros","tag-morte-em-governador-valadares","tag-violencia-em-governador-valadares","tag-wesley-souto-soares"],"_links":{"self":[{"href":"https:\/\/aconteceunovale.com.br\/portal\/index.php?rest_route=\/wp\/v2\/posts\/126435","targetHints":{"allow":["GET"]}}],"collection":[{"href":"https:\/\/aconteceunovale.com.br\/portal\/index.php?rest_route=\/wp\/v2\/posts"}],"about":[{"href":"https:\/\/aconteceunovale.com.br\/portal\/index.php?rest_route=\/wp\/v2\/types\/post"}],"author":[{"embeddable":true,"href":"https:\/\/aconteceunovale.com.br\/portal\/index.php?rest_route=\/wp\/v2\/users\/1"}],"replies":[{"embeddable":true,"href":"https:\/\/aconteceunovale.com.br\/portal\/index.php?rest_route=%2Fwp%2Fv2%2Fcomments&post=126435"}],"version-history":[{"count":0,"href":"https:\/\/aconteceunovale.com.br\/portal\/index.php?rest_route=\/wp\/v2\/posts\/126435\/revisions"}],"wp:featuredmedia":[{"embeddable":true,"href":"https:\/\/aconteceunovale.com.br\/portal\/index.php?rest_route=\/wp\/v2\/media\/126437"}],"wp:attachment":[{"href":"https:\/\/aconteceunovale.com.br\/portal\/index.php?rest_route=%2Fwp%2Fv2%2Fmedia&parent=126435"}],"wp:term":[{"taxonomy":"category","embeddable":true,"href":"https:\/\/aconteceunovale.com.br\/portal\/index.php?rest_route=%2Fwp%2Fv2%2Fcategories&post=126435"},{"taxonomy":"post_tag","embeddable":true,"href":"https:\/\/aconteceunovale.com.br\/portal\/index.php?rest_route=%2Fwp%2Fv2%2Ftags&post=126435"}],"curies":[{"name":"wp","href":"https:\/\/api.w.org\/{rel}","templated":true}]}}