{"id":126433,"date":"2018-01-15T22:56:06","date_gmt":"2018-01-16T00:56:06","guid":{"rendered":"http:\/\/aconteceunovale.com.br\/portal\/?p=126433"},"modified":"2018-01-15T22:56:06","modified_gmt":"2018-01-16T00:56:06","slug":"dois-meninos-morrem-afogados-em-acude-no-municipio-de-ninheira-no-norte-de-minas","status":"publish","type":"post","link":"https:\/\/aconteceunovale.com.br\/portal\/?p=126433","title":{"rendered":"Dois meninos morrem afogados em a\u00e7ude no munic\u00edpio de Ninheira, no Norte de Minas"},"content":{"rendered":"<p>Dois meninos, de 11 e 13 anos, morreram afogados na tarde de domingo (14\/01\/2018), na zona rural de Ninheira, no Norte de Minas Gerais. De acordo com a Pol\u00edcia Militar (PM), Luiz Miguel Gon\u00e7alves de Jesus e Ramon de Jesus Silva estavam nadando em um a\u00e7ude no Povoado de Bananeira com outras crian\u00e7as quando um deles afundou na \u00e1gua e o outro tentou salv\u00e1-lo.<\/p>\n<p>As crian\u00e7as sa\u00edram da \u00e1gua pedindo por socorro, mas os meninos j\u00e1 haviam se afogado. Os Bombeiros foram at\u00e9 o local e realizaram a retirada dos corpos, que foram encaminhados ao Instituto M\u00e9dico Legal (IML).<\/p>\n<p><strong>VER PRIMEIRO<\/strong><\/p>\n<p>Receba as not\u00edcias do Aconteceu no Vale em primeira m\u00e3o. Clique em curtir no endere\u00e7o <a href=\"https:\/\/www.facebook.com\/aconteceunovale\" target=\"_blank\"><font color=\"red\">www.facebook.com\/aconteceunovale<\/font><\/a> ou no box abaixo:<\/p>\n<div class=\"fb-like\" data-href=\"https:\/\/www.facebook.com\/aconteceunovale\" data-width=\"120\" data-layout=\"standard\" data-action=\"like\" data-size=\"small\" data-show-faces=\"true\" data-share=\"true\"><\/div>\n<p><\/br><\/p>\n<p><em>(Com G1 Grande Minas)<\/em><\/p>\n","protected":false},"excerpt":{"rendered":"<p>Dois meninos, de 11 e 13 anos, morreram afogados na tarde de domingo (14\/01\/2018), na zona rural de Ninheira, no Norte de Minas Gerais. De acordo com a Pol\u00edcia Militar (PM), Luiz Miguel Gon\u00e7alves de Jesus e Ramon de Jesus Silva estavam nadando em um a\u00e7ude no Povoado de Bananeira com outras crian\u00e7as quando um [&hellip;]<\/p>\n","protected":false},"author":1,"featured_media":71442,"comment_status":"open","ping_status":"closed","sticky":false,"template":"","format":"standard","meta":{"amp_status":"","footnotes":""},"categories":[1236],"tags":[167424,167423,167427,167425,1804,33228,167426],"class_list":["post-126433","post","type-post","status-publish","format-standard","has-post-thumbnail","hentry","category-norte_de_minas","tag-afogados-em-ninheira","tag-afogamento-em-ninheira","tag-dois-meninos-morrem-afogados-em-acude-no-municipio-de-ninheira","tag-luiz-miguel-goncalves-de-jesus","tag-ninheira","tag-no-norte-de-minas","tag-ramon-de-jesus-silva"],"_links":{"self":[{"href":"https:\/\/aconteceunovale.com.br\/portal\/index.php?rest_route=\/wp\/v2\/posts\/126433","targetHints":{"allow":["GET"]}}],"collection":[{"href":"https:\/\/aconteceunovale.com.br\/portal\/index.php?rest_route=\/wp\/v2\/posts"}],"about":[{"href":"https:\/\/aconteceunovale.com.br\/portal\/index.php?rest_route=\/wp\/v2\/types\/post"}],"author":[{"embeddable":true,"href":"https:\/\/aconteceunovale.com.br\/portal\/index.php?rest_route=\/wp\/v2\/users\/1"}],"replies":[{"embeddable":true,"href":"https:\/\/aconteceunovale.com.br\/portal\/index.php?rest_route=%2Fwp%2Fv2%2Fcomments&post=126433"}],"version-history":[{"count":0,"href":"https:\/\/aconteceunovale.com.br\/portal\/index.php?rest_route=\/wp\/v2\/posts\/126433\/revisions"}],"wp:featuredmedia":[{"embeddable":true,"href":"https:\/\/aconteceunovale.com.br\/portal\/index.php?rest_route=\/wp\/v2\/media\/71442"}],"wp:attachment":[{"href":"https:\/\/aconteceunovale.com.br\/portal\/index.php?rest_route=%2Fwp%2Fv2%2Fmedia&parent=126433"}],"wp:term":[{"taxonomy":"category","embeddable":true,"href":"https:\/\/aconteceunovale.com.br\/portal\/index.php?rest_route=%2Fwp%2Fv2%2Fcategories&post=126433"},{"taxonomy":"post_tag","embeddable":true,"href":"https:\/\/aconteceunovale.com.br\/portal\/index.php?rest_route=%2Fwp%2Fv2%2Ftags&post=126433"}],"curies":[{"name":"wp","href":"https:\/\/api.w.org\/{rel}","templated":true}]}}