{"id":126416,"date":"2018-01-15T13:35:09","date_gmt":"2018-01-15T15:35:09","guid":{"rendered":"http:\/\/aconteceunovale.com.br\/portal\/?p=126416"},"modified":"2018-01-15T14:37:55","modified_gmt":"2018-01-15T16:37:55","slug":"eu-nao-tive-culpa-afirma-caminhoneiro-suspeito-de-causar-acidente-que-deixou-13-mortos-e-39-feridos-na-br-251","status":"publish","type":"post","link":"https:\/\/aconteceunovale.com.br\/portal\/?p=126416","title":{"rendered":"Eu n\u00e3o tive culpa, afirma caminhoneiro suspeito de causar acidente que deixou 13 mortos e 39 feridos na BR-251"},"content":{"rendered":"<p>\u201cEstava vindo tranquilo, eu tinha descansado e s\u00f3 lembro quando uma carreta veio para o meu lado. Eu tentei tirar, mas como o caminh\u00e3o estava em cima, se eu puxasse muito ele ia tombar. Em seguida, bati de frente no \u00f4nibus. Infelizmente aconteceu, mas eu n\u00e3o tive culpa\u201d, o relato \u00e9 do motorista do ve\u00edculo de carga suspeito de causar o acidente que deixou 13 mortos e 39 feridos na BR-251, na manh\u00e3 do \u00faltimo s\u00e1bado (13\/01\/2018).<\/p>\n<p>Daniel Alves da Silva, de 39 anos, que \u00e9 de Franca (SP), seguia do Recife com destino a Jardin\u00f3polis (SP) e era a primeira vez que dirigia pelo trecho da BR-251, no Norte de Minas, que possui alto \u00edndice de acidentes violentos. &#8220;Eu n\u00e3o sou o causador do acidente, como disseram. Me acusam sem me ouvir. N\u00e3o teve nada disso, sou v\u00edtima como todos. A carreta, que pegou fogo, que bateu na minha lateral. Essa \u00e9 a vers\u00e3o correta\u201d, afirma o motorista.<\/p>\n<p>Desempregado desde dezembro, o caminhoneiro afirmou ter ganhado R$ 200 para fazer a viagem que duraria cerca de 35h. \u201cEu estava com o dono do caminh\u00e3o, ele me chamou para revezar de motorista. Sou habilitado para conduzir caminh\u00e3o h\u00e1 mais de 10 anos e nunca tinha me envolvido em um acidente. Eu estava dirigindo a mais ou menos 6 horas e andava a cerca de 60 ou 70 km\/h\u201d, disse. <\/p>\n<p>\u201cA carreta bateu em mim e foi para o acostamento, depois eu s\u00f3 sentir outros ve\u00edculos batendo de frente, que eu n\u00e3o sei dizer qual era\u201d, explica Daniel. O dono do caminh\u00e3o morreu no local do acidente e segundo o motorista, ele estava sem o cinto de seguran\u00e7a.<\/p>\n<p>Daniel Alves permanece internado no Hospital Universit\u00e1rio de Montes Claros. Ele quebrou o bra\u00e7o, passou por uma cirurgia e segundo a unidade de sa\u00fade, deve ser submetido a outro procedimento cir\u00fargico. &#8220;J\u00e1 fiz contato com a minha fam\u00edlia e com a fam\u00edlia do dono do caminh\u00e3o. Estou aqui no hospital sozinho porque n\u00e3o tenho condi\u00e7\u00f5es financeiras de trazer minha fam\u00edlia&#8221;, relatou.<\/p>\n<p><img decoding=\"async\" src=\"http:\/\/aconteceunovale.com.br\/portal\/wp-content\/uploads\/2018\/01\/motorista_caminhao.jpg\" alt=\"\" \/><em>Motorista disse que n\u00e3o teve culpa no acidente na BR-251 (Foto: Mariana Correia\/WebTerra)<\/em><br \/>\n<\/br><\/p>\n<p>O motorista ainda n\u00e3o foi ouvido pela Pol\u00edcia Civil, que vai instaurar um inqu\u00e9rito para investigar o caso. No dia do acidente, ele fez o teste do baf\u00f4metro e o resultado foi negativo.<\/p>\n<p>Al\u00e9m do motorista, outras seis v\u00edtimas permanecem internadas em hospitais de Montes Claros, Francisco S\u00e1, Salinas e Taiobeiras, e, o estado de sa\u00fade delas \u00e9 est\u00e1vel.<\/p>\n<p>Os corpos das 13 v\u00edtimas fatais j\u00e1 foram identificados no Instituto M\u00e9dico Legal (IML) de Montes Claros. O acidente envolveu sete ve\u00edculos: um caminh\u00e3o que carregava outro caminh\u00e3o, dois micro-\u00f4nibus, duas carretas e uma van.<\/p>\n<p>Um dos \u00f4nibus era registrado em Catol\u00e9 do Rocha, no Alto Sert\u00e3o da Para\u00edba, e onze pessoas que viajavam no ve\u00edculo morreram.  Seis v\u00edtimas s\u00e3o de Catol\u00e9 do Rocha, duas de Brejo dos Santos e duas s\u00e3o de Riacho dos Cavalos.<\/p>\n<p><strong>Lista de pessoas que morreram no acidente:<\/strong><br \/>\n&#8211; Adilson Molina Berdu, de 59 anos<br \/>\n&#8211; Kaliandro da Silva de Oliveira, de 40 anos<br \/>\n&#8211; Francisco das Chagas de Sousa, de 35 anos<br \/>\n&#8211; Maria das Neves Pereira, de 66 anos<br \/>\n&#8211; Luzanira de Oliveira Fernandes, de 20 anos<br \/>\n&#8211; Eliz\u00e2ngela de Oliveira Fernandes, de 41 anos<br \/>\n&#8211; Sandemar Pereira da Silva Filho, de 7 anos<br \/>\n&#8211; Diomira Rita de Lima, de 55 anos<br \/>\n&#8211; Jaislan Nogueira de Lima, de 21 anos<br \/>\n&#8211; Simone Aldrin Mendes de Sousa, de 41 anos<br \/>\n&#8211; Luzia da Silva Mendon\u00e7a, de 76 anos<br \/>\n&#8211; Alexia Beatriz Ferreira dos Santos, de 17 anos<br \/>\n&#8211; Jos\u00e9 Edcarlos Hor\u00e1cio, de 16 anos<\/p>\n<h4>Fotos do acidente<\/h4>\n<p><img decoding=\"async\" src=\"http:\/\/aconteceunovale.com.br\/portal\/wp-content\/uploads\/2018\/01\/acidente_bocaina_4.jpg\" alt=\"\" \/><\/p>\n<p><img decoding=\"async\" src=\"http:\/\/aconteceunovale.com.br\/portal\/wp-content\/uploads\/2018\/01\/acidente_bocaina_3.jpg\" alt=\"\" \/><\/p>\n<p><img decoding=\"async\" src=\"http:\/\/aconteceunovale.com.br\/portal\/wp-content\/uploads\/2018\/01\/acidente_bocaina_2.jpg\" alt=\"\" \/><\/p>\n<p><img decoding=\"async\" src=\"http:\/\/aconteceunovale.com.br\/portal\/wp-content\/uploads\/2018\/01\/acidente_bocaina_1.jpg\" alt=\"\" \/><\/p>\n<p><img decoding=\"async\" src=\"http:\/\/aconteceunovale.com.br\/portal\/wp-content\/uploads\/2018\/01\/acidente_bocaina_5.jpg\" alt=\"\" \/><\/p>\n<p><img decoding=\"async\" src=\"http:\/\/aconteceunovale.com.br\/portal\/wp-content\/uploads\/2018\/01\/acidente_bocaina_6.jpg\" alt=\"\" \/><\/p>\n<p><img decoding=\"async\" src=\"http:\/\/aconteceunovale.com.br\/portal\/wp-content\/uploads\/2018\/01\/acidente_bocaina_7.jpg\" alt=\"\" \/><\/p>\n<p><img decoding=\"async\" src=\"http:\/\/aconteceunovale.com.br\/portal\/wp-content\/uploads\/2018\/01\/acidente_bocaina_8.jpg\" alt=\"\" \/><\/p>\n<p><img decoding=\"async\" src=\"http:\/\/aconteceunovale.com.br\/portal\/wp-content\/uploads\/2018\/01\/acidente_bocaina_9.jpg\" alt=\"\" \/><\/p>\n<p><img decoding=\"async\" src=\"http:\/\/aconteceunovale.com.br\/portal\/wp-content\/uploads\/2018\/01\/acidente_bocaina_10.jpg\" alt=\"\" \/><\/p>\n<p><img decoding=\"async\" src=\"http:\/\/aconteceunovale.com.br\/portal\/wp-content\/uploads\/2018\/01\/acidente_bocaina_11.jpg\" alt=\"\" \/><\/p>\n<p><img decoding=\"async\" src=\"http:\/\/aconteceunovale.com.br\/portal\/wp-content\/uploads\/2018\/01\/acidente_bocaina_12.jpg\" alt=\"\" \/><\/p>\n<p><img decoding=\"async\" src=\"http:\/\/aconteceunovale.com.br\/portal\/wp-content\/uploads\/2018\/01\/acidente_bocaina_13.jpeg\" alt=\"\" \/><\/p>\n<p><img decoding=\"async\" src=\"http:\/\/aconteceunovale.com.br\/portal\/wp-content\/uploads\/2018\/01\/acidente_bocaina_14.jpeg\" alt=\"\" \/><\/p>\n<p><img decoding=\"async\" src=\"http:\/\/aconteceunovale.com.br\/portal\/wp-content\/uploads\/2018\/01\/acidente_bocaina_15.jpeg\" alt=\"\" \/><\/p>\n<p><img decoding=\"async\" src=\"http:\/\/aconteceunovale.com.br\/portal\/wp-content\/uploads\/2018\/01\/acidente_bocaina_16.jpeg\" alt=\"\" \/><\/p>\n<p><img decoding=\"async\" src=\"http:\/\/aconteceunovale.com.br\/portal\/wp-content\/uploads\/2018\/01\/acidente_bocaina_17.jpeg\" alt=\"\" \/><\/p>\n<p><img decoding=\"async\" src=\"http:\/\/aconteceunovale.com.br\/portal\/wp-content\/uploads\/2018\/01\/acidente_bocaina_18.jpeg\" alt=\"\" \/><\/p>\n<p><\/br><\/p>\n<h4>V\u00eddeos do local<\/h4>\n<p><iframe loading=\"lazy\" width=\"600\" height=\"345\" src=\"https:\/\/www.youtube.com\/embed\/kCneNdGobzg\" frameborder=\"0\" allow=\"autoplay; encrypted-media\" allowfullscreen><\/iframe><\/p>\n<p><iframe loading=\"lazy\" width=\"600\" height=\"345\" src=\"https:\/\/www.youtube.com\/embed\/2q3rk8Hc2ao\" frameborder=\"0\" allow=\"autoplay; encrypted-media\" allowfullscreen><\/iframe><\/p>\n<p><iframe loading=\"lazy\" width=\"600\" height=\"345\" src=\"https:\/\/www.youtube.com\/embed\/3kfu2mguhV8\" frameborder=\"0\" allow=\"autoplay; encrypted-media\" allowfullscreen><\/iframe><\/p>\n<p><iframe loading=\"lazy\" width=\"600\" height=\"345\" src=\"https:\/\/www.youtube.com\/embed\/t2kuKA36daQ\" frameborder=\"0\" allow=\"autoplay; encrypted-media\" allowfullscreen><\/iframe><\/p>\n<p><iframe loading=\"lazy\" width=\"600\" height=\"345\" src=\"https:\/\/www.youtube.com\/embed\/3mnhqr8XLv4\" frameborder=\"0\" allow=\"autoplay; encrypted-media\" allowfullscreen><\/iframe><\/p>\n<p><iframe loading=\"lazy\" width=\"600\" height=\"345\" src=\"https:\/\/www.youtube.com\/embed\/X1mxCZs2BVY\" frameborder=\"0\" allow=\"autoplay; encrypted-media\" allowfullscreen><\/iframe><\/p>\n<p><strong>VER PRIMEIRO<\/strong><\/p>\n<p>Receba as not\u00edcias do Aconteceu no Vale em primeira m\u00e3o. Clique em curtir no endere\u00e7o <a href=\"https:\/\/www.facebook.com\/aconteceunovale\" target=\"_blank\"><font color=\"red\">www.facebook.com\/aconteceunovale<\/font><\/a> ou no box abaixo:<\/p>\n<div class=\"fb-like\" data-href=\"https:\/\/www.facebook.com\/aconteceunovale\" data-width=\"120\" data-layout=\"standard\" data-action=\"like\" data-size=\"small\" data-show-faces=\"true\" data-share=\"true\"><\/div>\n<p><\/br><\/p>\n<p><em>(Fonte: G1 Grande Minas e WebTerra \/ Imagens: Samu Macro Norte, Corpo de Bombeiros e Internautas via WhatsApp)<\/em><\/p>\n","protected":false},"excerpt":{"rendered":"<p>\u201cEstava vindo tranquilo, eu tinha descansado e s\u00f3 lembro quando uma carreta veio para o meu lado. Eu tentei tirar, mas como o caminh\u00e3o estava em cima, se eu puxasse muito ele ia tombar. Em seguida, bati de frente no \u00f4nibus. Infelizmente aconteceu, mas eu n\u00e3o tive culpa\u201d, o relato \u00e9 do motorista do ve\u00edculo [&hellip;]<\/p>\n","protected":false},"author":1,"featured_media":126417,"comment_status":"open","ping_status":"closed","sticky":false,"template":"","format":"standard","meta":{"amp_status":"","footnotes":""},"categories":[1236],"tags":[167290,167291,167243,167292,1396,111756,167242,167405,167269,167278,167283,167285,921,167256,167289,4608,167266,167271,1018,167251,167260,167280,167282,167404,33950,167286,167276,167239,167240,167253,167277,167259,167265,167293,91117,167263,167284,167272,167255,167268,167257,167252,167267,167258,167281,167279,33228,167379,167254,167262,167264,167287,167288,167299,2382,167241,167261,167274,58301,2842,167275,167270,167273],"class_list":["post-126416","post","type-post","status-publish","format-standard","has-post-thumbnail","hentry","category-norte_de_minas","tag-acidente-com-micro-onibus-de-catole-do-rocha","tag-acidente-com-onibus-de-catole-do-rocha","tag-acidente-envolvendo-varios-veiculos-deixa-mortos-e-feridos-na-br-251","tag-acidente-moradores-de-catole-do-rocha","tag-acidente-na-br-251","tag-acidente-na-br-251-em-grao-mogol","tag-acidente-na-br-251-em-bocaina","tag-afirma-caminhoneiro-suspeito-de-causar-acidente-que-deixou-13-mortos-e-39-feridos-na-br-251","tag-alessandra-de-jesus-oliveira","tag-andressa-veronica","tag-antonio-cristiano","tag-benedita-fernandes","tag-br-251","tag-camila-gabriele-da-silva","tag-catole-do-rocha","tag-curitiba","tag-daniel-alves-da-silva","tag-deiziane-de-jesus-souza","tag-destaque","tag-edna-alves-ferreira-da-silva","tag-edsandra-jesus-dos-santos","tag-enia-maria","tag-ester-elisa","tag-eu-nao-tive-culpa","tag-franca","tag-francisca-bezerra","tag-gabriel-faria-rocha","tag-grave-acidente-na-br-251","tag-gravissimo-acidente-na-br-251","tag-guilherme-alves-da-costa","tag-heloisa-oliveira-farias","tag-iraci-franca-antonio","tag-jair-de-jesus","tag-jaislan-nogueira-de-lima","tag-jardinopolis","tag-joao-luiz-neto","tag-jose-andrade","tag-jose-santonio-rocha","tag-junior-souza-dos-santos","tag-manoela-santos-reis","tag-marcos-cardoso-rios","tag-maria-alves-da-costa-barros","tag-maria-do-carmo-nogueira","tag-mateus-dos-santos-nascimento","tag-michel-douglas","tag-nelson-alcantara","tag-no-norte-de-minas","tag-pessoas-que-morreram-em-tragedia-na-br-251-sao-identificadas","tag-regina-celia-cardoso-de-araujo","tag-ronicleiton-lima-de-almeida","tag-rosa-de-jesus","tag-saiba-como-aconteceu-o-acidente-que-deixou-13-e-mortos-e-quase-40-feridos-na-br-251","tag-saiba-como-aconteceu-o-acidente-que-deixou-13-mortos-e-quase-40-feridos-na-br-251","tag-santana-do-ipanema","tag-sao-paulo","tag-tragedia-na-br-251","tag-valquiria-da-silva-gomes-costa","tag-veronica-oliveira-santos","tag-vitimas-de-tragedia-na-br-251-sao-identificadas","tag-vitoria-da-conquista","tag-walquiria-souza-de-oliveira","tag-welbert-lima-oliveira","tag-wilian-lima-oliveira"],"_links":{"self":[{"href":"https:\/\/aconteceunovale.com.br\/portal\/index.php?rest_route=\/wp\/v2\/posts\/126416","targetHints":{"allow":["GET"]}}],"collection":[{"href":"https:\/\/aconteceunovale.com.br\/portal\/index.php?rest_route=\/wp\/v2\/posts"}],"about":[{"href":"https:\/\/aconteceunovale.com.br\/portal\/index.php?rest_route=\/wp\/v2\/types\/post"}],"author":[{"embeddable":true,"href":"https:\/\/aconteceunovale.com.br\/portal\/index.php?rest_route=\/wp\/v2\/users\/1"}],"replies":[{"embeddable":true,"href":"https:\/\/aconteceunovale.com.br\/portal\/index.php?rest_route=%2Fwp%2Fv2%2Fcomments&post=126416"}],"version-history":[{"count":0,"href":"https:\/\/aconteceunovale.com.br\/portal\/index.php?rest_route=\/wp\/v2\/posts\/126416\/revisions"}],"wp:featuredmedia":[{"embeddable":true,"href":"https:\/\/aconteceunovale.com.br\/portal\/index.php?rest_route=\/wp\/v2\/media\/126417"}],"wp:attachment":[{"href":"https:\/\/aconteceunovale.com.br\/portal\/index.php?rest_route=%2Fwp%2Fv2%2Fmedia&parent=126416"}],"wp:term":[{"taxonomy":"category","embeddable":true,"href":"https:\/\/aconteceunovale.com.br\/portal\/index.php?rest_route=%2Fwp%2Fv2%2Fcategories&post=126416"},{"taxonomy":"post_tag","embeddable":true,"href":"https:\/\/aconteceunovale.com.br\/portal\/index.php?rest_route=%2Fwp%2Fv2%2Ftags&post=126416"}],"curies":[{"name":"wp","href":"https:\/\/api.w.org\/{rel}","templated":true}]}}