{"id":126216,"date":"2018-01-12T20:05:21","date_gmt":"2018-01-12T22:05:21","guid":{"rendered":"http:\/\/aconteceunovale.com.br\/portal\/?p=126216"},"modified":"2026-09-02T17:02:22","modified_gmt":"2026-09-02T20:02:22","slug":"prefeitura-de-medina-abre-inscricoes-para-concurso-publico-com-37-vagas","status":"publish","type":"post","link":"https:\/\/aconteceunovale.com.br\/portal\/?p=126216","title":{"rendered":"Prefeitura de Medina abre inscri\u00e7\u00f5es para concurso p\u00fablico com 37 vagas"},"content":{"rendered":"<p>Est\u00e3o abertas as inscri\u00e7\u00f5es para o concurso p\u00fablico da Prefeitura de Medina. S\u00e3o oferecidas 37 vagas em cargos de n\u00edvel fundamental, m\u00e9dio e superior. Os sal\u00e1rios variam de R$ 937 a R$ 3.516 e o concurso contar\u00e1 com provas objetivas e de t\u00edtulos.<\/p>\n<p>O prazo de validade do concurso \u00e9 de 2 anos podendo ser prorrogado por igual per\u00edodo. Segundo o edital, o candidato poder\u00e1 se inscrever para mais de um cargo, desde que as provas sejam realizadas em hor\u00e1rios diferentes.<\/p>\n<p>As inscri\u00e7\u00f5es podem ser feitas at\u00e9 o dia 6 de fevereiro <a href=\"http:\/\/www.agoraconsultoria.srv.br\/v2\/site\/?p=concurso_detalhes&#038;tipo=1&#038;id=99\" target=\"_blank\">pelo site www.agoraconsultoria.srv.br<\/a> ou na sede da Prefeitura de Medina, que fica na Rua Sete de Setembro, n\u00ba 22, Centro. O hor\u00e1rio de atendimento \u00e9 de 8h \u00e0s 11h e de 13h \u00e0s 17h. As provas ser\u00e3o aplicadas no dia 11 de mar\u00e7o.<\/p>\n<h4>Confira os cargos:<\/h4>\n<p><strong>N\u00edvel Fundamental: <\/strong><br \/>\n&#8211; Auxiliar de Servi\u00e7os P\u00fablicos &#8211; Ajudante de Pedreiro (2);<br \/>\n&#8211; Auxiliar de Servi\u00e7os P\u00fablicos &#8211; Auxiliar de Esportes (1);<br \/>\n&#8211; Condutor de M\u00e1quinas I (1);<br \/>\n&#8211; Condutor de M\u00e1quinas II (1);<br \/>\n&#8211; Condutor de Ve\u00edculos II (5)- Deficientes-1;<br \/>\n&#8211; Oficial de Servi\u00e7os P\u00fablicos &#8211; Pedreiro (2);<br \/>\n&#8211; Servente Escolar (8)-Deficientes-1.<\/p>\n<p><strong>N\u00edvel M\u00e9dio\/T\u00e9cnico:<\/strong><br \/>\n&#8211; Agente de Servi\u00e7os de Sa\u00fade (1);<br \/>\n&#8211; Assistente Educacional (2);<br \/>\n&#8211; Fiscal de Obras E Posturas (1);<br \/>\n&#8211; Professor I (1);<br \/>\n&#8211; T\u00e9cnico N\u00edvel M\u00e9dio Radiologia (1).<\/p>\n<p><strong>N\u00edvel Superior: <\/strong><br \/>\n&#8211; T\u00e9cnico de Em assist\u00eancia &#8211; Assistente Social (1);<br \/>\n&#8211; T\u00e9cnico de Administrativo &#8211; Engenheiro Civil (1);<br \/>\n&#8211; Enfermeiro &#8211; (1);<br \/>\n&#8211; T\u00e9cnico de Sa\u00fade &#8211; Fisioterapeuta (1);<br \/>\n&#8211; T\u00e9cnico de Sa\u00fade &#8211; Nutricionista (1);<br \/>\n&#8211; Pedagogo &#8211; (1);<br \/>\n&#8211; Professor II &#8211; (5)-Deficientes-1<\/p>\n<p><strong>VER PRIMEIRO<\/strong><\/p>\n<p>Receba as not\u00edcias do Aconteceu no Vale em primeira m\u00e3o. Clique em curtir no endere\u00e7o <a href=\"https:\/\/www.facebook.com\/aconteceunovale\" target=\"_blank\"><font color=\"red\">www.facebook.com\/aconteceunovale<\/font><\/a> ou no box abaixo:<\/p>\n<div class=\"fb-like\" data-href=\"https:\/\/www.facebook.com\/aconteceunovale\" data-width=\"120\" data-layout=\"standard\" data-action=\"like\" data-size=\"small\" data-show-faces=\"true\" data-share=\"true\"><\/div>\n<p><\/br><\/p>\n<p><em>(Com G1 Grande Minas)<\/em><\/p>\n","protected":false},"excerpt":{"rendered":"<p>Est\u00e3o abertas as inscri\u00e7\u00f5es para o concurso p\u00fablico da Prefeitura de Medina. S\u00e3o oferecidas 37 vagas em cargos de n\u00edvel fundamental, m\u00e9dio e superior. Os sal\u00e1rios variam de R$ 937 a R$ 3.516 e o concurso contar\u00e1 com provas objetivas e de t\u00edtulos. O prazo de validade do concurso \u00e9 de 2 anos podendo ser [&hellip;]<\/p>\n","protected":false},"author":1,"featured_media":120709,"comment_status":"open","ping_status":"closed","sticky":false,"template":"","format":"standard","meta":{"amp_status":"","footnotes":""},"categories":[40237,40236,272560,120],"tags":[167191,167193,167192,389,167190,167189],"class_list":["post-126216","post","type-post","status-publish","format-standard","has-post-thumbnail","hentry","category-concursos","category-empregos-2","category-medina","category-jequi","tag-concurso-prefeitura-de-medina","tag-concurso-publico-prefeitura-de-medina","tag-inscricoes-concurso-prefeitura-de-medina","tag-medina","tag-prefeitura-de-medina","tag-prefeitura-de-medina-abre-inscricoes-para-concurso-publico-com-37-vagas"],"yoast_head":"<!-- This site is optimized with the Yoast SEO plugin v28.3 - https:\/\/yoast.com\/product\/yoast-seo-wordpress\/ -->\n<title>Prefeitura de Medina abre inscri\u00e7\u00f5es para concurso p\u00fablico com 37 vagas - Aconteceu no Vale<\/title>\n<meta name=\"robots\" content=\"index, follow, max-snippet:-1, max-image-preview:large, max-video-preview:-1\" \/>\n<link rel=\"canonical\" href=\"https:\/\/aconteceunovale.com.br\/portal\/?p=126216\" \/>\n<meta property=\"og:locale\" content=\"pt_BR\" \/>\n<meta property=\"og:type\" content=\"article\" \/>\n<meta property=\"og:title\" content=\"Prefeitura de Medina abre inscri\u00e7\u00f5es para concurso p\u00fablico com 37 vagas - Aconteceu no Vale\" \/>\n<meta property=\"og:description\" content=\"Est\u00e3o abertas as inscri\u00e7\u00f5es para o concurso p\u00fablico da Prefeitura de Medina. S\u00e3o oferecidas 37 vagas em cargos de n\u00edvel fundamental, m\u00e9dio e superior. Os sal\u00e1rios variam de R$ 937 a R$ 3.516 e o concurso contar\u00e1 com provas objetivas e de t\u00edtulos. O prazo de validade do concurso \u00e9 de 2 anos podendo ser [&hellip;]\" \/>\n<meta property=\"og:url\" content=\"https:\/\/aconteceunovale.com.br\/portal\/?p=126216\" \/>\n<meta property=\"og:site_name\" content=\"Aconteceu no Vale\" \/>\n<meta property=\"article:publisher\" content=\"https:\/\/www.facebook.com\/aconteceunovale\/\" \/>\n<meta property=\"article:published_time\" content=\"2018-01-12T22:05:21+00:00\" \/>\n<meta property=\"article:modified_time\" content=\"2026-09-02T20:02:22+00:00\" \/>\n<meta property=\"og:image\" content=\"https:\/\/aconteceunovale.com.br\/portal\/wp-content\/uploads\/2017\/08\/medina_mg.jpg\" \/>\n\t<meta property=\"og:image:width\" content=\"672\" \/>\n\t<meta property=\"og:image:height\" content=\"341\" \/>\n\t<meta property=\"og:image:type\" content=\"image\/jpeg\" \/>\n<meta name=\"author\" content=\"Aconteceu no Vale\" \/>\n<meta name=\"twitter:card\" content=\"summary_large_image\" \/>\n<meta name=\"twitter:creator\" content=\"@noticiadosvales\" \/>\n<meta name=\"twitter:site\" content=\"@noticiadosvales\" \/>\n<meta name=\"twitter:label1\" content=\"Escrito por\" \/>\n\t<meta name=\"twitter:data1\" content=\"Aconteceu no Vale\" \/>\n\t<meta name=\"twitter:label2\" content=\"Est. tempo de leitura\" \/>\n\t<meta name=\"twitter:data2\" content=\"2 minutos\" \/>\n<script type=\"application\/ld+json\" class=\"yoast-schema-graph\">{\"@context\":\"https:\\\/\\\/schema.org\",\"@graph\":[{\"@type\":\"Article\",\"@id\":\"https:\\\/\\\/aconteceunovale.com.br\\\/portal\\\/?p=126216#article\",\"isPartOf\":{\"@id\":\"https:\\\/\\\/aconteceunovale.com.br\\\/portal\\\/?p=126216\"},\"author\":{\"name\":\"Aconteceu no Vale\",\"@id\":\"https:\\\/\\\/aconteceunovale.com.br\\\/portal\\\/#\\\/schema\\\/person\\\/633529146f2c94272bef50ac2953d589\"},\"headline\":\"Prefeitura de Medina abre inscri\u00e7\u00f5es para concurso p\u00fablico com 37 vagas\",\"datePublished\":\"2018-01-12T22:05:21+00:00\",\"dateModified\":\"2026-09-02T20:02:22+00:00\",\"mainEntityOfPage\":{\"@id\":\"https:\\\/\\\/aconteceunovale.com.br\\\/portal\\\/?p=126216\"},\"wordCount\":330,\"commentCount\":0,\"image\":{\"@id\":\"https:\\\/\\\/aconteceunovale.com.br\\\/portal\\\/?p=126216#primaryimage\"},\"thumbnailUrl\":\"https:\\\/\\\/aconteceunovale.com.br\\\/portal\\\/wp-content\\\/uploads\\\/2017\\\/08\\\/medina_mg.jpg\",\"keywords\":[\"Concurso Prefeitura de Medina\",\"Concurso p\u00fablico Prefeitura de Medina\",\"Inscri\u00e7\u00f5es concurso Prefeitura de Medina\",\"Medina\",\"Prefeitura de Medina\",\"Prefeitura de Medina abre inscri\u00e7\u00f5es para concurso p\u00fablico com 37 vagas\"],\"articleSection\":[\"Concursos\",\"Empregos\",\"Medina\",\"Vale do Jequitinhonha\"],\"inLanguage\":\"pt-BR\",\"potentialAction\":[{\"@type\":\"CommentAction\",\"name\":\"Comment\",\"target\":[\"https:\\\/\\\/aconteceunovale.com.br\\\/portal\\\/?p=126216#respond\"]}]},{\"@type\":\"WebPage\",\"@id\":\"https:\\\/\\\/aconteceunovale.com.br\\\/portal\\\/?p=126216\",\"url\":\"https:\\\/\\\/aconteceunovale.com.br\\\/portal\\\/?p=126216\",\"name\":\"Prefeitura de Medina abre inscri\u00e7\u00f5es para concurso p\u00fablico com 37 vagas - Aconteceu no Vale\",\"isPartOf\":{\"@id\":\"https:\\\/\\\/aconteceunovale.com.br\\\/portal\\\/#website\"},\"primaryImageOfPage\":{\"@id\":\"https:\\\/\\\/aconteceunovale.com.br\\\/portal\\\/?p=126216#primaryimage\"},\"image\":{\"@id\":\"https:\\\/\\\/aconteceunovale.com.br\\\/portal\\\/?p=126216#primaryimage\"},\"thumbnailUrl\":\"https:\\\/\\\/aconteceunovale.com.br\\\/portal\\\/wp-content\\\/uploads\\\/2017\\\/08\\\/medina_mg.jpg\",\"datePublished\":\"2018-01-12T22:05:21+00:00\",\"dateModified\":\"2026-09-02T20:02:22+00:00\",\"author\":{\"@id\":\"https:\\\/\\\/aconteceunovale.com.br\\\/portal\\\/#\\\/schema\\\/person\\\/633529146f2c94272bef50ac2953d589\"},\"breadcrumb\":{\"@id\":\"https:\\\/\\\/aconteceunovale.com.br\\\/portal\\\/?p=126216#breadcrumb\"},\"inLanguage\":\"pt-BR\",\"potentialAction\":[{\"@type\":\"ReadAction\",\"target\":[\"https:\\\/\\\/aconteceunovale.com.br\\\/portal\\\/?p=126216\"]}]},{\"@type\":\"ImageObject\",\"inLanguage\":\"pt-BR\",\"@id\":\"https:\\\/\\\/aconteceunovale.com.br\\\/portal\\\/?p=126216#primaryimage\",\"url\":\"https:\\\/\\\/aconteceunovale.com.br\\\/portal\\\/wp-content\\\/uploads\\\/2017\\\/08\\\/medina_mg.jpg\",\"contentUrl\":\"https:\\\/\\\/aconteceunovale.com.br\\\/portal\\\/wp-content\\\/uploads\\\/2017\\\/08\\\/medina_mg.jpg\",\"width\":672,\"height\":341},{\"@type\":\"BreadcrumbList\",\"@id\":\"https:\\\/\\\/aconteceunovale.com.br\\\/portal\\\/?p=126216#breadcrumb\",\"itemListElement\":[{\"@type\":\"ListItem\",\"position\":1,\"name\":\"In\u00edcio\",\"item\":\"https:\\\/\\\/aconteceunovale.com.br\\\/portal\\\/\"},{\"@type\":\"ListItem\",\"position\":2,\"name\":\"Prefeitura de Medina abre inscri\u00e7\u00f5es para concurso p\u00fablico com 37 vagas\"}]},{\"@type\":\"WebSite\",\"@id\":\"https:\\\/\\\/aconteceunovale.com.br\\\/portal\\\/#website\",\"url\":\"https:\\\/\\\/aconteceunovale.com.br\\\/portal\\\/\",\"name\":\"Aconteceu no Vale\",\"description\":\"Portal de Not\u00edcias\",\"potentialAction\":[{\"@type\":\"SearchAction\",\"target\":{\"@type\":\"EntryPoint\",\"urlTemplate\":\"https:\\\/\\\/aconteceunovale.com.br\\\/portal\\\/?s={search_term_string}\"},\"query-input\":{\"@type\":\"PropertyValueSpecification\",\"valueRequired\":true,\"valueName\":\"search_term_string\"}}],\"inLanguage\":\"pt-BR\"},{\"@type\":\"Person\",\"@id\":\"https:\\\/\\\/aconteceunovale.com.br\\\/portal\\\/#\\\/schema\\\/person\\\/633529146f2c94272bef50ac2953d589\",\"name\":\"Aconteceu no Vale\",\"description\":\"Equipe de reportagem do Aconteceu no Vale, portal de not\u00edcias do Vale do Jequitinhonha, em Minas Gerais. Cobrimos as 51 cidades do Vale desde 2013. Sugest\u00f5es de pauta e pedidos de corre\u00e7\u00e3o: contato@aconteceunovale.com.br\",\"sameAs\":[\"http:\\\/\\\/www.aconteceunovale.com.br\"],\"url\":\"https:\\\/\\\/aconteceunovale.com.br\\\/portal\\\/?author=1\"}]}<\/script>\n<!-- \/ Yoast SEO plugin. -->","yoast_head_json":{"title":"Prefeitura de Medina abre inscri\u00e7\u00f5es para concurso p\u00fablico com 37 vagas - Aconteceu no Vale","robots":{"index":"index","follow":"follow","max-snippet":"max-snippet:-1","max-image-preview":"max-image-preview:large","max-video-preview":"max-video-preview:-1"},"canonical":"https:\/\/aconteceunovale.com.br\/portal\/?p=126216","og_locale":"pt_BR","og_type":"article","og_title":"Prefeitura de Medina abre inscri\u00e7\u00f5es para concurso p\u00fablico com 37 vagas - Aconteceu no Vale","og_description":"Est\u00e3o abertas as inscri\u00e7\u00f5es para o concurso p\u00fablico da Prefeitura de Medina. S\u00e3o oferecidas 37 vagas em cargos de n\u00edvel fundamental, m\u00e9dio e superior. Os sal\u00e1rios variam de R$ 937 a R$ 3.516 e o concurso contar\u00e1 com provas objetivas e de t\u00edtulos. O prazo de validade do concurso \u00e9 de 2 anos podendo ser [&hellip;]","og_url":"https:\/\/aconteceunovale.com.br\/portal\/?p=126216","og_site_name":"Aconteceu no Vale","article_publisher":"https:\/\/www.facebook.com\/aconteceunovale\/","article_published_time":"2018-01-12T22:05:21+00:00","article_modified_time":"2026-09-02T20:02:22+00:00","og_image":[{"width":672,"height":341,"url":"https:\/\/aconteceunovale.com.br\/portal\/wp-content\/uploads\/2017\/08\/medina_mg.jpg","type":"image\/jpeg"}],"author":"Aconteceu no Vale","twitter_card":"summary_large_image","twitter_creator":"@noticiadosvales","twitter_site":"@noticiadosvales","twitter_misc":{"Escrito por":"Aconteceu no Vale","Est. tempo de leitura":"2 minutos"},"schema":{"@context":"https:\/\/schema.org","@graph":[{"@type":"Article","@id":"https:\/\/aconteceunovale.com.br\/portal\/?p=126216#article","isPartOf":{"@id":"https:\/\/aconteceunovale.com.br\/portal\/?p=126216"},"author":{"name":"Aconteceu no Vale","@id":"https:\/\/aconteceunovale.com.br\/portal\/#\/schema\/person\/633529146f2c94272bef50ac2953d589"},"headline":"Prefeitura de Medina abre inscri\u00e7\u00f5es para concurso p\u00fablico com 37 vagas","datePublished":"2018-01-12T22:05:21+00:00","dateModified":"2026-09-02T20:02:22+00:00","mainEntityOfPage":{"@id":"https:\/\/aconteceunovale.com.br\/portal\/?p=126216"},"wordCount":330,"commentCount":0,"image":{"@id":"https:\/\/aconteceunovale.com.br\/portal\/?p=126216#primaryimage"},"thumbnailUrl":"https:\/\/aconteceunovale.com.br\/portal\/wp-content\/uploads\/2017\/08\/medina_mg.jpg","keywords":["Concurso Prefeitura de Medina","Concurso p\u00fablico Prefeitura de Medina","Inscri\u00e7\u00f5es concurso Prefeitura de Medina","Medina","Prefeitura de Medina","Prefeitura de Medina abre inscri\u00e7\u00f5es para concurso p\u00fablico com 37 vagas"],"articleSection":["Concursos","Empregos","Medina","Vale do Jequitinhonha"],"inLanguage":"pt-BR","potentialAction":[{"@type":"CommentAction","name":"Comment","target":["https:\/\/aconteceunovale.com.br\/portal\/?p=126216#respond"]}]},{"@type":"WebPage","@id":"https:\/\/aconteceunovale.com.br\/portal\/?p=126216","url":"https:\/\/aconteceunovale.com.br\/portal\/?p=126216","name":"Prefeitura de Medina abre inscri\u00e7\u00f5es para concurso p\u00fablico com 37 vagas - Aconteceu no Vale","isPartOf":{"@id":"https:\/\/aconteceunovale.com.br\/portal\/#website"},"primaryImageOfPage":{"@id":"https:\/\/aconteceunovale.com.br\/portal\/?p=126216#primaryimage"},"image":{"@id":"https:\/\/aconteceunovale.com.br\/portal\/?p=126216#primaryimage"},"thumbnailUrl":"https:\/\/aconteceunovale.com.br\/portal\/wp-content\/uploads\/2017\/08\/medina_mg.jpg","datePublished":"2018-01-12T22:05:21+00:00","dateModified":"2026-09-02T20:02:22+00:00","author":{"@id":"https:\/\/aconteceunovale.com.br\/portal\/#\/schema\/person\/633529146f2c94272bef50ac2953d589"},"breadcrumb":{"@id":"https:\/\/aconteceunovale.com.br\/portal\/?p=126216#breadcrumb"},"inLanguage":"pt-BR","potentialAction":[{"@type":"ReadAction","target":["https:\/\/aconteceunovale.com.br\/portal\/?p=126216"]}]},{"@type":"ImageObject","inLanguage":"pt-BR","@id":"https:\/\/aconteceunovale.com.br\/portal\/?p=126216#primaryimage","url":"https:\/\/aconteceunovale.com.br\/portal\/wp-content\/uploads\/2017\/08\/medina_mg.jpg","contentUrl":"https:\/\/aconteceunovale.com.br\/portal\/wp-content\/uploads\/2017\/08\/medina_mg.jpg","width":672,"height":341},{"@type":"BreadcrumbList","@id":"https:\/\/aconteceunovale.com.br\/portal\/?p=126216#breadcrumb","itemListElement":[{"@type":"ListItem","position":1,"name":"In\u00edcio","item":"https:\/\/aconteceunovale.com.br\/portal\/"},{"@type":"ListItem","position":2,"name":"Prefeitura de Medina abre inscri\u00e7\u00f5es para concurso p\u00fablico com 37 vagas"}]},{"@type":"WebSite","@id":"https:\/\/aconteceunovale.com.br\/portal\/#website","url":"https:\/\/aconteceunovale.com.br\/portal\/","name":"Aconteceu no Vale","description":"Portal de Not\u00edcias","potentialAction":[{"@type":"SearchAction","target":{"@type":"EntryPoint","urlTemplate":"https:\/\/aconteceunovale.com.br\/portal\/?s={search_term_string}"},"query-input":{"@type":"PropertyValueSpecification","valueRequired":true,"valueName":"search_term_string"}}],"inLanguage":"pt-BR"},{"@type":"Person","@id":"https:\/\/aconteceunovale.com.br\/portal\/#\/schema\/person\/633529146f2c94272bef50ac2953d589","name":"Aconteceu no Vale","description":"Equipe de reportagem do Aconteceu no Vale, portal de not\u00edcias do Vale do Jequitinhonha, em Minas Gerais. Cobrimos as 51 cidades do Vale desde 2013. Sugest\u00f5es de pauta e pedidos de corre\u00e7\u00e3o: contato@aconteceunovale.com.br","sameAs":["http:\/\/www.aconteceunovale.com.br"],"url":"https:\/\/aconteceunovale.com.br\/portal\/?author=1"}]}},"_links":{"self":[{"href":"https:\/\/aconteceunovale.com.br\/portal\/index.php?rest_route=\/wp\/v2\/posts\/126216","targetHints":{"allow":["GET"]}}],"collection":[{"href":"https:\/\/aconteceunovale.com.br\/portal\/index.php?rest_route=\/wp\/v2\/posts"}],"about":[{"href":"https:\/\/aconteceunovale.com.br\/portal\/index.php?rest_route=\/wp\/v2\/types\/post"}],"author":[{"embeddable":true,"href":"https:\/\/aconteceunovale.com.br\/portal\/index.php?rest_route=\/wp\/v2\/users\/1"}],"replies":[{"embeddable":true,"href":"https:\/\/aconteceunovale.com.br\/portal\/index.php?rest_route=%2Fwp%2Fv2%2Fcomments&post=126216"}],"version-history":[{"count":1,"href":"https:\/\/aconteceunovale.com.br\/portal\/index.php?rest_route=\/wp\/v2\/posts\/126216\/revisions"}],"predecessor-version":[{"id":202087,"href":"https:\/\/aconteceunovale.com.br\/portal\/index.php?rest_route=\/wp\/v2\/posts\/126216\/revisions\/202087"}],"wp:featuredmedia":[{"embeddable":true,"href":"https:\/\/aconteceunovale.com.br\/portal\/index.php?rest_route=\/wp\/v2\/media\/120709"}],"wp:attachment":[{"href":"https:\/\/aconteceunovale.com.br\/portal\/index.php?rest_route=%2Fwp%2Fv2%2Fmedia&parent=126216"}],"wp:term":[{"taxonomy":"category","embeddable":true,"href":"https:\/\/aconteceunovale.com.br\/portal\/index.php?rest_route=%2Fwp%2Fv2%2Fcategories&post=126216"},{"taxonomy":"post_tag","embeddable":true,"href":"https:\/\/aconteceunovale.com.br\/portal\/index.php?rest_route=%2Fwp%2Fv2%2Ftags&post=126216"}],"curies":[{"name":"wp","href":"https:\/\/api.w.org\/{rel}","templated":true}]}}