{"id":126059,"date":"2018-01-09T23:28:14","date_gmt":"2018-01-10T01:28:14","guid":{"rendered":"http:\/\/aconteceunovale.com.br\/portal\/?p=126059"},"modified":"2018-01-09T23:28:14","modified_gmt":"2018-01-10T01:28:14","slug":"carreta-tomba-apos-motorista-desviar-de-buraco-na-br-365-em-pirapora","status":"publish","type":"post","link":"https:\/\/aconteceunovale.com.br\/portal\/?p=126059","title":{"rendered":"Carreta tomba ap\u00f3s motorista desviar de buraco na BR-365, em Pirapora"},"content":{"rendered":"<p>Tr\u00eas pessoas ficaram feridas em um acidente nesta ter\u00e7a-feira (09\/01\/2018) na altura do km 183 da BR-365, em Pirapora, no Norte de Minas. Segundo a Pol\u00edcia Rodovi\u00e1ria Federal (PRF), ao desviar de um buraco na pista, uma carreta invadiu a contram\u00e3o de dire\u00e7\u00e3o e colidiu frontalmente contra outro ve\u00edculo de carga, que seguia no sentido contr\u00e1rio.<\/p>\n<p>Ap\u00f3s o choque, o ve\u00edculo que invadiu a contram\u00e3o, saiu da pista e tombou \u00e0s margens da rodovia. As tr\u00eas v\u00edtimas, de 11, 45 e 49 anos, s\u00e3o da mesma fam\u00edlia e sofreram escoria\u00e7\u00f5es. Elas foram socorridas pelo Samu e encaminhadas ao hospital de Pirapora.<\/p>\n<p><img decoding=\"async\" src=\"http:\/\/aconteceunovale.com.br\/portal\/wp-content\/uploads\/2018\/01\/acidente_carreta_pirapora.jpg\" alt=\"\" \/><em>Acidente aconteceu no km 183 da BR-365 (Foto: PRF\/Divulga\u00e7\u00e3o)<\/em><br \/>\n<\/br><\/p>\n<p><strong>VER PRIMEIRO<\/strong><\/p>\n<p>Receba as not\u00edcias do Aconteceu no Vale em primeira m\u00e3o. Clique em curtir no endere\u00e7o <a href=\"https:\/\/www.facebook.com\/aconteceunovale\" target=\"_blank\"><font color=\"red\">www.facebook.com\/aconteceunovale<\/font><\/a> ou no box abaixo:<\/p>\n<div class=\"fb-like\" data-href=\"https:\/\/www.facebook.com\/aconteceunovale\" data-width=\"120\" data-layout=\"standard\" data-action=\"like\" data-size=\"small\" data-show-faces=\"true\" data-share=\"true\"><\/div>\n<p><\/br><\/p>\n<p><em>(Com G1 Grande Minas)<\/em><\/p>\n","protected":false},"excerpt":{"rendered":"<p>Tr\u00eas pessoas ficaram feridas em um acidente nesta ter\u00e7a-feira (09\/01\/2018) na altura do km 183 da BR-365, em Pirapora, no Norte de Minas. Segundo a Pol\u00edcia Rodovi\u00e1ria Federal (PRF), ao desviar de um buraco na pista, uma carreta invadiu a contram\u00e3o de dire\u00e7\u00e3o e colidiu frontalmente contra outro ve\u00edculo de carga, que seguia no sentido [&hellip;]<\/p>\n","protected":false},"author":1,"featured_media":126060,"comment_status":"open","ping_status":"closed","sticky":false,"template":"","format":"standard","meta":{"amp_status":"","footnotes":""},"categories":[1236],"tags":[94088,166968,71009,166969,166970,85013,254,94089],"class_list":["post-126059","post","type-post","status-publish","format-standard","has-post-thumbnail","hentry","category-norte_de_minas","tag-acidente-com-carreta-em-pirapora","tag-acidente-com-carretas-em-pirapora","tag-acidente-em-pirapora","tag-carreta-tomba-apos-motorista-desviar-de-buraco-na-br-365","tag-carreta-tomba-apos-motorista-desviar-de-buraco-na-br-365-em-pirapora","tag-em-pirapora","tag-pirapora","tag-tombamento-de-carreta-em-pirapora"],"_links":{"self":[{"href":"https:\/\/aconteceunovale.com.br\/portal\/index.php?rest_route=\/wp\/v2\/posts\/126059","targetHints":{"allow":["GET"]}}],"collection":[{"href":"https:\/\/aconteceunovale.com.br\/portal\/index.php?rest_route=\/wp\/v2\/posts"}],"about":[{"href":"https:\/\/aconteceunovale.com.br\/portal\/index.php?rest_route=\/wp\/v2\/types\/post"}],"author":[{"embeddable":true,"href":"https:\/\/aconteceunovale.com.br\/portal\/index.php?rest_route=\/wp\/v2\/users\/1"}],"replies":[{"embeddable":true,"href":"https:\/\/aconteceunovale.com.br\/portal\/index.php?rest_route=%2Fwp%2Fv2%2Fcomments&post=126059"}],"version-history":[{"count":0,"href":"https:\/\/aconteceunovale.com.br\/portal\/index.php?rest_route=\/wp\/v2\/posts\/126059\/revisions"}],"wp:featuredmedia":[{"embeddable":true,"href":"https:\/\/aconteceunovale.com.br\/portal\/index.php?rest_route=\/wp\/v2\/media\/126060"}],"wp:attachment":[{"href":"https:\/\/aconteceunovale.com.br\/portal\/index.php?rest_route=%2Fwp%2Fv2%2Fmedia&parent=126059"}],"wp:term":[{"taxonomy":"category","embeddable":true,"href":"https:\/\/aconteceunovale.com.br\/portal\/index.php?rest_route=%2Fwp%2Fv2%2Fcategories&post=126059"},{"taxonomy":"post_tag","embeddable":true,"href":"https:\/\/aconteceunovale.com.br\/portal\/index.php?rest_route=%2Fwp%2Fv2%2Ftags&post=126059"}],"curies":[{"name":"wp","href":"https:\/\/api.w.org\/{rel}","templated":true}]}}