{"id":126054,"date":"2018-01-09T23:09:43","date_gmt":"2018-01-10T01:09:43","guid":{"rendered":"http:\/\/aconteceunovale.com.br\/portal\/?p=126054"},"modified":"2018-01-09T23:09:43","modified_gmt":"2018-01-10T01:09:43","slug":"cadela-e-agredida-com-golpes-de-facao-em-governador-valadares","status":"publish","type":"post","link":"https:\/\/aconteceunovale.com.br\/portal\/?p=126054","title":{"rendered":"Cadela \u00e9 agredida com golpes de fac\u00e3o em Governador Valadares"},"content":{"rendered":"<p>Uma cadela foi resgatada em Governador Valadares na manh\u00e3 desta ter\u00e7a-feira (09\/01\/2018) gravemente ferida, ap\u00f3s ter sofrido dois golpes de fac\u00e3o. Segundo a Associa\u00e7\u00e3o de Prote\u00e7\u00e3o e Bem-Estar Animal (Aprobem) o animal foi agredido na noite anterior e uma vizinha cuidou da cadelinha at\u00e9 que volunt\u00e1rios da entidade fizessem o resgate.<\/p>\n<p>\u201cContaram para a gente que uma menina da vizinhan\u00e7a foi brincar com a cadela, mas a crian\u00e7a acabou caindo. O pai veio e deu dois golpes de faca na cachorra, que passou a noite agonizando. Pela manh\u00e3, quando recebi o pedido de resgate, parei tudo e vim correndo. Mesmo estando muito ferida, ela n\u00e3o deu trabalho algum, veio quieta no colo da outra protetora que auxiliou no resgate e agora est\u00e1 sendo medicada\u201d, explica Silvana Soares, presidente da Aprobem.<\/p>\n<p>A cadelinha ferida foi levada para uma cl\u00ednica veterin\u00e1ria, onde primeiro recebeu analg\u00e9sicos e anti-inflamat\u00f3rios para amenizar a dor. Ela apresentava dois ferimentos por fac\u00e3o, um no focinho e outro nas costas. Ap\u00f3s atendimento veterin\u00e1rio, foi constatado que o golpe no focinho fraturou a mand\u00edbula superior e chegou a atingir a arcada dent\u00e1ria. J\u00e1 no ferimento das costas ainda n\u00e3o sabe se atingiu a coluna do animal.<\/p>\n<p>Silvana Soares revela que o animal vai precisar passar por cirurgia de reconstru\u00e7\u00e3o do focinho, mas al\u00e9m de ser uma regi\u00e3o muito vascularizada, existe a suspeita de que a cadela esteja prenha, o que aumenta a complexidade do caso. Volunt\u00e1rios j\u00e1 ofereceram lar tempor\u00e1rio para a cadela, mas ela deve permanecer internada pelos pr\u00f3ximos dias. No entanto, a associa\u00e7\u00e3o precisa de doa\u00e7\u00f5es para custear o tratamento.<\/p>\n<p><img decoding=\"async\" src=\"http:\/\/aconteceunovale.com.br\/portal\/wp-content\/uploads\/2018\/01\/cadela_ferida_gv.jpg\" alt=\"\" \/><em>Cadela teve parte do focinho ferido (Foto: Silvana Soares\/Reprodu\u00e7\u00e3o G1)<\/em><br \/>\n<\/br><\/p>\n<p><strong>Den\u00fancia<\/strong><\/p>\n<p>A associa\u00e7\u00e3o recebeu informa\u00e7\u00f5es sobre o agressor e est\u00e1 tomando provid\u00eancias para que ele possa responder na Justi\u00e7a. A advogada Ingrid Pessoa, respons\u00e1vel pelo caso, explica que muitas vezes o mais dif\u00edcil \u00e9 identificar quem machucou o animal, mas como j\u00e1 possuem essa informa\u00e7\u00e3o, est\u00e3o buscando mais elementos para materializar a den\u00fancia.<\/p>\n<p>\u201cVamos fazer de tudo para que isso n\u00e3o fique impune e para que esse homem responda por esse crime, que pela lei federal 9.605\/1988 possui pena de tr\u00eas meses a um ano de pris\u00e3o, e pagamento de multa. E ainda de acordo com a lei estadual 22.231\/2016, se for condenado, o agressor tem ainda que custear os gastos do tratamento e cuidados m\u00e9dicos\u201d, destaca a advogada.<\/p>\n<p><strong>VER PRIMEIRO<\/strong><\/p>\n<p>Receba as not\u00edcias do Aconteceu no Vale em primeira m\u00e3o. Clique em curtir no endere\u00e7o <a href=\"https:\/\/www.facebook.com\/aconteceunovale\" target=\"_blank\"><font color=\"red\">www.facebook.com\/aconteceunovale<\/font><\/a> ou no box abaixo:<\/p>\n<div class=\"fb-like\" data-href=\"https:\/\/www.facebook.com\/aconteceunovale\" data-width=\"120\" data-layout=\"standard\" data-action=\"like\" data-size=\"small\" data-show-faces=\"true\" data-share=\"true\"><\/div>\n<p><\/br><\/p>\n<p><em>(Fonte: G1 Vales \/ Rep\u00f3rter: Zana Ferreira)<\/em><\/p>\n","protected":false},"excerpt":{"rendered":"<p>Uma cadela foi resgatada em Governador Valadares na manh\u00e3 desta ter\u00e7a-feira (09\/01\/2018) gravemente ferida, ap\u00f3s ter sofrido dois golpes de fac\u00e3o. Segundo a Associa\u00e7\u00e3o de Prote\u00e7\u00e3o e Bem-Estar Animal (Aprobem) o animal foi agredido na noite anterior e uma vizinha cuidou da cadelinha at\u00e9 que volunt\u00e1rios da entidade fizessem o resgate. \u201cContaram para a gente [&hellip;]<\/p>\n","protected":false},"author":1,"featured_media":126055,"comment_status":"open","ping_status":"closed","sticky":false,"template":"","format":"standard","meta":{"amp_status":"","footnotes":""},"categories":[121],"tags":[69133,69132,166961,166964,166960,166962,247,166963,69131],"class_list":["post-126054","post","type-post","status-publish","format-standard","has-post-thumbnail","hentry","category-leste","tag-aprobem","tag-associacao-de-protecao-e-bem-estar-animal","tag-cadela-agredida-em-governador-valadares","tag-cadela-e-agredida-com-golpes-de-facao-em-governador-valadares","tag-cadela-esfaqueada-em-governador-valadares","tag-cadela-ferida-com-facao-em-governador-valadares","tag-governador-valadares","tag-presidente-da-aprobem","tag-silvana-soares"],"_links":{"self":[{"href":"https:\/\/aconteceunovale.com.br\/portal\/index.php?rest_route=\/wp\/v2\/posts\/126054","targetHints":{"allow":["GET"]}}],"collection":[{"href":"https:\/\/aconteceunovale.com.br\/portal\/index.php?rest_route=\/wp\/v2\/posts"}],"about":[{"href":"https:\/\/aconteceunovale.com.br\/portal\/index.php?rest_route=\/wp\/v2\/types\/post"}],"author":[{"embeddable":true,"href":"https:\/\/aconteceunovale.com.br\/portal\/index.php?rest_route=\/wp\/v2\/users\/1"}],"replies":[{"embeddable":true,"href":"https:\/\/aconteceunovale.com.br\/portal\/index.php?rest_route=%2Fwp%2Fv2%2Fcomments&post=126054"}],"version-history":[{"count":0,"href":"https:\/\/aconteceunovale.com.br\/portal\/index.php?rest_route=\/wp\/v2\/posts\/126054\/revisions"}],"wp:featuredmedia":[{"embeddable":true,"href":"https:\/\/aconteceunovale.com.br\/portal\/index.php?rest_route=\/wp\/v2\/media\/126055"}],"wp:attachment":[{"href":"https:\/\/aconteceunovale.com.br\/portal\/index.php?rest_route=%2Fwp%2Fv2%2Fmedia&parent=126054"}],"wp:term":[{"taxonomy":"category","embeddable":true,"href":"https:\/\/aconteceunovale.com.br\/portal\/index.php?rest_route=%2Fwp%2Fv2%2Fcategories&post=126054"},{"taxonomy":"post_tag","embeddable":true,"href":"https:\/\/aconteceunovale.com.br\/portal\/index.php?rest_route=%2Fwp%2Fv2%2Ftags&post=126054"}],"curies":[{"name":"wp","href":"https:\/\/api.w.org\/{rel}","templated":true}]}}