{"id":126049,"date":"2018-01-09T22:39:33","date_gmt":"2018-01-10T00:39:33","guid":{"rendered":"http:\/\/aconteceunovale.com.br\/portal\/?p=126049"},"modified":"2018-01-09T22:39:33","modified_gmt":"2018-01-10T00:39:33","slug":"tres-onibus-da-viacao-itapemirim-sao-apreendidos-pela-prf-em-caratinga","status":"publish","type":"post","link":"https:\/\/aconteceunovale.com.br\/portal\/?p=126049","title":{"rendered":"Tr\u00eas \u00f4nibus da Via\u00e7\u00e3o Itapemirim s\u00e3o apreendidos pela PRF em Caratinga"},"content":{"rendered":"<p>Tr\u00eas \u00f4nibus da empresa Itapemirim foram proibidos de seguir viagem nesta ter\u00e7a-feira (09\/01\/2018) ap\u00f3s abordagem da Pol\u00edcia Rodovi\u00e1ria Federal em Caratinga, no Vale do Rio Doce. Segundo informa\u00e7\u00f5es da PRF, dois ve\u00edculos estavam com documentos vencidos desde 2015. Um terceiro est\u00e1 com documenta\u00e7\u00e3o atrasada desde 2016.<\/p>\n<p>\u201cOs tac\u00f3grafos, esp\u00e9cie de caixa-preta dos \u00f4nibus, est\u00e3o com permiss\u00e3o vencida tamb\u00e9m\u201d, disse o agente da PRF, Tarc\u00edsio Luiz Gon\u00e7alves.<\/p>\n<p>At\u00e9 \u00e0s 21h desta ter\u00e7a, cerca de 90 passageiros aguardavam para seguir viagem. Os \u00f4nibus faziam a linha Rio de Janeiro \u2013 Salvador, Mantena (MG) &#8211; S\u00e3o Paulo e Te\u00f3filo Otoni (MG) \u2013 S\u00e3o Jos\u00e9 dos Campos (SP).  Os ve\u00edculos foram recolhidos para p\u00e1tio da PRF na regi\u00e3o de Caratinga.<\/p>\n<p><img decoding=\"async\" src=\"http:\/\/aconteceunovale.com.br\/portal\/wp-content\/uploads\/2018\/01\/bus_itapemirim_1.jpeg\" alt=\"\" \/><em>Tr\u00eas \u00f4nibus da empresa foram apreendidos pela PRF (Foto: Edson Sim\u00f5es\/Doctum TV)<\/em><br \/>\n<\/br><\/p>\n<p><img decoding=\"async\" src=\"http:\/\/aconteceunovale.com.br\/portal\/wp-content\/uploads\/2018\/01\/bus_itapemirim_2.jpeg\" alt=\"\" \/><em>Tr\u00eas \u00f4nibus da empresa foram apreendidos pela PRF (Foto: Edson Sim\u00f5es\/Doctum TV)<\/em><br \/>\n<\/br><\/p>\n<p><img decoding=\"async\" src=\"http:\/\/aconteceunovale.com.br\/portal\/wp-content\/uploads\/2018\/01\/bus_itapemirim_3.jpeg\" alt=\"\" \/><em>Tr\u00eas \u00f4nibus da empresa foram apreendidos pela PRF (Foto: Edson Sim\u00f5es\/Doctum TV)<\/em><br \/>\n<\/br><\/p>\n<p><strong>VER PRIMEIRO<\/strong><\/p>\n<p>Receba as not\u00edcias do Aconteceu no Vale em primeira m\u00e3o. Clique em curtir no endere\u00e7o <a href=\"https:\/\/www.facebook.com\/aconteceunovale\" target=\"_blank\"><font color=\"red\">www.facebook.com\/aconteceunovale<\/font><\/a> ou no box abaixo:<\/p>\n<div class=\"fb-like\" data-href=\"https:\/\/www.facebook.com\/aconteceunovale\" data-width=\"120\" data-layout=\"standard\" data-action=\"like\" data-size=\"small\" data-show-faces=\"true\" data-share=\"true\"><\/div>\n<p><\/br><\/p>\n<p><em>(Fonte: O Tempo)<\/em><\/p>\n","protected":false},"excerpt":{"rendered":"<p>Tr\u00eas \u00f4nibus da empresa Itapemirim foram proibidos de seguir viagem nesta ter\u00e7a-feira (09\/01\/2018) ap\u00f3s abordagem da Pol\u00edcia Rodovi\u00e1ria Federal em Caratinga, no Vale do Rio Doce. Segundo informa\u00e7\u00f5es da PRF, dois ve\u00edculos estavam com documentos vencidos desde 2015. Um terceiro est\u00e1 com documenta\u00e7\u00e3o atrasada desde 2016. \u201cOs tac\u00f3grafos, esp\u00e9cie de caixa-preta dos \u00f4nibus, est\u00e3o com [&hellip;]<\/p>\n","protected":false},"author":1,"featured_media":126052,"comment_status":"open","ping_status":"closed","sticky":false,"template":"","format":"standard","meta":{"amp_status":"","footnotes":""},"categories":[121],"tags":[166956,166958,237,86438,1516,166957,1104,6531,12802,2382,164,166959,101455],"class_list":["post-126049","post","type-post","status-publish","format-standard","has-post-thumbnail","hentry","category-leste","tag-apreensao-de-onibus-da-itapemirim","tag-apreensao-de-onibus-da-itapemirim-em-caratinga","tag-caratinga","tag-itapemirim","tag-mantena","tag-onibus-da-itapemirim-apreendido","tag-rio-de-janeiro","tag-salvador","tag-sao-jose-dos-campos","tag-sao-paulo","tag-teofilo-otoni","tag-tres-onibus-da-viacao-itapemirim-sao-apreendidos-pela-prf-em-caratinga","tag-viacao-itapemirim"],"_links":{"self":[{"href":"https:\/\/aconteceunovale.com.br\/portal\/index.php?rest_route=\/wp\/v2\/posts\/126049","targetHints":{"allow":["GET"]}}],"collection":[{"href":"https:\/\/aconteceunovale.com.br\/portal\/index.php?rest_route=\/wp\/v2\/posts"}],"about":[{"href":"https:\/\/aconteceunovale.com.br\/portal\/index.php?rest_route=\/wp\/v2\/types\/post"}],"author":[{"embeddable":true,"href":"https:\/\/aconteceunovale.com.br\/portal\/index.php?rest_route=\/wp\/v2\/users\/1"}],"replies":[{"embeddable":true,"href":"https:\/\/aconteceunovale.com.br\/portal\/index.php?rest_route=%2Fwp%2Fv2%2Fcomments&post=126049"}],"version-history":[{"count":0,"href":"https:\/\/aconteceunovale.com.br\/portal\/index.php?rest_route=\/wp\/v2\/posts\/126049\/revisions"}],"wp:featuredmedia":[{"embeddable":true,"href":"https:\/\/aconteceunovale.com.br\/portal\/index.php?rest_route=\/wp\/v2\/media\/126052"}],"wp:attachment":[{"href":"https:\/\/aconteceunovale.com.br\/portal\/index.php?rest_route=%2Fwp%2Fv2%2Fmedia&parent=126049"}],"wp:term":[{"taxonomy":"category","embeddable":true,"href":"https:\/\/aconteceunovale.com.br\/portal\/index.php?rest_route=%2Fwp%2Fv2%2Fcategories&post=126049"},{"taxonomy":"post_tag","embeddable":true,"href":"https:\/\/aconteceunovale.com.br\/portal\/index.php?rest_route=%2Fwp%2Fv2%2Ftags&post=126049"}],"curies":[{"name":"wp","href":"https:\/\/api.w.org\/{rel}","templated":true}]}}