{"id":126044,"date":"2018-01-09T22:04:49","date_gmt":"2018-01-10T00:04:49","guid":{"rendered":"http:\/\/aconteceunovale.com.br\/portal\/?p=126044"},"modified":"2018-01-09T22:04:49","modified_gmt":"2018-01-10T00:04:49","slug":"governo-federal-extingue-60-mil-cargos-vagos-ou-que-dependeriam-de-concurso","status":"publish","type":"post","link":"https:\/\/aconteceunovale.com.br\/portal\/?p=126044","title":{"rendered":"Governo federal extingue 60 mil cargos vagos ou que dependeriam de concurso"},"content":{"rendered":"<p>O governo federal formalizou nesta ter\u00e7a-feira (9\/1\/2018) a extin\u00e7\u00e3o de 60,9 mil cargos da administra\u00e7\u00e3o p\u00fablica que j\u00e1 est\u00e3o vagos ou que dependeriam de novos concursos p\u00fablicos. O decreto do presidente Michel Temer com detalhes sobre os cargos que ser\u00e3o extintos, referentes a diversos \u00f3rg\u00e3os, ser\u00e1 publicado amanh\u00e3 (10) no Di\u00e1rio Oficial da Uni\u00e3o e deve passar a valer at\u00e9 mar\u00e7o deste ano.<\/p>\n<p>A maioria da redu\u00e7\u00e3o das despesas com pessoal est\u00e1 relacionada \u00e0 extin\u00e7\u00e3o de cargos atualmente vagos. \u00c9 o caso de agentes administrativos de minist\u00e9rios, odont\u00f3logos, auxiliares de enfermagem e agentes de sa\u00fade p\u00fablica da Funda\u00e7\u00e3o Nacional de Sa\u00fade (Funasa), na qual deixar\u00e3o de existir 5 mil cargos. Fun\u00e7\u00f5es que hoje n\u00e3o s\u00e3o mais exercidas tamb\u00e9m est\u00e3o na lista, como datil\u00f3grafos, agente de microfilmagem, perfurador digital, que s\u00e3o quadros da Imprensa Nacional.<\/p>\n<p>A medida foi anunciada em agosto do ano passado. Na ocasi\u00e3o, o minist\u00e9rio do Planejamento afirmou que, como os postos j\u00e1 est\u00e3o desocupados, a extin\u00e7\u00e3o n\u00e3o geraria impacto econ\u00f4mico de imediato, mas evitaria o aumento de gastos no futuro. Outros cargos que devem ficar vagos no futuro tamb\u00e9m est\u00e3o inclu\u00eddos no decreto.<\/p>\n<p>Outra mudan\u00e7a, que entra em vigor automaticamente \u00e9 a proibi\u00e7\u00e3o de novos concursos p\u00fablicos ou a amplia\u00e7\u00e3o do n\u00famero de vagas adicionais em rela\u00e7\u00e3o ao que foi previsto inicialmente nos editais. Trata-se de planos de carreira para discotec\u00e1rio, guarda florestal, fotogravador, seringueiro, t\u00e9cnico em refrigera\u00e7\u00e3o, economista dom\u00e9stico e revisor de textos, dentre v\u00e1rios outros.<\/p>\n<p><strong>VER PRIMEIRO<\/strong><\/p>\n<p>Receba as not\u00edcias do Aconteceu no Vale em primeira m\u00e3o. Clique em curtir no endere\u00e7o <a href=\"https:\/\/www.facebook.com\/aconteceunovale\" target=\"_blank\"><font color=\"red\">www.facebook.com\/aconteceunovale<\/font><\/a> ou no box abaixo:<\/p>\n<div class=\"fb-like\" data-href=\"https:\/\/www.facebook.com\/aconteceunovale\" data-width=\"120\" data-layout=\"standard\" data-action=\"like\" data-size=\"small\" data-show-faces=\"true\" data-share=\"true\"><\/div>\n<p><\/br><\/p>\n<p><em>(Fonte: Ag\u00eancia Brasil)<\/em><\/p>\n","protected":false},"excerpt":{"rendered":"<p>O governo federal formalizou nesta ter\u00e7a-feira (9\/1\/2018) a extin\u00e7\u00e3o de 60,9 mil cargos da administra\u00e7\u00e3o p\u00fablica que j\u00e1 est\u00e3o vagos ou que dependeriam de novos concursos p\u00fablicos. O decreto do presidente Michel Temer com detalhes sobre os cargos que ser\u00e3o extintos, referentes a diversos \u00f3rg\u00e3os, ser\u00e1 publicado amanh\u00e3 (10) no Di\u00e1rio Oficial da Uni\u00e3o e [&hellip;]<\/p>\n","protected":false},"author":1,"featured_media":105121,"comment_status":"open","ping_status":"closed","sticky":false,"template":"","format":"standard","meta":{"amp_status":"","footnotes":""},"categories":[6,40237,40236],"tags":[372,20292,166946,166945,166947],"class_list":["post-126044","post","type-post","status-publish","format-standard","has-post-thumbnail","hentry","category-br","category-concursos","category-empregos-2","tag-administracao-publica","tag-concurso","tag-extincao-de-cargos","tag-governo-extingue-60-mil-cargos-vagos-ou-que-dependeriam-de-concurso","tag-governo-federal-extingue-60-mil-cargos-vagos-ou-que-dependeriam-de-concurso"],"_links":{"self":[{"href":"https:\/\/aconteceunovale.com.br\/portal\/index.php?rest_route=\/wp\/v2\/posts\/126044","targetHints":{"allow":["GET"]}}],"collection":[{"href":"https:\/\/aconteceunovale.com.br\/portal\/index.php?rest_route=\/wp\/v2\/posts"}],"about":[{"href":"https:\/\/aconteceunovale.com.br\/portal\/index.php?rest_route=\/wp\/v2\/types\/post"}],"author":[{"embeddable":true,"href":"https:\/\/aconteceunovale.com.br\/portal\/index.php?rest_route=\/wp\/v2\/users\/1"}],"replies":[{"embeddable":true,"href":"https:\/\/aconteceunovale.com.br\/portal\/index.php?rest_route=%2Fwp%2Fv2%2Fcomments&post=126044"}],"version-history":[{"count":0,"href":"https:\/\/aconteceunovale.com.br\/portal\/index.php?rest_route=\/wp\/v2\/posts\/126044\/revisions"}],"wp:featuredmedia":[{"embeddable":true,"href":"https:\/\/aconteceunovale.com.br\/portal\/index.php?rest_route=\/wp\/v2\/media\/105121"}],"wp:attachment":[{"href":"https:\/\/aconteceunovale.com.br\/portal\/index.php?rest_route=%2Fwp%2Fv2%2Fmedia&parent=126044"}],"wp:term":[{"taxonomy":"category","embeddable":true,"href":"https:\/\/aconteceunovale.com.br\/portal\/index.php?rest_route=%2Fwp%2Fv2%2Fcategories&post=126044"},{"taxonomy":"post_tag","embeddable":true,"href":"https:\/\/aconteceunovale.com.br\/portal\/index.php?rest_route=%2Fwp%2Fv2%2Ftags&post=126044"}],"curies":[{"name":"wp","href":"https:\/\/api.w.org\/{rel}","templated":true}]}}