{"id":126035,"date":"2018-01-09T17:41:12","date_gmt":"2018-01-09T19:41:12","guid":{"rendered":"http:\/\/aconteceunovale.com.br\/portal\/?p=126035"},"modified":"2018-01-09T17:41:12","modified_gmt":"2018-01-09T19:41:12","slug":"motorista-de-caminhao-morre-em-acidente-na-serra-de-capetinga","status":"publish","type":"post","link":"https:\/\/aconteceunovale.com.br\/portal\/?p=126035","title":{"rendered":"Motorista de caminh\u00e3o morre em acidente na serra de Capetinga"},"content":{"rendered":"<p>O motorista de um caminh\u00e3o morreu ap\u00f3s um acidente com uma carreta na tarde desta segunda-feira (08\/01\/2018). A batida aconteceu no quil\u00f4metro 25 da MG-344, em um trecho de serra do munic\u00edpio de Capetinga (MG).<\/p>\n<p>Segundo a Pol\u00edcia Militar Rodovi\u00e1ria de Passos, que atendeu a ocorr\u00eancia, uma carreta bi-trem descia a serra, quando derrapou na pista molhada e bateu contra a frente e a lateral do caminh\u00e3o que subia sentido estado de S\u00e3o Paulo.<\/p>\n<p>Parte do ba\u00fa do caminh\u00e3o atingido foi arrancada e a carga de caixas t\u00e9rmicas ficou espalhada pela rodovia. O tr\u00e2nsito ficou em pista \u00fanica por cinco horas.<\/p>\n<p>O Corpo de Bombeiros de Passos foi acionado para retirar o motorista do caminh\u00e3o, Daniel Morais da Silva, de 55 anos, que ficou preso \u00e0s ferragens. Ele foi retirado, mas morreu ainda no local do acidente. O motorista da carreta n\u00e3o ficou ferido.<\/p>\n<p><img decoding=\"async\" src=\"http:\/\/aconteceunovale.com.br\/portal\/wp-content\/uploads\/2018\/01\/acidente_capetinga.gif\" alt=\"\" \/><em>Motorista morreu em acidente na serra de Capetinga (Foto: Reprodu\u00e7\u00e3o\/Redes Sociais)<\/em><br \/>\n<\/br><\/p>\n<p><strong>VER PRIMEIRO<\/strong><\/p>\n<p>Receba as not\u00edcias do Aconteceu no Vale em primeira m\u00e3o. Clique em curtir no endere\u00e7o <a href=\"https:\/\/www.facebook.com\/aconteceunovale\" target=\"_blank\"><font color=\"red\">www.facebook.com\/aconteceunovale<\/font><\/a> ou no box abaixo:<\/p>\n<div class=\"fb-like\" data-href=\"https:\/\/www.facebook.com\/aconteceunovale\" data-width=\"120\" data-layout=\"standard\" data-action=\"like\" data-size=\"small\" data-show-faces=\"true\" data-share=\"true\"><\/div>\n<p><\/br><\/p>\n<p><em>(Fonte: G1 Sul de Minas)<\/em><\/p>\n","protected":false},"excerpt":{"rendered":"<p>O motorista de um caminh\u00e3o morreu ap\u00f3s um acidente com uma carreta na tarde desta segunda-feira (08\/01\/2018). A batida aconteceu no quil\u00f4metro 25 da MG-344, em um trecho de serra do munic\u00edpio de Capetinga (MG). Segundo a Pol\u00edcia Militar Rodovi\u00e1ria de Passos, que atendeu a ocorr\u00eancia, uma carreta bi-trem descia a serra, quando derrapou na [&hellip;]<\/p>\n","protected":false},"author":1,"featured_media":126036,"comment_status":"open","ping_status":"closed","sticky":false,"template":"","format":"standard","meta":{"amp_status":"","footnotes":""},"categories":[123],"tags":[166932,166930,166931,55101,166933,166934,213],"class_list":["post-126035","post","type-post","status-publish","format-standard","has-post-thumbnail","hentry","category-gerais","tag-acidente-com-caminhoes-em-capetinga","tag-acidente-em-capetinga","tag-acidente-entre-caminhoes-em-capetinga","tag-capetinga","tag-daniel-morais-da-silva","tag-motorista-de-caminhao-morre-em-acidente-na-serra-de-capetinga","tag-passos"],"_links":{"self":[{"href":"https:\/\/aconteceunovale.com.br\/portal\/index.php?rest_route=\/wp\/v2\/posts\/126035","targetHints":{"allow":["GET"]}}],"collection":[{"href":"https:\/\/aconteceunovale.com.br\/portal\/index.php?rest_route=\/wp\/v2\/posts"}],"about":[{"href":"https:\/\/aconteceunovale.com.br\/portal\/index.php?rest_route=\/wp\/v2\/types\/post"}],"author":[{"embeddable":true,"href":"https:\/\/aconteceunovale.com.br\/portal\/index.php?rest_route=\/wp\/v2\/users\/1"}],"replies":[{"embeddable":true,"href":"https:\/\/aconteceunovale.com.br\/portal\/index.php?rest_route=%2Fwp%2Fv2%2Fcomments&post=126035"}],"version-history":[{"count":0,"href":"https:\/\/aconteceunovale.com.br\/portal\/index.php?rest_route=\/wp\/v2\/posts\/126035\/revisions"}],"wp:featuredmedia":[{"embeddable":true,"href":"https:\/\/aconteceunovale.com.br\/portal\/index.php?rest_route=\/wp\/v2\/media\/126036"}],"wp:attachment":[{"href":"https:\/\/aconteceunovale.com.br\/portal\/index.php?rest_route=%2Fwp%2Fv2%2Fmedia&parent=126035"}],"wp:term":[{"taxonomy":"category","embeddable":true,"href":"https:\/\/aconteceunovale.com.br\/portal\/index.php?rest_route=%2Fwp%2Fv2%2Fcategories&post=126035"},{"taxonomy":"post_tag","embeddable":true,"href":"https:\/\/aconteceunovale.com.br\/portal\/index.php?rest_route=%2Fwp%2Fv2%2Ftags&post=126035"}],"curies":[{"name":"wp","href":"https:\/\/api.w.org\/{rel}","templated":true}]}}