{"id":126016,"date":"2018-01-09T11:27:02","date_gmt":"2018-01-09T13:27:02","guid":{"rendered":"http:\/\/aconteceunovale.com.br\/portal\/?p=126016"},"modified":"2018-01-09T11:27:02","modified_gmt":"2018-01-09T13:27:02","slug":"parques-ambientais-de-minas-gerais-oferecem-atrativos-diversos-a-todo-o-publico","status":"publish","type":"post","link":"https:\/\/aconteceunovale.com.br\/portal\/?p=126016","title":{"rendered":"Parques ambientais de Minas Gerais oferecem atrativos diversos a todo o p\u00fablico"},"content":{"rendered":"<p>Minas Gerais tem dimens\u00f5es territoriais que se igualam ao tamanho de alguns pa\u00edses. Tamanha extens\u00e3o abriga paisagens das mais diversas. Muitas dessas belezas est\u00e3o localizadas nos parques estaduais. Ao todo, s\u00e3o 39 unidades, sob gest\u00e3o e manuten\u00e7\u00e3o do\u00a0Instituto Estadual de Florestas (IEF).<\/p>\n<p>Entre relevos e vegeta\u00e7\u00f5es diversas, molduras de paisagens \u00edmpares, a Ag\u00eancia Minas Gerais\u00a0elencou tr\u00eas desses parques para dar destaque. O primeiro deles, Parque da Lapa Grande, fica no Territ\u00f3rio Norte do estado. Os principais atrativos s\u00e3o as 62 cavidades registradas na reserva. Essas grutas atraem n\u00e3o s\u00f3 estudiosos da espeleologia, como tamb\u00e9m turistas procurando um local diferente.<\/p>\n<p>Al\u00e9m do potencial tur\u00edstico, h\u00e1 tamb\u00e9m uma fun\u00e7\u00e3o social. O Lapa Grande abriga mananciais respons\u00e1veis pelo abastecimento de \u00e1gua de aproximadamente 35% da popula\u00e7\u00e3o da regi\u00e3o de Montes Claros, cidade que fica a 12 quil\u00f4metros do parque.<\/p>\n<p>De ter\u00e7a a sexta, o parque se dedica a receber visitas agendadas, especialmente de institui\u00e7\u00f5es de ensino e ONG\u2019s. A analista ambiental e gerente da unidade, Elis\u00e2ngela Alves Mota Chinelato, destaca o car\u00e1ter positivo dessa rotina.<\/p>\n<p>\u201cA vantagem dessas visitas agendadas, de cunho educativo, \u00e9 que, ao estar diante dessas belezas naturais que enchem os olhos, at\u00e9 pessoas que n\u00e3o tinham tanta consci\u00eancia ambiental passam a ter um carinho maior por esses lugares de preserva\u00e7\u00e3o\u201d, diz Elis\u00e2ngela.<\/p>\n<p>Com uma caracter\u00edstica\u00a0diferente, encontra-se o Parque Estadual do Rio Preto, pr\u00f3ximo \u00e0 Diamantina, no Territ\u00f3rio Alto\u00a0Jequitinhonha. Com cachoeiras e piscinas naturais que exibem uma \u00e1gua de cor negramente transl\u00facida, da\u00ed o nome do lugar, as belezas formam esp\u00e9cie de praia mineira, com areias brancas e \u00e1guas fartas.<\/p>\n<p>Diferentemente do Lapa Grande, que n\u00e3o tem infraestrutura para acomoda\u00e7\u00e3o de turistas, no Rio Preto as condi\u00e7\u00f5es s\u00e3o completas: inclui portaria, estacionamento e restaurante. O Centro de Visitantes possui um audit\u00f3rio para 70 pessoas, duas salas de reuni\u00e3o para 30 pessoas cada e uma sala para exposi\u00e7\u00f5es.<\/p>\n<p>Os 12 alojamentos podem abrigar at\u00e9 52 pessoas e a \u00e1rea de camping comporta at\u00e9 25 barracas e possui quiosques, churrasqueiras, lavat\u00f3rio de vasilhames, vesti\u00e1rios e fonte de \u00e1gua pot\u00e1vel.<\/p>\n<p>Na regi\u00e3o do Circuito das \u00c1guas de Minas Gerais localiza-se o Parque Estadual de Nova Baden, no Territ\u00f3rio Sul. Diferentemente dos acima citados, os maiores atrativos s\u00e3o mais aventureiros, com muitas trilhas, como a de Sete Quedas, que chega \u00e0 cachoeira de mesmo nome, a dos Troncos e a dos Palmitos.\u00a0 A \u00e1gua tamb\u00e9m \u00e9 importante elemento da composi\u00e7\u00e3o de paisagens.<\/p>\n<p><img decoding=\"async\" src=\"http:\/\/aconteceunovale.com.br\/portal\/wp-content\/uploads\/2018\/01\/parque_rio_preto.jpg\" alt=\"\" \/><em>O Parque Estadual do Rio Preto, no Alto Jequitinhonha (Evandro Rodney\/Ag\u00eancia Minas)<\/em><br \/>\n<\/br><\/p>\n<p><strong>Servi\u00e7o:<\/strong><\/p>\n<p><strong>Parque da Lapa Grande<\/strong><\/p>\n<p><strong>Endere\u00e7o:<\/strong>\u00a0Jos\u00e9 Corr\u00eaa Machado, s\/n &#8211; Bairro Ibituruna, Montes Claros\/MG, CEP 3224-7500<\/p>\n<p><strong>Telefone:<\/strong>\u00a0(38) 32247550<\/p>\n<p><strong>Parque do Rio Preto<\/strong><\/p>\n<p><strong>Endere\u00e7o:<\/strong>\u00a0Estrada vicinal que liga o munic\u00edpio de S\u00e3o Gon\u00e7alo do Rio Preto \u00e0 comunidade de Santo Ant\u00f4nio. Km 15 \u2013 S\u00e3o Gon\u00e7alo do Rio Preto\/MG &#8211; CEP 39.185-000<\/p>\n<p>Os alojamentos e a \u00e1rea de camping devem ser reservados com anteced\u00eancia junto \u00e0 administra\u00e7\u00e3o do parque.<\/p>\n<p><strong>Visita\u00e7\u00e3o:<\/strong>\u00a0de ter\u00e7a a domingo, das 7h \u00e0s 17h<\/p>\n<p><strong>Telefone:<\/strong>\u00a0(38) 99765621<\/p>\n<p><strong>Parque Nova Baden<\/strong><\/p>\n<p><strong>Hor\u00e1rio de funcionamento:\u00a0<\/strong>das 08h \u00e0s 17h (ter\u00e7a a domingo e feriados)<\/p>\n<p><strong>Telefone:<\/strong>\u00a0(35) 3271-1338<\/p>\n<p><strong>Como chegar:<\/strong><\/p>\n<p>Saindo de Belo Horizonte, seguir pela BR 381 (Rodovia Fern\u00e3o Dias) no sentido S\u00e3o Paulo at\u00e9 o trevo para Cambuquira. A partir da\u00ed, prosseguir pela MG 267 at\u00e9 o munic\u00edpio Lambari.<\/p>\n<p><strong>VER PRIMEIRO<\/strong><\/p>\n<p>Receba as not\u00edcias do Aconteceu no Vale em primeira m\u00e3o. Clique em curtir no endere\u00e7o <a href=\"https:\/\/www.facebook.com\/aconteceunovale\" target=\"_blank\"><font color=\"red\">www.facebook.com\/aconteceunovale<\/font><\/a> ou no box abaixo:<\/p>\n<div class=\"fb-like\" data-href=\"https:\/\/www.facebook.com\/aconteceunovale\" data-width=\"120\" data-layout=\"standard\" data-action=\"like\" data-size=\"small\" data-show-faces=\"true\" data-share=\"true\"><\/div>\n<p><\/br><\/p>\n<p><em>(Fonte: Ag\u00eancia Minas)<\/em><\/p>\n","protected":false},"excerpt":{"rendered":"<p>Minas Gerais tem dimens\u00f5es territoriais que se igualam ao tamanho de alguns pa\u00edses. Tamanha extens\u00e3o abriga paisagens das mais diversas. Muitas dessas belezas est\u00e3o localizadas nos parques estaduais. Ao todo, s\u00e3o 39 unidades, sob gest\u00e3o e manuten\u00e7\u00e3o do\u00a0Instituto Estadual de Florestas (IEF). Entre relevos e vegeta\u00e7\u00f5es diversas, molduras de paisagens \u00edmpares, a Ag\u00eancia Minas Gerais\u00a0elencou [&hellip;]<\/p>\n","protected":false},"author":1,"featured_media":126017,"comment_status":"open","ping_status":"closed","sticky":false,"template":"","format":"standard","meta":{"amp_status":"","footnotes":""},"categories":[123,1236,120],"tags":[1620,166903,198,166901,147371,748,38221,210,166900,18134,76446,20760,166904,783,69428,166902],"class_list":["post-126016","post","type-post","status-publish","format-standard","has-post-thumbnail","hentry","category-gerais","category-norte_de_minas","category-jequi","tag-cambuquira","tag-circuito-das-aguas-de-minas-gerais","tag-diamantina","tag-ecoturismo-minas-gerais","tag-elisangela-alves-mota-chinelato","tag-ief","tag-instituto-estadual-de-florestas","tag-montes-claros","tag-natureza-minas-gerais","tag-parque-da-lapa-grande","tag-parque-estadual-de-nova-baden","tag-parque-estadual-do-rio-preto","tag-parques-ambientais-de-minas-gerais-oferecem-atrativos-diversos-a-todo-o-publico","tag-sao-goncalo-do-rio-preto","tag-turismo-minas-gerais","tag-turismo-natural-minas-gerais"],"_links":{"self":[{"href":"https:\/\/aconteceunovale.com.br\/portal\/index.php?rest_route=\/wp\/v2\/posts\/126016","targetHints":{"allow":["GET"]}}],"collection":[{"href":"https:\/\/aconteceunovale.com.br\/portal\/index.php?rest_route=\/wp\/v2\/posts"}],"about":[{"href":"https:\/\/aconteceunovale.com.br\/portal\/index.php?rest_route=\/wp\/v2\/types\/post"}],"author":[{"embeddable":true,"href":"https:\/\/aconteceunovale.com.br\/portal\/index.php?rest_route=\/wp\/v2\/users\/1"}],"replies":[{"embeddable":true,"href":"https:\/\/aconteceunovale.com.br\/portal\/index.php?rest_route=%2Fwp%2Fv2%2Fcomments&post=126016"}],"version-history":[{"count":0,"href":"https:\/\/aconteceunovale.com.br\/portal\/index.php?rest_route=\/wp\/v2\/posts\/126016\/revisions"}],"wp:featuredmedia":[{"embeddable":true,"href":"https:\/\/aconteceunovale.com.br\/portal\/index.php?rest_route=\/wp\/v2\/media\/126017"}],"wp:attachment":[{"href":"https:\/\/aconteceunovale.com.br\/portal\/index.php?rest_route=%2Fwp%2Fv2%2Fmedia&parent=126016"}],"wp:term":[{"taxonomy":"category","embeddable":true,"href":"https:\/\/aconteceunovale.com.br\/portal\/index.php?rest_route=%2Fwp%2Fv2%2Fcategories&post=126016"},{"taxonomy":"post_tag","embeddable":true,"href":"https:\/\/aconteceunovale.com.br\/portal\/index.php?rest_route=%2Fwp%2Fv2%2Ftags&post=126016"}],"curies":[{"name":"wp","href":"https:\/\/api.w.org\/{rel}","templated":true}]}}