{"id":126013,"date":"2018-01-08T23:24:38","date_gmt":"2018-01-09T01:24:38","guid":{"rendered":"http:\/\/aconteceunovale.com.br\/portal\/?p=126013"},"modified":"2018-01-08T23:24:38","modified_gmt":"2018-01-09T01:24:38","slug":"see-mg-divulga-novo-cronograma-para-processo-de-designacao-em-2018","status":"publish","type":"post","link":"https:\/\/aconteceunovale.com.br\/portal\/?p=126013","title":{"rendered":"SEE-MG divulga novo cronograma para processo de designa\u00e7\u00e3o em 2018"},"content":{"rendered":"<p>A Secretaria de Estado de Educa\u00e7\u00e3o de Minas Gerais (SEE-MG) divulgou no Di\u00e1rio Oficial Minas Gerais de s\u00e1bado (6\/1) a altera\u00e7\u00e3o do cronograma a ser cumprido no processo de designa\u00e7\u00e3o para o exerc\u00edcio da fun\u00e7\u00e3o p\u00fablica na Rede Estadual de Educa\u00e7\u00e3o B\u00e1sica em 2018, conforme disposi\u00e7\u00f5es da Resolu\u00e7\u00e3o SEE n\u00ba 3660\/2017, que estabelece normas para a designa\u00e7\u00e3o e a organiza\u00e7\u00e3o do Quadro de Pessoal das Escolas Estaduais.<\/p>\n<p>As Superintend\u00eancias Regionais (SRE), as unidades de ensino e as unidades administrativas do \u00d3rg\u00e3o Central envolvidas direta e indiretamente no processo de designa\u00e7\u00e3o devem ficar atentas aos novos prazos.<\/p>\n<p><strong>Novo Cronograma para Processo de Designa\u00e7\u00e3o 2018:<\/strong><\/p>\n<p><img decoding=\"async\" src=\"http:\/\/aconteceunovale.com.br\/portal\/wp-content\/uploads\/2018\/01\/designacao_18.jpg\" alt=\"\" \/><br \/>\n<\/br><\/p>\n<p><strong>VER PRIMEIRO<\/strong><\/p>\n<p>Receba as not\u00edcias do Aconteceu no Vale em primeira m\u00e3o. Clique em curtir no endere\u00e7o <a href=\"https:\/\/www.facebook.com\/aconteceunovale\" target=\"_blank\"><font color=\"red\">www.facebook.com\/aconteceunovale<\/font><\/a> ou no box abaixo:<\/p>\n<div class=\"fb-like\" data-href=\"https:\/\/www.facebook.com\/aconteceunovale\" data-width=\"120\" data-layout=\"standard\" data-action=\"like\" data-size=\"small\" data-show-faces=\"true\" data-share=\"true\"><\/div>\n<p><\/br><\/p>\n<p><em>(Fonte: Ag\u00eancia Minas)<\/em><\/p>\n","protected":false},"excerpt":{"rendered":"<p>A Secretaria de Estado de Educa\u00e7\u00e3o de Minas Gerais (SEE-MG) divulgou no Di\u00e1rio Oficial Minas Gerais de s\u00e1bado (6\/1) a altera\u00e7\u00e3o do cronograma a ser cumprido no processo de designa\u00e7\u00e3o para o exerc\u00edcio da fun\u00e7\u00e3o p\u00fablica na Rede Estadual de Educa\u00e7\u00e3o B\u00e1sica em 2018, conforme disposi\u00e7\u00f5es da Resolu\u00e7\u00e3o SEE n\u00ba 3660\/2017, que estabelece normas para [&hellip;]<\/p>\n","protected":false},"author":1,"featured_media":126014,"comment_status":"open","ping_status":"closed","sticky":false,"template":"","format":"standard","meta":{"amp_status":"","footnotes":""},"categories":[40238,123],"tags":[166898,133843,162784,162786,166896,133851,166897,30838,133841,166899],"class_list":["post-126013","post","type-post","status-publish","format-standard","has-post-thumbnail","hentry","category-educacao-2","category-gerais","tag-cronograma-para-processo-de-designacao-2018","tag-designacao","tag-designacao-2018","tag-designacao-2018-em-minas-gerais","tag-designacao-da-secretaria-de-estado-de-educacao-de-minas-gerais","tag-designacao-da-see-mg","tag-designacao-governo-de-minas","tag-secretaria-de-estado-de-educacao-de-minas-gerais","tag-see-mg","tag-see-mg-divulga-novo-cronograma-para-processo-de-designacao-em-2018"],"_links":{"self":[{"href":"https:\/\/aconteceunovale.com.br\/portal\/index.php?rest_route=\/wp\/v2\/posts\/126013","targetHints":{"allow":["GET"]}}],"collection":[{"href":"https:\/\/aconteceunovale.com.br\/portal\/index.php?rest_route=\/wp\/v2\/posts"}],"about":[{"href":"https:\/\/aconteceunovale.com.br\/portal\/index.php?rest_route=\/wp\/v2\/types\/post"}],"author":[{"embeddable":true,"href":"https:\/\/aconteceunovale.com.br\/portal\/index.php?rest_route=\/wp\/v2\/users\/1"}],"replies":[{"embeddable":true,"href":"https:\/\/aconteceunovale.com.br\/portal\/index.php?rest_route=%2Fwp%2Fv2%2Fcomments&post=126013"}],"version-history":[{"count":0,"href":"https:\/\/aconteceunovale.com.br\/portal\/index.php?rest_route=\/wp\/v2\/posts\/126013\/revisions"}],"wp:featuredmedia":[{"embeddable":true,"href":"https:\/\/aconteceunovale.com.br\/portal\/index.php?rest_route=\/wp\/v2\/media\/126014"}],"wp:attachment":[{"href":"https:\/\/aconteceunovale.com.br\/portal\/index.php?rest_route=%2Fwp%2Fv2%2Fmedia&parent=126013"}],"wp:term":[{"taxonomy":"category","embeddable":true,"href":"https:\/\/aconteceunovale.com.br\/portal\/index.php?rest_route=%2Fwp%2Fv2%2Fcategories&post=126013"},{"taxonomy":"post_tag","embeddable":true,"href":"https:\/\/aconteceunovale.com.br\/portal\/index.php?rest_route=%2Fwp%2Fv2%2Ftags&post=126013"}],"curies":[{"name":"wp","href":"https:\/\/api.w.org\/{rel}","templated":true}]}}