{"id":126010,"date":"2018-01-08T23:19:41","date_gmt":"2018-01-09T01:19:41","guid":{"rendered":"http:\/\/aconteceunovale.com.br\/portal\/?p=126010"},"modified":"2018-01-08T23:19:41","modified_gmt":"2018-01-09T01:19:41","slug":"carnaval-em-ouro-preto-tera-nego-do-borel-pabllo-vittar-e-mc-kevinho","status":"publish","type":"post","link":"https:\/\/aconteceunovale.com.br\/portal\/?p=126010","title":{"rendered":"Carnaval em Ouro Preto ter\u00e1 Nego do Borel, Pabllo Vittar e Mc Kevinho"},"content":{"rendered":"<p>Diante da consolida\u00e7\u00e3o do Carnaval em Belo Horizonte, que no ano passado arrastou 3,5 milh\u00f5es de pessoas pelas ruas da cidade, atraindo mais de 500 mil turistas, os organizadores da folia em Ouro Preto, na regi\u00e3o Central de Minas, preparam uma festa que promete rivalizar com a da capital.<\/p>\n<p>Para levar de volta os foli\u00f5es \u00e0s ladeiras da cidade hist\u00f3rica, que tem um dos carnavais mais tradicionais do pa\u00eds, mas nos \u00faltimos anos perdeu milhares de turistas para BH e outras cidades, a Liga dos Blocos de Carnaval de Ouro Preto anunciou nesta segunda-feira (8\/1\/2018) algumas das atra\u00e7\u00f5es para a festa deste ano. Entre elas, destacam-se Pabllo Vittar, Mc Livinho, Mc Kevinho, Nego do Borel, Molejo, Tuca Fernandes, Alexandre Peixe e Felguk.<\/p>\n<p>Criada em 2005, pela uni\u00e3o dos Blocos do Caix\u00e3o, Cabrobr\u00f3, da Praia e Chapado, a Liga dos Blocos de Carnaval de Ouro Preto vem, desde ent\u00e3o, promovendo o carnaval no Espa\u00e7o Folia, com atra\u00e7\u00f5es de nome nacional.<\/p>\n<p>Com pacotes fechados para pista e camarote, a Liga dos Blocos oferece formas diferentes de curtir a folia, o que permite a experi\u00eancia de liberdade e de identidade de cada um de seus blocos formadores, mas tamb\u00e9m a possibilidade de viver festas diferentes.<\/p>\n<p>H\u00e1 dois ambientes: a pista e o camarote, cada um deles com um tipo de benef\u00edcios para os foli\u00f5es. Al\u00e9m das atra\u00e7\u00f5es garantidas por cada bloco, seguran\u00e7a privada e toda a infraestrutura necess\u00e1ria para uma festa memor\u00e1vel est\u00e3o garantidas.<\/p>\n<p><strong>Confira as atra\u00e7\u00f5es confirmadas:<\/strong><\/p>\n<p>10\/02 (s\u00e1bado) \u2013 Bloco do Caix\u00e3o<br \/>\nMC Lan, Pabllo Vittar, MC Livinho e DJ Yuri Martins<\/p>\n<p>11\/02 (domingo) \u2013 Bloco Cabrobr\u00f3<br \/>\nChapeleiro, Nego do Borel e Molejo<\/p>\n<p>12\/02 (segunda) \u2013 Bloco da Praia<br \/>\nMC Kevinho, Alexandre Peixe e Felguk<\/p>\n<p>13\/02 (ter\u00e7a) \u2013 Bloco Chapado<br \/>\nDennis Intense e Tuca Fernandes<\/p>\n<p><img decoding=\"async\" src=\"http:\/\/aconteceunovale.com.br\/portal\/wp-content\/uploads\/2018\/01\/liga_dos_blocos.jpg\" alt=\"\" \/><br \/>\n<\/br><\/p>\n<p><strong>Servi\u00e7o<\/strong><\/p>\n<p>Carnaval da Liga dos Blocos de Ouro Preto<br \/>\nDe 10 a 13 de fevereiro de 2018<br \/>\nNo Espa\u00e7o Folia \u2013 Ouro Preto\/MG<br \/>\nVenda do Passaporte para os quatro dias de festa: <a href=\"https:\/\/www.sympla.com.br\/ligadosblocosOP\" target=\"_blank\">https:\/\/www.sympla.com.br\/ligadosblocosOP<\/a><\/p>\n<p><strong>VER PRIMEIRO<\/strong><\/p>\n<p>Receba as not\u00edcias do Aconteceu no Vale em primeira m\u00e3o. Clique em curtir no endere\u00e7o <a href=\"https:\/\/www.facebook.com\/aconteceunovale\" target=\"_blank\"><font color=\"red\">www.facebook.com\/aconteceunovale<\/font><\/a> ou no box abaixo:<\/p>\n<div class=\"fb-like\" data-href=\"https:\/\/www.facebook.com\/aconteceunovale\" data-width=\"120\" data-layout=\"standard\" data-action=\"like\" data-size=\"small\" data-show-faces=\"true\" data-share=\"true\"><\/div>\n<p><\/br><\/p>\n<p><em>(Via O Tempo)<\/em><\/p>\n","protected":false},"excerpt":{"rendered":"<p>Diante da consolida\u00e7\u00e3o do Carnaval em Belo Horizonte, que no ano passado arrastou 3,5 milh\u00f5es de pessoas pelas ruas da cidade, atraindo mais de 500 mil turistas, os organizadores da folia em Ouro Preto, na regi\u00e3o Central de Minas, preparam uma festa que promete rivalizar com a da capital. Para levar de volta os foli\u00f5es [&hellip;]<\/p>\n","protected":false},"author":1,"featured_media":126011,"comment_status":"open","ping_status":"closed","sticky":false,"template":"","format":"standard","meta":{"amp_status":"","footnotes":""},"categories":[125,123],"tags":[30794,166885,166886,166883,3651,166884,166893,166895,166892,166882,166890,166889,166891,154230,211,165831,166894,166887,166888,43391],"class_list":["post-126010","post","type-post","status-publish","format-standard","has-post-thumbnail","hentry","category-noticias","category-gerais","tag-alexandre-peixe","tag-atracoes-do-carnaval-de-ouro-preto","tag-bandas-do-carnaval-de-ouro-preto","tag-carnaval-2018-em-ouro-preto","tag-carnaval-de-ouro-preto","tag-carnaval-de-ouro-preto-2018","tag-carnaval-em-ouro-preto-tera-nego-do-borel","tag-carnaval-em-ouro-preto-tera-nego-do-borel-pabllo-vittar-e-mc-kevinho","tag-felguk","tag-liga-dos-blocos-de-ouro-preto","tag-mc-kevinho","tag-mc-livinho","tag-molejo","tag-nego-do-borel","tag-ouro-preto","tag-pabllo-vittar","tag-pabllo-vittar-e-mc-kevinho","tag-programacao-do-carnaval-de-ouro-preto","tag-shows-carnaval-de-ouro-preto","tag-tuca-fernandes"],"_links":{"self":[{"href":"https:\/\/aconteceunovale.com.br\/portal\/index.php?rest_route=\/wp\/v2\/posts\/126010","targetHints":{"allow":["GET"]}}],"collection":[{"href":"https:\/\/aconteceunovale.com.br\/portal\/index.php?rest_route=\/wp\/v2\/posts"}],"about":[{"href":"https:\/\/aconteceunovale.com.br\/portal\/index.php?rest_route=\/wp\/v2\/types\/post"}],"author":[{"embeddable":true,"href":"https:\/\/aconteceunovale.com.br\/portal\/index.php?rest_route=\/wp\/v2\/users\/1"}],"replies":[{"embeddable":true,"href":"https:\/\/aconteceunovale.com.br\/portal\/index.php?rest_route=%2Fwp%2Fv2%2Fcomments&post=126010"}],"version-history":[{"count":0,"href":"https:\/\/aconteceunovale.com.br\/portal\/index.php?rest_route=\/wp\/v2\/posts\/126010\/revisions"}],"wp:featuredmedia":[{"embeddable":true,"href":"https:\/\/aconteceunovale.com.br\/portal\/index.php?rest_route=\/wp\/v2\/media\/126011"}],"wp:attachment":[{"href":"https:\/\/aconteceunovale.com.br\/portal\/index.php?rest_route=%2Fwp%2Fv2%2Fmedia&parent=126010"}],"wp:term":[{"taxonomy":"category","embeddable":true,"href":"https:\/\/aconteceunovale.com.br\/portal\/index.php?rest_route=%2Fwp%2Fv2%2Fcategories&post=126010"},{"taxonomy":"post_tag","embeddable":true,"href":"https:\/\/aconteceunovale.com.br\/portal\/index.php?rest_route=%2Fwp%2Fv2%2Ftags&post=126010"}],"curies":[{"name":"wp","href":"https:\/\/api.w.org\/{rel}","templated":true}]}}