{"id":12599,"date":"2013-10-23T20:42:49","date_gmt":"2013-10-23T20:42:49","guid":{"rendered":"http:\/\/aconteceunovale.com.br\/portal\/?p=12599"},"modified":"2013-10-23T20:42:49","modified_gmt":"2013-10-23T20:42:49","slug":"estado-divulga-lista-final-dos-classificados-para-a-segunda-etapa-do-estacao-juventude","status":"publish","type":"post","link":"https:\/\/aconteceunovale.com.br\/portal\/?p=12599","title":{"rendered":"Estado divulga lista final dos classificados para a segunda etapa do Esta\u00e7\u00e3o Juventude"},"content":{"rendered":"<p>Nesta ter\u00e7a-feira (22), a Secretaria de Estado de Esportes e da Juventude (Seej), por meio da Subsecretaria da Juventude, divulgou a lista final de classifica\u00e7\u00e3o da primeira etapa da sele\u00e7\u00e3o do programa Esta\u00e7\u00e3o Juventude. Para a sele\u00e7\u00e3o foram inscritos 428 candidatos e 48 est\u00e3o aptos para a pr\u00f3xima fase, que consiste na convoca\u00e7\u00e3o e no agendamento das entrevistas. Ao todo ser\u00e3o contratados oito pessoas para execu\u00e7\u00e3o do programa. As entrevistas ser\u00e3o realizadas nos dias 29 e 30 de outubro para os que optaram pela regi\u00e3o do M\u00e9dio Jequitinhonha e, em 29 e 31 de outubro, para os da Regi\u00e3o Metropolitana de Belo Horizonte. Os locais e hor\u00e1rios ser\u00e3o comunicados por meio do endere\u00e7o eletr\u00f4nico fornecido no ato da inscri\u00e7\u00e3o.<\/p>\n<p>Segundo o subsecret\u00e1rio da Juventude, Gabriel Azevedo, a a\u00e7\u00e3o tem como finalidade promover a inclus\u00e3o e a emancipa\u00e7\u00e3o dos jovens, com a amplia\u00e7\u00e3o do acesso \u00e0s pol\u00edticas p\u00fablicas em dois \u00f4nibus que percorrer\u00e3o 21 munic\u00edpios mineiros, seguindo itiner\u00e1rio que ser\u00e1 definido pela Seej.\u00a0 \u201cOs contratados ter\u00e3o como atividades media\u00e7\u00e3o de conflitos, assist\u00eancia \u00e0 popula\u00e7\u00e3o, orienta\u00e7\u00e3o de pol\u00edticas p\u00fablicas, realiza\u00e7\u00e3o de oficinas e cursos que abordam temas como inclus\u00e3o social e digital, drogas e sexualidade para os jovens\u201d, explicou.<\/p>\n<p>Outras informa\u00e7\u00f5es podem ser obtidas pelos telefones (31) 3915-4756 ou 3915-4732.<\/p>\n<p>Clique aqui e confira a rela\u00e7\u00e3o dos aprovados para o Esta\u00e7\u00e3o Juventude. (Arquivo em PDF)<\/p>\n<p>Fonte: Ag\u00eancia Minas<\/p>\n","protected":false},"excerpt":{"rendered":"<p>Nesta ter\u00e7a-feira (22), a Secretaria de Estado de Esportes e da Juventude (Seej), por meio da Subsecretaria da Juventude, divulgou a lista final de classifica\u00e7\u00e3o da primeira etapa da sele\u00e7\u00e3o do programa Esta\u00e7\u00e3o Juventude. Para a sele\u00e7\u00e3o foram inscritos 428 candidatos e 48 est\u00e3o aptos para a pr\u00f3xima fase, que consiste na convoca\u00e7\u00e3o e no [&hellip;]<\/p>\n","protected":false},"author":1,"featured_media":12600,"comment_status":"open","ping_status":"open","sticky":false,"template":"","format":"standard","meta":{"amp_status":"","footnotes":""},"categories":[120],"tags":[454,453],"class_list":["post-12599","post","type-post","status-publish","format-standard","has-post-thumbnail","hentry","category-jequi","tag-estacao-juventude","tag-estado-divulga-lista-final-dos-classificados-para-a-segunda-etapa-do-estacao-juventude"],"_links":{"self":[{"href":"https:\/\/aconteceunovale.com.br\/portal\/index.php?rest_route=\/wp\/v2\/posts\/12599","targetHints":{"allow":["GET"]}}],"collection":[{"href":"https:\/\/aconteceunovale.com.br\/portal\/index.php?rest_route=\/wp\/v2\/posts"}],"about":[{"href":"https:\/\/aconteceunovale.com.br\/portal\/index.php?rest_route=\/wp\/v2\/types\/post"}],"author":[{"embeddable":true,"href":"https:\/\/aconteceunovale.com.br\/portal\/index.php?rest_route=\/wp\/v2\/users\/1"}],"replies":[{"embeddable":true,"href":"https:\/\/aconteceunovale.com.br\/portal\/index.php?rest_route=%2Fwp%2Fv2%2Fcomments&post=12599"}],"version-history":[{"count":0,"href":"https:\/\/aconteceunovale.com.br\/portal\/index.php?rest_route=\/wp\/v2\/posts\/12599\/revisions"}],"wp:featuredmedia":[{"embeddable":true,"href":"https:\/\/aconteceunovale.com.br\/portal\/index.php?rest_route=\/wp\/v2\/media\/12600"}],"wp:attachment":[{"href":"https:\/\/aconteceunovale.com.br\/portal\/index.php?rest_route=%2Fwp%2Fv2%2Fmedia&parent=12599"}],"wp:term":[{"taxonomy":"category","embeddable":true,"href":"https:\/\/aconteceunovale.com.br\/portal\/index.php?rest_route=%2Fwp%2Fv2%2Fcategories&post=12599"},{"taxonomy":"post_tag","embeddable":true,"href":"https:\/\/aconteceunovale.com.br\/portal\/index.php?rest_route=%2Fwp%2Fv2%2Ftags&post=12599"}],"curies":[{"name":"wp","href":"https:\/\/api.w.org\/{rel}","templated":true}]}}