{"id":12595,"date":"2013-10-23T20:45:34","date_gmt":"2013-10-23T20:45:34","guid":{"rendered":"http:\/\/aconteceunovale.com.br\/portal\/?p=12595"},"modified":"2013-10-23T20:45:28","modified_gmt":"2013-10-23T20:45:28","slug":"governo-de-minas-entrega-311-veiculos-para-reforcar-a-seguranca-publica-em-todo-o-estado","status":"publish","type":"post","link":"https:\/\/aconteceunovale.com.br\/portal\/?p=12595","title":{"rendered":"Governo de Minas entrega 311 ve\u00edculos para refor\u00e7ar a seguran\u00e7a p\u00fablica em todo o Estado"},"content":{"rendered":"<p>Com investimentos de R$ 15,6 milh\u00f5es, o governador Antonio Anastasia entregou, nesta ter\u00e7a-feira (22), em solenidade na Cidade Administrativa, em Belo Horizonte, 266 novas viaturas para a Pol\u00edcia Militar, que ir\u00e3o beneficiar diretamente 64 munic\u00edpios de todo o Estado. Al\u00e9m das viaturas, foram entregues 15 bases comunit\u00e1rias m\u00f3veis \u2013 modelo van Ducato \u2013, 30 motos, 100 etil\u00f4metros, os chamados baf\u00f4metros, 15 notebooks e outros equipamentos que ir\u00e3o refor\u00e7ar a Campanha \u201cSou pela Vida, Dirijo sem Bebida\u201d, em Belo Horizonte e em outros 12 munic\u00edpios do interior.<\/p>\n<p>O Governo de Minas investiu R$ 12 milh\u00f5es na aquisi\u00e7\u00e3o de 266 viaturas para a Pol\u00edcia Militar. S\u00e3o 198 ve\u00edculos modelo Palio Weekend Adventure com cela; 14 Dobl\u00f4s para potencializar o Servi\u00e7o de Preven\u00e7\u00e3o e Qualidade na Corregedoria da Pol\u00edcia Militar; e 54 motocicletas tipo Yamaha Lander 250 cilindradas para apoio ao trabalho de preven\u00e7\u00e3o e repress\u00e3o \u00e0 criminalidade. \u201cPor parte do Poder Executivo h\u00e1 um esfor\u00e7o, de fato, de instrumentalizar a a\u00e7\u00e3o da pol\u00edcia, atrav\u00e9s dos ve\u00edculos, de equipamentos, notebooks, utilizando-se aquilo tamb\u00e9m que a tecnologia permite para reduzir os indicadores de viol\u00eancia. Ali\u00e1s, o vice-governador Alberto Pinto Coelho e eu temos uma verdadeira obsess\u00e3o por essa redu\u00e7\u00e3o\u201d, afirmou Anastasia.<\/p>\n<p>O governador destacou que os equipamentos ser\u00e3o importantes para a atua\u00e7\u00e3o dos \u00f3rg\u00e3os de seguran\u00e7a p\u00fablica do Estado e se alinhar\u00e3o ao trabalho de intelig\u00eancia que a Pol\u00edcia Militar vem realizando cada vez com mais afinco, integrados com as demais institui\u00e7\u00f5es de Defesa Social do Estado. \u201cSabemos bem que, al\u00e9m dos equipamentos de ordem material, vamos ter um trabalho de intelig\u00eancia, integrado como j\u00e1 ocorre no Sistema de Defesa Social, para diminuir a criminalidade que, lamentavelmente, existe entre n\u00f3s, n\u00e3o s\u00f3 em Minas, mas em todo o Brasil. A grande sorte que temos \u00e9 a qualidade das nossas institui\u00e7\u00f5es de seguran\u00e7a p\u00fablica, tanto a Pol\u00edcia Militar como a Pol\u00edcia Civil, Corpo de Bombeiros e Sistema Penitenci\u00e1rio, que t\u00eam, atrav\u00e9s dos seus integrantes, uma qualidade superior e que permite, de fato, a apresenta\u00e7\u00e3o de resultados bastante expressivos\u201d, ressaltou.<\/p>\n<p>O comandante-geral da Pol\u00edcia Militar de Minas Gerais, coronel M\u00e1rcio Martins Sant&#8217;Ana, destacou o trabalho de integra\u00e7\u00e3o que tem sido realizado e afirmou que as novas entregas v\u00e3o ajudar ainda mais no trabalho desempenhado por toda corpora\u00e7\u00e3o. \u201cCiente da import\u00e2ncia dos impactos da Seguran\u00e7a P\u00fablica para a qualidade de vida, o Governo do Estado est\u00e1 implementando projetos estruturadores de suporte \u00e0 seguran\u00e7a em todo o territ\u00f3rio mineiro. A revitaliza\u00e7\u00e3o da frota da Pol\u00edcia Militar \u00e9 uma fase importante desse processo. Diversas viaturas policiais j\u00e1 foram entregues \u00e0 institui\u00e7\u00e3o para distribui\u00e7\u00e3o a unidades da capital e do interior, ampliando a capacidade de respostas efetivas e de produ\u00e7\u00e3o de resultados\u201d, afirmou.<\/p>\n<p>As novas viaturas se juntam a outros 431 novos ve\u00edculos entregues em agosto \u00faltimo para a Pol\u00edcia Militar, para os quais foram investidos R$ 25,5 milh\u00f5es. Somente este ano, 1.092 novos ve\u00edculos foram entregues ao Sistema de Defesa Social, incluindo as entregas desta ter\u00e7a. Investimentos, que, segundo o secret\u00e1rio de Defesa Social de Minas, R\u00f4mulo Ferraz, t\u00eam aumento nos \u00faltimos tempos e visam colaborar para a diminui\u00e7\u00e3o dos n\u00edveis de inseguran\u00e7a em todo o Estado.<\/p>\n<p>\u201cMinhas palavras s\u00e3o de agradecimento especialmente ao governador Antonio Anastasia que est\u00e1 \u00e0 frente desse processo de gest\u00e3o. Nos \u00faltimos meses come\u00e7amos a receber um volume muito expressivo de recursos e de investimentos atrav\u00e9s das mais diversas entregas de equipamentos, viaturas, in\u00edcio de obras muito importantes para todo o sistema, para a Secretaria de Defesa Social, Sistema Prisional, Sistema Socioeducativo, Pol\u00edcias Civil e Militar e Corpo de Bombeiros. Hoje, aqui, damos sequ\u00eancia a essas entregas\u201d, destacou o secret\u00e1rio.<\/p>\n<p>At\u00e9 meados de 2014, mais 830 viaturas e 480 motos ser\u00e3o entregues \u00e0 Pol\u00edcia Militar. O valor do investimento ser\u00e1 de R$ 66,7 milh\u00f5es. Das viaturas que ser\u00e3o adquiridas, 458 ser\u00e3o para renova\u00e7\u00e3o da frota dos munic\u00edpios menos populosos, 102 para reestrutura\u00e7\u00e3o do Grupo Especializado de Policiamento em \u00c1reas de Risco (Gepar) e 166 para Patrulha Rural. Al\u00e9m disso, ser\u00e3o entregues mais armas e equipamentos.<\/p>\n<p><strong>Fortalecimento da Lei Seca<\/strong><\/p>\n<p>O Governo de Minas investiu R$ 3,6 milh\u00f5es para aquisi\u00e7\u00e3o dos ve\u00edculos e equipamentos, que trar\u00e3o a identidade visual da campanha \u201cSou pela Vida, Dirijo sem Bebida\u201d. Entre os equipamentos est\u00e3o impressoras para boletins instant\u00e2neos, cerca de 150 mil bocais descart\u00e1veis, cavaletes de sinaliza\u00e7\u00e3o e cones. A previs\u00e3o \u00e9 que todos os munic\u00edpios contemplados passem a operar a campanha de forma simult\u00e2nea nas pr\u00f3ximas semanas.<\/p>\n<p>Al\u00e9m de Belo Horizonte, os equipamentos refor\u00e7ar\u00e3o a campanha em Juiz de Fora, Uberl\u00e2ndia, Governador Valadares, Montes Claros, Ipatinga, Contagem, Betim, Po\u00e7os de Caldas, Pouso Alegre, Uberaba, Divin\u00f3polis e Lavras. Cada munic\u00edpio ir\u00e1 receber um ve\u00edculo base comunit\u00e1ria, duas motos e um notebook. Belo Horizonte receber\u00e1 tr\u00eas bases, seis motos e tr\u00eas notebooks. A expectativa \u00e9 que com a expans\u00e3o das a\u00e7\u00f5es da Lei Seca para o interior, haja redu\u00e7\u00e3o de acidentes e v\u00edtimas do tr\u00e2nsito em todo o Estado. Em Belo Horizonte, onde a campanha come\u00e7ou em julho de 2011, a redu\u00e7\u00e3o do n\u00famero de v\u00edtimas de acidentes j\u00e1 chega a quase 30%.<\/p>\n<p>\u201cSabemos que, lamentavelmente, a bebida \u00e9 um ingrediente que acaba levando de fato a um n\u00famero maior de acidentes. Com esse programa j\u00e1 em curso h\u00e1 mais tempo e de acordo com os dados que o secret\u00e1rio R\u00f4mulo aqui apresenta, j\u00e1 temos uma redu\u00e7\u00e3o de 30%. Mas ainda n\u00e3o estamos satisfeitos e temos que reduzir ainda mais. Tenho certeza que o trabalho preventivo realizado pela nossa Pol\u00edcia Militar, o acompanhamento das quest\u00f5es formais pela Pol\u00edcia Civil, o acompanhamento pelo Corpo de Bombeiros com a sua especialidade, certamente permitir\u00e3o, juntamente com as prefeituras, nessa a\u00e7\u00e3o integrada, uma redu\u00e7\u00e3o ainda maior desse n\u00famero\u201d, afirmou o governador, ressaltando ainda a parceria com as guardas civis municipais e a Pol\u00edcia Rodovi\u00e1ria.<\/p>\n<p>Entre 14 de julho de 2011 e 20 de outubro de 2013, a campanha &#8220;Sou pela Vida, Dirijo sem Bebida&#8221; abordou 89.653 ve\u00edculos. Do total de abordagens, 1.147 foram consideradas crimes de tr\u00e2nsito (condutores com n\u00edvel de \u00e1lcool no sangue acima de 0,34 mg\/l) e 2.738 infra\u00e7\u00f5es de tr\u00e2nsito (condutores com \u00edndice de \u00e1lcool no sangue entre 0,05 e 0,33 mg\/l). Al\u00e9m do vice-governador Alberto Pinto Coelho, estiveram presentes na cerim\u00f4nia, secret\u00e1rios de Estado, representantes da Pol\u00edcia Militar, da Pol\u00edcia Civil e do Corpo de Bombeiros e parlamentares.<\/p>\n<p><a href=\"http:\/\/www.agenciaminas.mg.gov.br\/media\/uploads\/2013\/10\/22\/viaturas.pdf\">Clique aqui e veja a rela\u00e7\u00e3o de munic\u00edpios beneficiados com a distribui\u00e7\u00e3o de viaturas para a Pol\u00edcia Militar (arquivo PDF)<\/a>.<\/p>\n<p>Fonte: Ag\u00eancia Minas<\/p>\n","protected":false},"excerpt":{"rendered":"<p>Com investimentos de R$ 15,6 milh\u00f5es, o governador Antonio Anastasia entregou, nesta ter\u00e7a-feira (22), em solenidade na Cidade Administrativa, em Belo Horizonte, 266 novas viaturas para a Pol\u00edcia Militar, que ir\u00e3o beneficiar diretamente 64 munic\u00edpios de todo o Estado. Al\u00e9m das viaturas, foram entregues 15 bases comunit\u00e1rias m\u00f3veis \u2013 modelo van Ducato \u2013, 30 motos, [&hellip;]<\/p>\n","protected":false},"author":1,"featured_media":12597,"comment_status":"open","ping_status":"open","sticky":false,"template":"","format":"standard","meta":{"amp_status":"","footnotes":""},"categories":[123],"tags":[451,452],"class_list":["post-12595","post","type-post","status-publish","format-standard","has-post-thumbnail","hentry","category-gerais","tag-governo-de-minas-entrega-311-veiculos-para-reforcar-a-seguranca-publica-em-todo-o-estado","tag-novas-viaturas"],"_links":{"self":[{"href":"https:\/\/aconteceunovale.com.br\/portal\/index.php?rest_route=\/wp\/v2\/posts\/12595","targetHints":{"allow":["GET"]}}],"collection":[{"href":"https:\/\/aconteceunovale.com.br\/portal\/index.php?rest_route=\/wp\/v2\/posts"}],"about":[{"href":"https:\/\/aconteceunovale.com.br\/portal\/index.php?rest_route=\/wp\/v2\/types\/post"}],"author":[{"embeddable":true,"href":"https:\/\/aconteceunovale.com.br\/portal\/index.php?rest_route=\/wp\/v2\/users\/1"}],"replies":[{"embeddable":true,"href":"https:\/\/aconteceunovale.com.br\/portal\/index.php?rest_route=%2Fwp%2Fv2%2Fcomments&post=12595"}],"version-history":[{"count":0,"href":"https:\/\/aconteceunovale.com.br\/portal\/index.php?rest_route=\/wp\/v2\/posts\/12595\/revisions"}],"wp:featuredmedia":[{"embeddable":true,"href":"https:\/\/aconteceunovale.com.br\/portal\/index.php?rest_route=\/wp\/v2\/media\/12597"}],"wp:attachment":[{"href":"https:\/\/aconteceunovale.com.br\/portal\/index.php?rest_route=%2Fwp%2Fv2%2Fmedia&parent=12595"}],"wp:term":[{"taxonomy":"category","embeddable":true,"href":"https:\/\/aconteceunovale.com.br\/portal\/index.php?rest_route=%2Fwp%2Fv2%2Fcategories&post=12595"},{"taxonomy":"post_tag","embeddable":true,"href":"https:\/\/aconteceunovale.com.br\/portal\/index.php?rest_route=%2Fwp%2Fv2%2Ftags&post=12595"}],"curies":[{"name":"wp","href":"https:\/\/api.w.org\/{rel}","templated":true}]}}