{"id":125949,"date":"2018-01-08T00:23:42","date_gmt":"2018-01-08T02:23:42","guid":{"rendered":"http:\/\/aconteceunovale.com.br\/portal\/?p=125949"},"modified":"2026-09-02T12:50:19","modified_gmt":"2026-09-02T15:50:19","slug":"unidade-do-corpo-de-bombeiros-em-diamantina-da-mais-um-passo-para-se-tornar-companhia-independente","status":"publish","type":"post","link":"https:\/\/aconteceunovale.com.br\/portal\/?p=125949","title":{"rendered":"Unidade do Corpo de Bombeiros em Diamantina d\u00e1 mais um passo para se tornar Companhia Independente"},"content":{"rendered":"<p>O Comandante-Geral do Corpo de Bombeiros Militar de Minas Gerais (CBMMG), Coronel Cl\u00e1udio Roberto de Souza, esteve em Diamantina, Territ\u00f3rio Alto Jequitinhonha, na tarde do dia 28 de dezembro de 2017, para a assinatura do Protocolo de Inten\u00e7\u00f5es para a eleva\u00e7\u00e3o da Companhia de Bombeiros Militar do munic\u00edpio \u00e0 Companhia Independente.<\/p>\n<p>A solenidade contou com a presen\u00e7a do secret\u00e1rio de Estado de Cidades e Integra\u00e7\u00e3o Regional, Carlos Murta; do prefeito de Diamantina, Juscelino Brasiliano Roque; e do Comandante do S\u00e9timo Batalh\u00e3o de Bombeiros Militar (7\u00ba BBM) e que responde pelo comando do Quarto Comando Operacional de Bombeiros (4\u00ba COB), Tenente-coronel Waldeci Gouveia Rodrigues.<\/p>\n<p><img decoding=\"async\" src=\"http:\/\/aconteceunovale.com.br\/portal\/wp-content\/uploads\/2018\/01\/bombeiros_dtna.jpg\" alt=\"\" \/><br \/>\n<\/br><\/p>\n<h4>Corpo de Bombeiros em Diamantina<\/h4>\n<p>A instala\u00e7\u00e3o do Corpo de Bombeiros Militar em Diamantina ocorreu em 11 de fevereiro de 1984 como Pelot\u00e3o, sendo elevado \u00e0 Companhia em primeiro de junho de 2015.<\/p>\n<p>A eleva\u00e7\u00e3o \u00e0 Companhia Independente de Bombeiros Militar aumentar\u00e1 a capacidade de atendimento \u00e0s ocorr\u00eancias de inc\u00eandios, atendimento pr\u00e9-hospitalar e salvamentos. Na \u00e1rea de preven\u00e7\u00e3o, a Companhia Independente ampliar\u00e1 os servi\u00e7os de vistoria e libera\u00e7\u00e3o e an\u00e1lise de projetos, dando celeridade aos processos de libera\u00e7\u00e3o com maior suporte para a popula\u00e7\u00e3o de Diamantina e regi\u00e3o.<\/p>\n<p><strong>VER PRIMEIRO<\/strong><\/p>\n<p>Receba as not\u00edcias do Aconteceu no Vale em primeira m\u00e3o. Clique em curtir no endere\u00e7o <a href=\"https:\/\/www.facebook.com\/aconteceunovale\" target=\"_blank\"><font color=\"red\">www.facebook.com\/aconteceunovale<\/font><\/a> ou no box abaixo:<\/p>\n<div class=\"fb-like\" data-href=\"https:\/\/www.facebook.com\/aconteceunovale\" data-width=\"120\" data-layout=\"standard\" data-action=\"like\" data-size=\"small\" data-show-faces=\"true\" data-share=\"true\"><\/div>\n<p><\/br><\/p>\n<p><em>(Fonte: CBMMG)<\/em><\/p>\n","protected":false},"excerpt":{"rendered":"<p>O Comandante-Geral do Corpo de Bombeiros Militar de Minas Gerais (CBMMG), Coronel Cl\u00e1udio Roberto de Souza, esteve em Diamantina, Territ\u00f3rio Alto Jequitinhonha, na tarde do dia 28 de dezembro de 2017, para a assinatura do Protocolo de Inten\u00e7\u00f5es para a eleva\u00e7\u00e3o da Companhia de Bombeiros Militar do munic\u00edpio \u00e0 Companhia Independente. A solenidade contou com [&hellip;]<\/p>\n","protected":false},"author":1,"featured_media":125950,"comment_status":"open","ping_status":"closed","sticky":false,"template":"","format":"standard","meta":{"amp_status":"","footnotes":""},"categories":[272543,120],"tags":[166794,29660,166793,166791,166792,166796,29659,198,134802,42865,148774,166795,166797],"class_list":["post-125949","post","type-post","status-publish","format-standard","has-post-thumbnail","hentry","category-diamantina","category-jequi","tag-carlos-murta","tag-cbmmg","tag-claudio-roberto-de-souza","tag-comandante-geral-do-corpo-de-bombeiros-militar-de-minas-gerais","tag-coronel-claudio-roberto-de-souza","tag-corpo-de-bombeiros-em-diamantina","tag-corpo-de-bombeiros-militar-de-minas-gerais","tag-diamantina","tag-juscelino-brasiliano-roque","tag-prefeito-de-diamantina","tag-secretario-de-estado-de-cidades-e-integracao-regional","tag-tenente-coronel-waldeci-gouveia-rodrigues","tag-unidade-do-corpo-de-bombeiros-em-diamantina-da-mais-um-passo-para-se-tornar-companhia-independente"],"yoast_head":"<!-- This site is optimized with the Yoast SEO plugin v28.3 - https:\/\/yoast.com\/product\/yoast-seo-wordpress\/ -->\n<title>Unidade do Corpo de Bombeiros em Diamantina d\u00e1 mais um passo para se tornar Companhia Independente - Aconteceu no Vale<\/title>\n<meta name=\"robots\" content=\"index, follow, max-snippet:-1, max-image-preview:large, max-video-preview:-1\" \/>\n<link rel=\"canonical\" href=\"https:\/\/aconteceunovale.com.br\/portal\/?p=125949\" \/>\n<meta property=\"og:locale\" content=\"pt_BR\" \/>\n<meta property=\"og:type\" content=\"article\" \/>\n<meta property=\"og:title\" content=\"Unidade do Corpo de Bombeiros em Diamantina d\u00e1 mais um passo para se tornar Companhia Independente - Aconteceu no Vale\" \/>\n<meta property=\"og:description\" content=\"O Comandante-Geral do Corpo de Bombeiros Militar de Minas Gerais (CBMMG), Coronel Cl\u00e1udio Roberto de Souza, esteve em Diamantina, Territ\u00f3rio Alto Jequitinhonha, na tarde do dia 28 de dezembro de 2017, para a assinatura do Protocolo de Inten\u00e7\u00f5es para a eleva\u00e7\u00e3o da Companhia de Bombeiros Militar do munic\u00edpio \u00e0 Companhia Independente. A solenidade contou com [&hellip;]\" \/>\n<meta property=\"og:url\" content=\"https:\/\/aconteceunovale.com.br\/portal\/?p=125949\" \/>\n<meta property=\"og:site_name\" content=\"Aconteceu no Vale\" \/>\n<meta property=\"article:publisher\" content=\"https:\/\/www.facebook.com\/aconteceunovale\/\" \/>\n<meta property=\"article:published_time\" content=\"2018-01-08T02:23:42+00:00\" \/>\n<meta property=\"article:modified_time\" content=\"2026-09-02T15:50:19+00:00\" \/>\n<meta property=\"og:image\" content=\"https:\/\/aconteceunovale.com.br\/portal\/wp-content\/uploads\/2018\/01\/bombeiros_dtna.jpg\" \/>\n\t<meta property=\"og:image:width\" content=\"648\" \/>\n\t<meta property=\"og:image:height\" content=\"396\" \/>\n\t<meta property=\"og:image:type\" content=\"image\/jpeg\" \/>\n<meta name=\"author\" content=\"Aconteceu no Vale\" \/>\n<meta name=\"twitter:card\" content=\"summary_large_image\" \/>\n<meta name=\"twitter:creator\" content=\"@noticiadosvales\" \/>\n<meta name=\"twitter:site\" content=\"@noticiadosvales\" \/>\n<meta name=\"twitter:label1\" content=\"Escrito por\" \/>\n\t<meta name=\"twitter:data1\" content=\"Aconteceu no Vale\" \/>\n\t<meta name=\"twitter:label2\" content=\"Est. tempo de leitura\" \/>\n\t<meta name=\"twitter:data2\" content=\"1 minuto\" \/>\n<script type=\"application\/ld+json\" class=\"yoast-schema-graph\">{\"@context\":\"https:\\\/\\\/schema.org\",\"@graph\":[{\"@type\":\"Article\",\"@id\":\"https:\\\/\\\/aconteceunovale.com.br\\\/portal\\\/?p=125949#article\",\"isPartOf\":{\"@id\":\"https:\\\/\\\/aconteceunovale.com.br\\\/portal\\\/?p=125949\"},\"author\":{\"name\":\"Aconteceu no Vale\",\"@id\":\"https:\\\/\\\/aconteceunovale.com.br\\\/portal\\\/#\\\/schema\\\/person\\\/633529146f2c94272bef50ac2953d589\"},\"headline\":\"Unidade do Corpo de Bombeiros em Diamantina d\u00e1 mais um passo para se tornar Companhia Independente\",\"datePublished\":\"2018-01-08T02:23:42+00:00\",\"dateModified\":\"2026-09-02T15:50:19+00:00\",\"mainEntityOfPage\":{\"@id\":\"https:\\\/\\\/aconteceunovale.com.br\\\/portal\\\/?p=125949\"},\"wordCount\":250,\"commentCount\":0,\"image\":{\"@id\":\"https:\\\/\\\/aconteceunovale.com.br\\\/portal\\\/?p=125949#primaryimage\"},\"thumbnailUrl\":\"https:\\\/\\\/aconteceunovale.com.br\\\/portal\\\/wp-content\\\/uploads\\\/2018\\\/01\\\/bombeiros_dtna.jpg\",\"keywords\":[\"Carlos Murta\",\"CBMMG\",\"Cl\u00e1udio Roberto de Souza\",\"Comandante-Geral do Corpo de Bombeiros Militar de Minas Gerais\",\"Coronel Cl\u00e1udio Roberto de Souza\",\"Corpo de Bombeiros em Diamantina\",\"Corpo de Bombeiros Militar de Minas Gerais\",\"Diamantina\",\"Juscelino Brasiliano Roque\",\"Prefeito de Diamantina\",\"Secret\u00e1rio de Estado de Cidades e Integra\u00e7\u00e3o Regional\",\"Tenente-coronel Waldeci Gouveia Rodrigues\",\"Unidade do Corpo de Bombeiros em Diamantina d\u00e1 mais um passo para se tornar Companhia Independente\"],\"articleSection\":[\"Diamantina\",\"Vale do Jequitinhonha\"],\"inLanguage\":\"pt-BR\",\"potentialAction\":[{\"@type\":\"CommentAction\",\"name\":\"Comment\",\"target\":[\"https:\\\/\\\/aconteceunovale.com.br\\\/portal\\\/?p=125949#respond\"]}]},{\"@type\":\"WebPage\",\"@id\":\"https:\\\/\\\/aconteceunovale.com.br\\\/portal\\\/?p=125949\",\"url\":\"https:\\\/\\\/aconteceunovale.com.br\\\/portal\\\/?p=125949\",\"name\":\"Unidade do Corpo de Bombeiros em Diamantina d\u00e1 mais um passo para se tornar Companhia Independente - Aconteceu no Vale\",\"isPartOf\":{\"@id\":\"https:\\\/\\\/aconteceunovale.com.br\\\/portal\\\/#website\"},\"primaryImageOfPage\":{\"@id\":\"https:\\\/\\\/aconteceunovale.com.br\\\/portal\\\/?p=125949#primaryimage\"},\"image\":{\"@id\":\"https:\\\/\\\/aconteceunovale.com.br\\\/portal\\\/?p=125949#primaryimage\"},\"thumbnailUrl\":\"https:\\\/\\\/aconteceunovale.com.br\\\/portal\\\/wp-content\\\/uploads\\\/2018\\\/01\\\/bombeiros_dtna.jpg\",\"datePublished\":\"2018-01-08T02:23:42+00:00\",\"dateModified\":\"2026-09-02T15:50:19+00:00\",\"author\":{\"@id\":\"https:\\\/\\\/aconteceunovale.com.br\\\/portal\\\/#\\\/schema\\\/person\\\/633529146f2c94272bef50ac2953d589\"},\"breadcrumb\":{\"@id\":\"https:\\\/\\\/aconteceunovale.com.br\\\/portal\\\/?p=125949#breadcrumb\"},\"inLanguage\":\"pt-BR\",\"potentialAction\":[{\"@type\":\"ReadAction\",\"target\":[\"https:\\\/\\\/aconteceunovale.com.br\\\/portal\\\/?p=125949\"]}]},{\"@type\":\"ImageObject\",\"inLanguage\":\"pt-BR\",\"@id\":\"https:\\\/\\\/aconteceunovale.com.br\\\/portal\\\/?p=125949#primaryimage\",\"url\":\"https:\\\/\\\/aconteceunovale.com.br\\\/portal\\\/wp-content\\\/uploads\\\/2018\\\/01\\\/bombeiros_dtna.jpg\",\"contentUrl\":\"https:\\\/\\\/aconteceunovale.com.br\\\/portal\\\/wp-content\\\/uploads\\\/2018\\\/01\\\/bombeiros_dtna.jpg\",\"width\":648,\"height\":396},{\"@type\":\"BreadcrumbList\",\"@id\":\"https:\\\/\\\/aconteceunovale.com.br\\\/portal\\\/?p=125949#breadcrumb\",\"itemListElement\":[{\"@type\":\"ListItem\",\"position\":1,\"name\":\"In\u00edcio\",\"item\":\"https:\\\/\\\/aconteceunovale.com.br\\\/portal\\\/\"},{\"@type\":\"ListItem\",\"position\":2,\"name\":\"Unidade do Corpo de Bombeiros em Diamantina d\u00e1 mais um passo para se tornar Companhia Independente\"}]},{\"@type\":\"WebSite\",\"@id\":\"https:\\\/\\\/aconteceunovale.com.br\\\/portal\\\/#website\",\"url\":\"https:\\\/\\\/aconteceunovale.com.br\\\/portal\\\/\",\"name\":\"Aconteceu no Vale\",\"description\":\"Portal de Not\u00edcias\",\"potentialAction\":[{\"@type\":\"SearchAction\",\"target\":{\"@type\":\"EntryPoint\",\"urlTemplate\":\"https:\\\/\\\/aconteceunovale.com.br\\\/portal\\\/?s={search_term_string}\"},\"query-input\":{\"@type\":\"PropertyValueSpecification\",\"valueRequired\":true,\"valueName\":\"search_term_string\"}}],\"inLanguage\":\"pt-BR\"},{\"@type\":\"Person\",\"@id\":\"https:\\\/\\\/aconteceunovale.com.br\\\/portal\\\/#\\\/schema\\\/person\\\/633529146f2c94272bef50ac2953d589\",\"name\":\"Aconteceu no Vale\",\"description\":\"Equipe de reportagem do Aconteceu no Vale, portal de not\u00edcias do Vale do Jequitinhonha, em Minas Gerais. Cobrimos as 51 cidades do Vale desde 2013. Sugest\u00f5es de pauta e pedidos de corre\u00e7\u00e3o: contato@aconteceunovale.com.br\",\"sameAs\":[\"http:\\\/\\\/www.aconteceunovale.com.br\"],\"url\":\"https:\\\/\\\/aconteceunovale.com.br\\\/portal\\\/?author=1\"}]}<\/script>\n<!-- \/ Yoast SEO plugin. -->","yoast_head_json":{"title":"Unidade do Corpo de Bombeiros em Diamantina d\u00e1 mais um passo para se tornar Companhia Independente - Aconteceu no Vale","robots":{"index":"index","follow":"follow","max-snippet":"max-snippet:-1","max-image-preview":"max-image-preview:large","max-video-preview":"max-video-preview:-1"},"canonical":"https:\/\/aconteceunovale.com.br\/portal\/?p=125949","og_locale":"pt_BR","og_type":"article","og_title":"Unidade do Corpo de Bombeiros em Diamantina d\u00e1 mais um passo para se tornar Companhia Independente - Aconteceu no Vale","og_description":"O Comandante-Geral do Corpo de Bombeiros Militar de Minas Gerais (CBMMG), Coronel Cl\u00e1udio Roberto de Souza, esteve em Diamantina, Territ\u00f3rio Alto Jequitinhonha, na tarde do dia 28 de dezembro de 2017, para a assinatura do Protocolo de Inten\u00e7\u00f5es para a eleva\u00e7\u00e3o da Companhia de Bombeiros Militar do munic\u00edpio \u00e0 Companhia Independente. A solenidade contou com [&hellip;]","og_url":"https:\/\/aconteceunovale.com.br\/portal\/?p=125949","og_site_name":"Aconteceu no Vale","article_publisher":"https:\/\/www.facebook.com\/aconteceunovale\/","article_published_time":"2018-01-08T02:23:42+00:00","article_modified_time":"2026-09-02T15:50:19+00:00","og_image":[{"width":648,"height":396,"url":"https:\/\/aconteceunovale.com.br\/portal\/wp-content\/uploads\/2018\/01\/bombeiros_dtna.jpg","type":"image\/jpeg"}],"author":"Aconteceu no Vale","twitter_card":"summary_large_image","twitter_creator":"@noticiadosvales","twitter_site":"@noticiadosvales","twitter_misc":{"Escrito por":"Aconteceu no Vale","Est. tempo de leitura":"1 minuto"},"schema":{"@context":"https:\/\/schema.org","@graph":[{"@type":"Article","@id":"https:\/\/aconteceunovale.com.br\/portal\/?p=125949#article","isPartOf":{"@id":"https:\/\/aconteceunovale.com.br\/portal\/?p=125949"},"author":{"name":"Aconteceu no Vale","@id":"https:\/\/aconteceunovale.com.br\/portal\/#\/schema\/person\/633529146f2c94272bef50ac2953d589"},"headline":"Unidade do Corpo de Bombeiros em Diamantina d\u00e1 mais um passo para se tornar Companhia Independente","datePublished":"2018-01-08T02:23:42+00:00","dateModified":"2026-09-02T15:50:19+00:00","mainEntityOfPage":{"@id":"https:\/\/aconteceunovale.com.br\/portal\/?p=125949"},"wordCount":250,"commentCount":0,"image":{"@id":"https:\/\/aconteceunovale.com.br\/portal\/?p=125949#primaryimage"},"thumbnailUrl":"https:\/\/aconteceunovale.com.br\/portal\/wp-content\/uploads\/2018\/01\/bombeiros_dtna.jpg","keywords":["Carlos Murta","CBMMG","Cl\u00e1udio Roberto de Souza","Comandante-Geral do Corpo de Bombeiros Militar de Minas Gerais","Coronel Cl\u00e1udio Roberto de Souza","Corpo de Bombeiros em Diamantina","Corpo de Bombeiros Militar de Minas Gerais","Diamantina","Juscelino Brasiliano Roque","Prefeito de Diamantina","Secret\u00e1rio de Estado de Cidades e Integra\u00e7\u00e3o Regional","Tenente-coronel Waldeci Gouveia Rodrigues","Unidade do Corpo de Bombeiros em Diamantina d\u00e1 mais um passo para se tornar Companhia Independente"],"articleSection":["Diamantina","Vale do Jequitinhonha"],"inLanguage":"pt-BR","potentialAction":[{"@type":"CommentAction","name":"Comment","target":["https:\/\/aconteceunovale.com.br\/portal\/?p=125949#respond"]}]},{"@type":"WebPage","@id":"https:\/\/aconteceunovale.com.br\/portal\/?p=125949","url":"https:\/\/aconteceunovale.com.br\/portal\/?p=125949","name":"Unidade do Corpo de Bombeiros em Diamantina d\u00e1 mais um passo para se tornar Companhia Independente - Aconteceu no Vale","isPartOf":{"@id":"https:\/\/aconteceunovale.com.br\/portal\/#website"},"primaryImageOfPage":{"@id":"https:\/\/aconteceunovale.com.br\/portal\/?p=125949#primaryimage"},"image":{"@id":"https:\/\/aconteceunovale.com.br\/portal\/?p=125949#primaryimage"},"thumbnailUrl":"https:\/\/aconteceunovale.com.br\/portal\/wp-content\/uploads\/2018\/01\/bombeiros_dtna.jpg","datePublished":"2018-01-08T02:23:42+00:00","dateModified":"2026-09-02T15:50:19+00:00","author":{"@id":"https:\/\/aconteceunovale.com.br\/portal\/#\/schema\/person\/633529146f2c94272bef50ac2953d589"},"breadcrumb":{"@id":"https:\/\/aconteceunovale.com.br\/portal\/?p=125949#breadcrumb"},"inLanguage":"pt-BR","potentialAction":[{"@type":"ReadAction","target":["https:\/\/aconteceunovale.com.br\/portal\/?p=125949"]}]},{"@type":"ImageObject","inLanguage":"pt-BR","@id":"https:\/\/aconteceunovale.com.br\/portal\/?p=125949#primaryimage","url":"https:\/\/aconteceunovale.com.br\/portal\/wp-content\/uploads\/2018\/01\/bombeiros_dtna.jpg","contentUrl":"https:\/\/aconteceunovale.com.br\/portal\/wp-content\/uploads\/2018\/01\/bombeiros_dtna.jpg","width":648,"height":396},{"@type":"BreadcrumbList","@id":"https:\/\/aconteceunovale.com.br\/portal\/?p=125949#breadcrumb","itemListElement":[{"@type":"ListItem","position":1,"name":"In\u00edcio","item":"https:\/\/aconteceunovale.com.br\/portal\/"},{"@type":"ListItem","position":2,"name":"Unidade do Corpo de Bombeiros em Diamantina d\u00e1 mais um passo para se tornar Companhia Independente"}]},{"@type":"WebSite","@id":"https:\/\/aconteceunovale.com.br\/portal\/#website","url":"https:\/\/aconteceunovale.com.br\/portal\/","name":"Aconteceu no Vale","description":"Portal de Not\u00edcias","potentialAction":[{"@type":"SearchAction","target":{"@type":"EntryPoint","urlTemplate":"https:\/\/aconteceunovale.com.br\/portal\/?s={search_term_string}"},"query-input":{"@type":"PropertyValueSpecification","valueRequired":true,"valueName":"search_term_string"}}],"inLanguage":"pt-BR"},{"@type":"Person","@id":"https:\/\/aconteceunovale.com.br\/portal\/#\/schema\/person\/633529146f2c94272bef50ac2953d589","name":"Aconteceu no Vale","description":"Equipe de reportagem do Aconteceu no Vale, portal de not\u00edcias do Vale do Jequitinhonha, em Minas Gerais. Cobrimos as 51 cidades do Vale desde 2013. Sugest\u00f5es de pauta e pedidos de corre\u00e7\u00e3o: contato@aconteceunovale.com.br","sameAs":["http:\/\/www.aconteceunovale.com.br"],"url":"https:\/\/aconteceunovale.com.br\/portal\/?author=1"}]}},"_links":{"self":[{"href":"https:\/\/aconteceunovale.com.br\/portal\/index.php?rest_route=\/wp\/v2\/posts\/125949","targetHints":{"allow":["GET"]}}],"collection":[{"href":"https:\/\/aconteceunovale.com.br\/portal\/index.php?rest_route=\/wp\/v2\/posts"}],"about":[{"href":"https:\/\/aconteceunovale.com.br\/portal\/index.php?rest_route=\/wp\/v2\/types\/post"}],"author":[{"embeddable":true,"href":"https:\/\/aconteceunovale.com.br\/portal\/index.php?rest_route=\/wp\/v2\/users\/1"}],"replies":[{"embeddable":true,"href":"https:\/\/aconteceunovale.com.br\/portal\/index.php?rest_route=%2Fwp%2Fv2%2Fcomments&post=125949"}],"version-history":[{"count":1,"href":"https:\/\/aconteceunovale.com.br\/portal\/index.php?rest_route=\/wp\/v2\/posts\/125949\/revisions"}],"predecessor-version":[{"id":200344,"href":"https:\/\/aconteceunovale.com.br\/portal\/index.php?rest_route=\/wp\/v2\/posts\/125949\/revisions\/200344"}],"wp:featuredmedia":[{"embeddable":true,"href":"https:\/\/aconteceunovale.com.br\/portal\/index.php?rest_route=\/wp\/v2\/media\/125950"}],"wp:attachment":[{"href":"https:\/\/aconteceunovale.com.br\/portal\/index.php?rest_route=%2Fwp%2Fv2%2Fmedia&parent=125949"}],"wp:term":[{"taxonomy":"category","embeddable":true,"href":"https:\/\/aconteceunovale.com.br\/portal\/index.php?rest_route=%2Fwp%2Fv2%2Fcategories&post=125949"},{"taxonomy":"post_tag","embeddable":true,"href":"https:\/\/aconteceunovale.com.br\/portal\/index.php?rest_route=%2Fwp%2Fv2%2Ftags&post=125949"}],"curies":[{"name":"wp","href":"https:\/\/api.w.org\/{rel}","templated":true}]}}